{"id":76771,"date":"2024-01-31T18:01:21","date_gmt":"2024-02-01T00:01:21","guid":{"rendered":"https:\/\/redsemlac.com\/semmexico\/?p=76771"},"modified":"2024-01-31T18:01:22","modified_gmt":"2024-02-01T00:01:22","slug":"vuelve-monreal-avila-manana-a-la-coordinacion-de-senadores-de-morena-y-presidente-de-la-jucopo","status":"publish","type":"post","link":"https:\/\/redsemlac.com\/semmexico\/vuelve-monreal-avila-manana-a-la-coordinacion-de-senadores-de-morena-y-presidente-de-la-jucopo\/","title":{"rendered":"Vuelve Monreal \u00c1vila ma\u00f1ana a la coordinaci\u00f3n de senadores de Morena y presidente de la Jucopo"},"content":{"rendered":"\n<ul class=\"wp-block-list\">\n<li>El anunci\u00f3 sucede en presencia de la candidata presidencial Claudia Sheinbaum Pardo, quien particip\u00f3 en una reuni\u00f3n senatorial del Senado<\/li>\n<\/ul>\n\n\n\n<p class=\"wp-block-paragraph\">Redacci\u00f3n<\/p>\n\n\n\n<p class=\"wp-block-paragraph\">SemM\u00e9xico, Ciudad de M\u00e9xico, 31 de enero, 2024.- El senador Ricardo Monreal \u00c1vila, luego de una conferencia de prensa en el Senado confirm\u00f3 en sus redes sociales que volver\u00e1 a liderar al grupo parlamentario y a encabezar la Junta de Coordinaci\u00f3n Pol\u00edtica (Jucopo) del Senado a partir de ma\u00f1ana, d\u00eda en el que inicia el periodo ordinario de sesiones de esa c\u00e1mara.<\/p>\n\n\n\n<p class=\"wp-block-paragraph\">El anuncio se hizo en una pl\u00e1tica con periodistas, donde estuvo Claudia Sheinbaum Pardo, quien particip\u00f3 en una reuni\u00f3n senatorial del Senado.<\/p>\n\n\n\n<p class=\"wp-block-paragraph\">Siete meses despu\u00e9s de haber dejado la coordinaci\u00f3n de la bancada de senadores de Morena, el senador Monreal \u00c1vila regresar\u00e1 como l\u00edder del grupo parlamentario para tratar de sacar adelante las \u00faltimas reformas del sexenio.<\/p>\n\n\n\n<p class=\"wp-block-paragraph\"><br>El legislador se reincorpor\u00f3 al Senado el 23 de noviembre tras irse de licencia unos meses (desde el 13 de junio) para realizar giras y competir por el cargo de coordinador de comit\u00e9s de defensa de la cuarta transformaci\u00f3n, la antesala de la candidatura presidencial de Morena.<br>Monreal \u00c1vila confirm\u00f3 que volver\u00e1 a liderar al grupo parlamentario y a encabezar la Junta de Coordinaci\u00f3n Pol\u00edtica (Jucopo) del Senado a partir de ma\u00f1ana, d\u00eda en el que inicia el periodo ordinario de sesiones.<\/p>\n\n\n\n<p class=\"wp-block-paragraph\"><br>Mi agradecimiento a las y los senadores de MORENA que me han otorgado su confianza por segunda ocasi\u00f3n para coordinar al Grupo Parlamentario y presidir la Jucopo. Mi reconocimiento al Sen. @ramirezlalo_ y la Sen. @AnaLiliaRivra, que con talento han conducido su trabajo. pic.twitter.com\/hza9ETLgfl<br>\u2014 Ricardo Monreal A. (@RicardoMonrealA) January 31, 2024<\/p>\n\n\n\n<p class=\"wp-block-paragraph\"><br>Este mi\u00e9rcoles, en la reuni\u00f3n plenaria de senadores de Morena, el actual coordinador de la bancada, Eduardo Ram\u00edrez, quien pedir\u00e1 licencia y dejar\u00e1 la coordinaci\u00f3n para irse como candidato de Morena al gobierno de Chiapas, asegur\u00f3 que hubo un amplio consenso en favor de Monreal para sustituirlo.<br>Sheinbaum lanza cr\u00edticas a la DEA<br>La precandidata presidencial de Morena, Claudia Sheinbaum, critic\u00f3 que \u201cse permita\u201d a la Agencia Antidrogas de Estados Unidos (DEA) divulgar informaci\u00f3n \u2013como la que se dio a conocer la v\u00edspera sobre un presunto financiamiento del crimen organizado a la campa\u00f1a presidencial del 2006\u2013 y consider\u00f3 que eso no puede marcar la relaci\u00f3n bilateral.<br>Este martes, en un reportaje publicado en ProPublica, se inform\u00f3 que testigos protegidos declararon ante la DEA que narcotraficantes presuntamente aportaron dos millones de d\u00f3lares a la primera de campa\u00f1as presidencial de Andr\u00e9s Manuel L\u00f3pez Obrador, la de 2006.<\/p>\n\n\n\n<p class=\"wp-block-paragraph\">.Sheinbaum atribuy\u00f3 la divulgaci\u00f3n de ese reportaje a una \u00abcampa\u00f1a sucia\u00bb que proviene de la oposici\u00f3n en M\u00e9xico y critic\u00f3 a la DEA.<br>\u201cEs importante porque viene de la DEA, decir que en nuestro movimiento siempre vamos a pugnar porque haya una relaci\u00f3n de igualdad con EU, nunca de intervenci\u00f3n y nunca de bajar la cabeza frente a nuestro socio comercial. Tenemos amistad con EU, somos el principal socio comercial y vamos a seguir trabajando en colaboraci\u00f3n y no en un proceso en donde se permita que haya estas noticias por parte de cualquier agencia de Estados Unidos\u201d, se\u00f1al\u00f3.<br>La aspirante a la presidencia se reuni\u00f3 con la bancada de senadores de Morena y en conferencia de prensa fue cuestionada sobre la alerta de magistrados del Tribunal Electoral del Poder Judicial de la Federaci\u00f3n (TEPJF), quienes han se\u00f1alado que hay influencia del narcotr\u00e1fico en las campa\u00f1as electorales.<br>La morenista dijo respetar pero no coincidir con los magistrados: \u201cHay lugares en el pa\u00eds donde inclusive est\u00e1n mapeadas la Secretar\u00eda de Seguridad y Protecci\u00f3n Ciudadana (SSPC) que requieren una atenci\u00f3n especial, pero no es la generalidad del territorio nacional. Van a ser elecciones pac\u00edficas, limpias y de una gran participaci\u00f3n del pueblo de M\u00e9xico\u201d.<br>Blindaje de candidatos<br>Sheinbaum asever\u00f3 que todos los aspirantes a una candidatura de Morena antes de participar en las encuestas de su partido para buscar un puesto de elecci\u00f3n popular son investigados con la Fiscal\u00eda General de la Rep\u00fablica (FGR) para verificar que no haya v\u00ednculos indebidos.<br>\u201cNosotros no tenemos ning\u00fan problema de influencia del narcotr\u00e1fico, del dinero del narcotr\u00e1fico en nuestras campa\u00f1as\u00bb, dijo por su parte el l\u00edder nacional de Morena, Mario Delgado.<br>\u201cSon los de enfrente los que tienen clara complicidad o han tenido complicidad con el narcotr\u00e1fico, el Partido Acci\u00f3n Nacional (PAN), cuando gobern\u00f3. Ahora todos lo sabemos, quien dirig\u00eda el aparato de seguridad (Genaro Garc\u00eda Luna) era un narcotraficante que hoy est\u00e1 preso en los Estados Unidos, entonces nosotros no tenemos ese problema, ha sido parte de esta guerra sucia\u201d, sostuvo Delgado.<\/p>\n","protected":false},"excerpt":{"rendered":"<p>El anunci\u00f3 sucede en presencia de la candidata presidencial Claudia Sheinbaum Pardo, quien particip\u00f3 en una reuni\u00f3n senatorial del Senado<\/p>\n","protected":false},"author":3,"featured_media":76772,"comment_status":"open","ping_status":"open","sticky":false,"template":"","format":"standard","meta":{"_monsterinsights_skip_tracking":false,"footnotes":""},"categories":[50],"tags":[],"class_list":["post-76771","post","type-post","status-publish","format-standard","has-post-thumbnail","category-congreso"],"_links":{"self":[{"href":"https:\/\/redsemlac.com\/semmexico\/wp-json\/wp\/v2\/posts\/76771","targetHints":{"allow":["GET"]}}],"collection":[{"href":"https:\/\/redsemlac.com\/semmexico\/wp-json\/wp\/v2\/posts"}],"about":[{"href":"https:\/\/redsemlac.com\/semmexico\/wp-json\/wp\/v2\/types\/post"}],"author":[{"embeddable":true,"href":"https:\/\/redsemlac.com\/semmexico\/wp-json\/wp\/v2\/users\/3"}],"replies":[{"embeddable":true,"href":"https:\/\/redsemlac.com\/semmexico\/wp-json\/wp\/v2\/comments?post=76771"}],"version-history":[{"count":0,"href":"https:\/\/redsemlac.com\/semmexico\/wp-json\/wp\/v2\/posts\/76771\/revisions"}],"wp:featuredmedia":[{"embeddable":true,"href":"https:\/\/redsemlac.com\/semmexico\/wp-json\/wp\/v2\/media\/76772"}],"wp:attachment":[{"href":"https:\/\/redsemlac.com\/semmexico\/wp-json\/wp\/v2\/media?parent=76771"}],"wp:term":[{"taxonomy":"category","embeddable":true,"href":"https:\/\/redsemlac.com\/semmexico\/wp-json\/wp\/v2\/categories?post=76771"},{"taxonomy":"post_tag","embeddable":true,"href":"https:\/\/redsemlac.com\/semmexico\/wp-json\/wp\/v2\/tags?post=76771"}],"curies":[{"name":"wp","href":"https:\/\/api.w.org\/{rel}","templated":true}]}}