{"id":76768,"date":"2024-01-31T17:58:21","date_gmt":"2024-01-31T23:58:21","guid":{"rendered":"https:\/\/redsemlac.com\/semmexico\/?p=76768"},"modified":"2024-01-31T17:58:21","modified_gmt":"2024-01-31T23:58:21","slug":"josefina-lavalle-una-vida-desbordada-que-rompio-limites-y-fronteras","status":"publish","type":"post","link":"https:\/\/redsemlac.com\/semmexico\/josefina-lavalle-una-vida-desbordada-que-rompio-limites-y-fronteras\/","title":{"rendered":"Josefina Lavalle. Una vida desbordada que rompi\u00f3 l\u00edmites y fronteras"},"content":{"rendered":"\n<ul class=\"wp-block-list\">\n<li>El Inbal conmemora el centenario del nacimiento de Josefina Lavalle<\/li>\n\n\n\n<li>Realizaron una mesa en la que se destac\u00f3 su compromiso con la danza y las artes esc\u00e9nicas<\/li>\n<\/ul>\n\n\n\n<p class=\"wp-block-paragraph\">Redacci\u00f3n<br>SemM\u00e9xico, Ciudad de M\u00e9xico, 31 de enero, 2024.- A cien a\u00f1os del natalicio de Josefina Lavalle, el Instituto Nacional de Bellas Artes y Literatura (Inbal) y la Subdirecci\u00f3n General de Educaci\u00f3n e Investigaci\u00f3n Art\u00edsticas (Sgeia) realizaron la mesa Josefina Lavalle, danza plena y comprometida, a cargo del Centro Nacional de Investigaci\u00f3n y Documentaci\u00f3n de la Danza Cenidi Danza Jos\u00e9 Lim\u00f3n, en el Teatro de la Danza Guillermina Bravo del Centro Cultural del Bosque.<\/p>\n\n\n\n<p class=\"wp-block-paragraph\">Se presentaron tres ponencias: Josefina Lavalle, danza desbordada y comprometida, por Margarita Tortajada; Josefina Lavalle, maestra, creadora y generosa, de Alejandra Ferreiro, y El fondo Josefina Lavalle, una ventana para la investigaci\u00f3n. Aqu\u00ed, las especialistas del Cenidid Danza reconocieron los logros de la maestra Lavalle en su quehacer que abarc\u00f3 todas las actividades posibles dentro del campo danc\u00edstico e hizo aportaciones importantes a la danza esc\u00e9nica, a la educaci\u00f3n art\u00edstica y a la investigaci\u00f3n.<\/p>\n\n\n\n<p class=\"wp-block-paragraph\">Durante la presentaci\u00f3n, tambi\u00e9n se proyectaron los videos Josefina Lavalle, pasos y saberes y Fondo Documental Josefina Lavalle y Repositorio Archivo Lavalle-Kuri, de Fidel Romero, as\u00ed como Josefina Lavalle a trav\u00e9s de la danza, de Alejandra Ferreiro y Eugenio Cobo.<\/p>\n\n\n\n<p class=\"wp-block-paragraph\">Al inaugurar las actividades, la directora del Cenidi Danza, Ofelia Ch\u00e1vez de la Lama, record\u00f3 a Josefina Lavalle como integrante de la primera generaci\u00f3n de bailarinas y core\u00f3grafas de danza moderna en M\u00e9xico, creadora esc\u00e9nica y fundadora de compa\u00f1\u00edas, directora de la Academia de la Danza Mexicana y creadora del Fondo Nacional para el Desarrollo de la Danza Popular Mexicana (Fonadan), as\u00ed como investigadora del Cenidi Danza, galardonada en vida con el homenaje Una vida en la danza (1985) y la Medalla Bellas Artes (2007).<\/p>\n\n\n\n<p class=\"wp-block-paragraph\">Cabe mencionar que para este homenaje se tiene un programa acad\u00e9mico-art\u00edstico denominado Josefina Lavalle: la herencia transdisciplinaria del Inbal, el cual comprende diversas actividades que pueden ser consultadas desde el agendarte de la Sgeia: https:\/\/sgeia.inba.gob.mx\/agendarte.inba<\/p>\n\n\n\n<p class=\"wp-block-paragraph\">SEM\/sje<\/p>\n","protected":false},"excerpt":{"rendered":"<p>Realizaron una mesa en la que se destac\u00f3 su compromiso con la danza y las artes esc\u00e9nicas<\/p>\n","protected":false},"author":3,"featured_media":76769,"comment_status":"open","ping_status":"open","sticky":false,"template":"","format":"standard","meta":{"_monsterinsights_skip_tracking":false,"footnotes":""},"categories":[748],"tags":[],"class_list":["post-76768","post","type-post","status-publish","format-standard","has-post-thumbnail","category-cultura-feminista"],"_links":{"self":[{"href":"https:\/\/redsemlac.com\/semmexico\/wp-json\/wp\/v2\/posts\/76768","targetHints":{"allow":["GET"]}}],"collection":[{"href":"https:\/\/redsemlac.com\/semmexico\/wp-json\/wp\/v2\/posts"}],"about":[{"href":"https:\/\/redsemlac.com\/semmexico\/wp-json\/wp\/v2\/types\/post"}],"author":[{"embeddable":true,"href":"https:\/\/redsemlac.com\/semmexico\/wp-json\/wp\/v2\/users\/3"}],"replies":[{"embeddable":true,"href":"https:\/\/redsemlac.com\/semmexico\/wp-json\/wp\/v2\/comments?post=76768"}],"version-history":[{"count":0,"href":"https:\/\/redsemlac.com\/semmexico\/wp-json\/wp\/v2\/posts\/76768\/revisions"}],"wp:featuredmedia":[{"embeddable":true,"href":"https:\/\/redsemlac.com\/semmexico\/wp-json\/wp\/v2\/media\/76769"}],"wp:attachment":[{"href":"https:\/\/redsemlac.com\/semmexico\/wp-json\/wp\/v2\/media?parent=76768"}],"wp:term":[{"taxonomy":"category","embeddable":true,"href":"https:\/\/redsemlac.com\/semmexico\/wp-json\/wp\/v2\/categories?post=76768"},{"taxonomy":"post_tag","embeddable":true,"href":"https:\/\/redsemlac.com\/semmexico\/wp-json\/wp\/v2\/tags?post=76768"}],"curies":[{"name":"wp","href":"https:\/\/api.w.org\/{rel}","templated":true}]}}