{"id":76761,"date":"2024-01-31T17:27:30","date_gmt":"2024-01-31T23:27:30","guid":{"rendered":"https:\/\/redsemlac.com\/semmexico\/?p=76761"},"modified":"2024-01-31T17:27:31","modified_gmt":"2024-01-31T23:27:31","slug":"emite-cndh-recomendacion-por-negarse-a-practicar-un-aborto-legal","status":"publish","type":"post","link":"https:\/\/redsemlac.com\/semmexico\/emite-cndh-recomendacion-por-negarse-a-practicar-un-aborto-legal\/","title":{"rendered":"Emite CNDH recomendaci\u00f3n por negarse a practicar un aborto legal"},"content":{"rendered":"\n<ul class=\"wp-block-list\">\n<li>La medida va dirigida al Instituto de Perinatolog\u00eda y Hospital General de Acapulco<\/li>\n\n\n\n<li>Se pide aplicar el Lineamiento T\u00e9cnico para el Aborto Seguro en M\u00e9xico<\/li>\n<\/ul>\n\n\n\n<p class=\"wp-block-paragraph\">Elda Montiel<br>SemM\u00e9xico, Ciudad de M\u00e9xico, 31 de enero, 2024.- La Comisi\u00f3n Nacional de Derechos Humanos (CNDH) emiti\u00f3 recomendaci\u00f3n al Instituto Nacional de Perinatolog\u00eda (INPER) y al Hospital General de Acapulco, luego que personal m\u00e9dico, neg\u00f3 a una mujer el derecho al aborto seguro, tras demostrar que el producto ten\u00eda malformaciones gen\u00e9ticas.<\/p>\n\n\n\n<p class=\"wp-block-paragraph\">El an\u00e1lisis de este caso constat\u00f3 violaciones a los derechos humanos a la salud, a la igualdad, a una vida libre de violencia obst\u00e9trica y a un aborto seguro para la paciente, as\u00ed como a la vida del producto de la gestaci\u00f3n, ya que le colocaron un respirador y l\u00e1mparas calefactoras para asistir su respiraci\u00f3n, falleciendo a los tres d\u00edas.<\/p>\n\n\n\n<p class=\"wp-block-paragraph\">La CNDH emiti\u00f3 la Recomendaci\u00f3n 269\/2023 al director general del INPER y a la Secretar\u00eda de Salud de dicha entidad federativa, las omisiones e irregularidades observadas en la actuaci\u00f3n de las personas m\u00e9dicas de ambos centros hospitalarios modificaron el proyecto de vida que ten\u00edan la v\u00edctima y su pareja, les causaron afectaciones en su salud psicoemocional y constituyeron actos inhumanos y degradantes para su dignidad.<\/p>\n\n\n\n<p class=\"wp-block-paragraph\">Consider\u00f3 que se ejercicio violencia obst\u00e9trica y un acto de discriminaci\u00f3n por motivos de g\u00e9nero, adem\u00e1s que el personal m\u00e9dico del INPER incumpli\u00f3 con su obligaci\u00f3n de proporcionarle un aborto seguro a la mujer aun cuando hab\u00eda obtenido la aprobaci\u00f3n del Comit\u00e9 de Bio\u00e9tica de esa instituci\u00f3n de salud por evidencias de malformaci\u00f3n.<\/p>\n\n\n\n<p class=\"wp-block-paragraph\">Entre las recomendaciones a las dos instituciones m\u00e9dicas destaca la aplicaci\u00f3n del Lineamiento T\u00e9cnico del Aborto Seguro en M\u00e9xico para que mujeres y ni\u00f1as tengan acceso a una atenci\u00f3n oportuna resolutiva e integral basada en evidencia cient\u00edfica, con perspectiva de g\u00e9nero y de derechos humanos.<\/p>\n\n\n\n<h2 class=\"wp-block-heading\">Los hechos<\/h2>\n\n\n\n<p class=\"wp-block-paragraph\">La v\u00edctima acudi\u00f3 el 14 de noviembre de 2019 al Hospital General de Acapulco para la valoraci\u00f3n de su embarazo y como resultado de ello la enviaron al Instituto Nacional de Perinatolog\u00eda, ubicado en la Ciudad de M\u00e9xico. Ah\u00ed se le diagnosticaron diversas malformaciones y, en enero de 2020, se le practic\u00f3 un ultrasonido que arroj\u00f3 la presencia de un \u201cquiste inter-hemisf\u00e9rico\u201d.<\/p>\n\n\n\n<p class=\"wp-block-paragraph\">Solicit\u00f3 la interrupci\u00f3n del embarazo, pero la jefa de gen\u00e9tica del INPER manifest\u00f3 que dicho procedimiento no se podr\u00eda llevar a cabo en tanto no lo aprobara el Comit\u00e9 de Bio\u00e9tica de esa instituci\u00f3n de salud.<\/p>\n\n\n\n<p class=\"wp-block-paragraph\">En febrero de 2020, la paciente entreg\u00f3 el resultado de un ultrasonido al Comit\u00e9 y se le ingres\u00f3 a Urgencias para practicar el aborto, sin embargo, un m\u00e9dico le coment\u00f3 que, independientemente de lo que decidiera ese cuerpo colegiado, no llevar\u00eda a cabo la operaci\u00f3n, mientras que otra de las m\u00e9dicas le dijo que la interrupci\u00f3n no se llevar\u00eda a cabo \u201cpues ella estaba a favor de la vida y era objetora de conciencia\u201d.<\/p>\n\n\n\n<p class=\"wp-block-paragraph\">Como resultado naci\u00f3 una ni\u00f1a y aun cuando los m\u00e9dicos sab\u00edan que la decisi\u00f3n de sus padres era que no se le brindaran cuidados paliativos -pues sus padecimientos eran incompatibles con la vida- le colocaron un respirador y l\u00e1mparas calefactoras para asistir su respiraci\u00f3n; falleciendo a los tres d\u00edas.<\/p>\n\n\n\n<p class=\"wp-block-paragraph\">Para la CNDH, la negativa de resoluci\u00f3n oportuna de un aborto seguro en favor de la paciente, debido a las omisiones de los m\u00e9dicos tratantes, constituy\u00f3 violencia obst\u00e9trica y un acto de discriminaci\u00f3n por motivos de g\u00e9nero, pues impidi\u00f3 que pudiera acceder a servicios de atenci\u00f3n reproductiva que necesitaba de forma oportuna y obstaculizaron el ejercicio de su derecho a la interrupci\u00f3n legal del embarazo en condiciones seguras.<\/p>\n\n\n\n<p class=\"wp-block-paragraph\">Adem\u00e1s las personas servidoras p\u00fablicas de ambos centros de atenci\u00f3n m\u00e9dica, no tomaron en consideraci\u00f3n los antecedentes cl\u00ednicos de la v\u00edctima (dos embarazos previos que no llegaron a t\u00e9rmino por muerte fetal y malformaciones, respectivamente), coloc\u00e1ndola en un riesgo de salud mayor.<\/p>\n\n\n\n<p class=\"wp-block-paragraph\">En el caso particular del INPER, se determin\u00f3 que el personal que la atendi\u00f3 omiti\u00f3 considerar factores de riesgo, entre los que sobresalen las complicaciones de salud que pod\u00edan ocurrir si no se le trataba de forma inmediata y adecuada, as\u00ed como su procedencia desde otro estado y su propia condici\u00f3n econ\u00f3mica, incumpliendo as\u00ed con su obligaci\u00f3n de proporcionarle un trato digno y respetuoso.<\/p>\n\n\n\n<p class=\"wp-block-paragraph\">Tanto la Secretar\u00eda de Salud del Gobierno de Guerrero y la Direcci\u00f3n General del Instituto Nacional de Perinatolog\u00eda deben realizar, conjuntamente, los tr\u00e1mites necesarios para que la Comisi\u00f3n Ejecutiva de Atenci\u00f3n a V\u00edctimas (CEAV) accedan a la reparaci\u00f3n integral del da\u00f1o y el otorgamiento de la compensaci\u00f3n a la que haya lugar, adem\u00e1s de designar a un funcionario para dar seguimiento al cumplimiento de la Recomendaci\u00f3n emitida.<\/p>\n\n\n\n<p class=\"wp-block-paragraph\">Adem\u00e1s de proporcionarles atenci\u00f3n psicol\u00f3gica y tanatol\u00f3gica; capacitar a su personal en materia de los derechos de las mujeres gestantes, perspectiva de g\u00e9nero, aborto legal y seguro, enfatizando el trato humanizado que se les debe brindar; dise\u00f1ar una campa\u00f1a de informaci\u00f3n, dirigida a las personas derechohabientes, sobre la interrupci\u00f3n legal del embarazo, y solicitar que las y los trabajadores apeguen su actuaci\u00f3n a lo se\u00f1alado en Lineamiento del Aborto Seguro, entre otras medidas.<\/p>\n\n\n\n<p class=\"wp-block-paragraph\">A su vez, la Secretar\u00eda de Salud de Guerrero tambi\u00e9n deber\u00e1 ordenar el desarrollo de programas de capacitaci\u00f3n sobre los derechos de las mujeres gestantes a la interrupci\u00f3n legal del embarazo y la aplicaci\u00f3n del Lineamiento del Aborto Seguro; generar un protocolo de actuaci\u00f3n para llevar a cabo esta pr\u00e1ctica en sus unidades m\u00e9dicas que garantice la atenci\u00f3n de forma inmediata en la misma entidad y en lugares accesibles para ellas, as\u00ed como emitir un pronunciamiento p\u00fablico sobre este tema, entre otros aspectos se\u00f1alados en el cuerpo de la Recomendaci\u00f3n.<\/p>\n\n\n\n<p class=\"wp-block-paragraph\">SEM\/em\/sj<\/p>\n","protected":false},"excerpt":{"rendered":"<p>La medida va dirigida al Instituto de Perinatolog\u00eda y Hospital General de Acapulco<\/p>\n","protected":false},"author":3,"featured_media":65318,"comment_status":"open","ping_status":"open","sticky":false,"template":"","format":"standard","meta":{"_monsterinsights_skip_tracking":false,"footnotes":""},"categories":[682],"tags":[],"class_list":["post-76761","post","type-post","status-publish","format-standard","has-post-thumbnail","category-noticias"],"_links":{"self":[{"href":"https:\/\/redsemlac.com\/semmexico\/wp-json\/wp\/v2\/posts\/76761","targetHints":{"allow":["GET"]}}],"collection":[{"href":"https:\/\/redsemlac.com\/semmexico\/wp-json\/wp\/v2\/posts"}],"about":[{"href":"https:\/\/redsemlac.com\/semmexico\/wp-json\/wp\/v2\/types\/post"}],"author":[{"embeddable":true,"href":"https:\/\/redsemlac.com\/semmexico\/wp-json\/wp\/v2\/users\/3"}],"replies":[{"embeddable":true,"href":"https:\/\/redsemlac.com\/semmexico\/wp-json\/wp\/v2\/comments?post=76761"}],"version-history":[{"count":0,"href":"https:\/\/redsemlac.com\/semmexico\/wp-json\/wp\/v2\/posts\/76761\/revisions"}],"wp:featuredmedia":[{"embeddable":true,"href":"https:\/\/redsemlac.com\/semmexico\/wp-json\/wp\/v2\/media\/65318"}],"wp:attachment":[{"href":"https:\/\/redsemlac.com\/semmexico\/wp-json\/wp\/v2\/media?parent=76761"}],"wp:term":[{"taxonomy":"category","embeddable":true,"href":"https:\/\/redsemlac.com\/semmexico\/wp-json\/wp\/v2\/categories?post=76761"},{"taxonomy":"post_tag","embeddable":true,"href":"https:\/\/redsemlac.com\/semmexico\/wp-json\/wp\/v2\/tags?post=76761"}],"curies":[{"name":"wp","href":"https:\/\/api.w.org\/{rel}","templated":true}]}}