{"id":76755,"date":"2024-01-31T13:13:14","date_gmt":"2024-01-31T19:13:14","guid":{"rendered":"https:\/\/redsemlac.com\/semmexico\/?p=76755"},"modified":"2024-01-31T13:13:14","modified_gmt":"2024-01-31T19:13:14","slug":"presentara-u-topicas-los-libros-lengua-hierba-y-surena","status":"publish","type":"post","link":"https:\/\/redsemlac.com\/semmexico\/presentara-u-topicas-los-libros-lengua-hierba-y-surena\/","title":{"rendered":"Presentar\u00e1 U-T\u00f3picas los libros Lengua Hierba y Sure\u00f1a"},"content":{"rendered":"\n<ul class=\"wp-block-list\">\n<li><strong>Las autoras Diana del \u00c1ngel y Vanessa Hern\u00e1ndez presentan sus obras este 3 de febrero<\/strong><\/li>\n<\/ul>\n\n\n\n<ul class=\"wp-block-list\">\n<li><strong>Poemas y narrativa mexicana de j\u00f3venes mujeres<\/strong><\/li>\n<\/ul>\n\n\n\n<p class=\"wp-block-paragraph\"><strong>Redacci\u00f3n<\/strong><\/p>\n\n\n\n<p class=\"wp-block-paragraph\">SemM\u00e9xico, Ciudad de M\u00e9xico, 31 de enero, 2024.- La librer\u00eda U-T\u00f3picas anunci\u00f3 que el pr\u00f3ximo s\u00e1bado 3 de febrero realizar\u00e1 la presentaci\u00f3n de los libros Lengua Hierba de Diana del \u00c1ngel y Sure\u00f1a de Vanessa Hern\u00e1ndez.<\/p>\n\n\n\n<p class=\"wp-block-paragraph\">A las 13 horas se presenta Lengua Hierba, un libro de poemas que habla de la belleza que habita lo peque\u00f1o, las herencias de lucha transmitidas por las abuelas y abuelos, las semillas que crecen entre las grietas y la posibilidad de reconstruirlo todo a pesar de los fracasos de los proyectos revolucionarios.<\/p>\n\n\n\n<p class=\"wp-block-paragraph\">Lengua Hierba&nbsp;forma parte del proyecto Escrituras de mujeres para caminar la tierra,&nbsp;el cual consiste en la publicaci\u00f3n de tres libros escritos por dos autoras, con el fin de resguardar las historias que, desde la ficci\u00f3n, el testimonio y la poes\u00eda, alimentan una memoria compartida de dignidad.<\/p>\n\n\n\n<p class=\"wp-block-paragraph\">Presenta la autora estar\u00e1 acompa\u00f1ada por Aurelia Cort\u00e9s Peyron, Rafael Mondrag\u00f3n, Hebzoariba Heb y Johann Romero Ayala.<\/p>\n\n\n<div class=\"wp-block-image\">\n<figure class=\"aligncenter size-full\"><a href=\"https:\/\/redsemlac.com\/semmexico\/wp-content\/uploads\/2024\/01\/Captura-de-pantalla-2024-01-31-a-las-11.21.23.png\"><img loading=\"lazy\" decoding=\"async\" width=\"564\" height=\"562\" src=\"https:\/\/redsemlac.com\/semmexico\/wp-content\/uploads\/2024\/01\/Captura-de-pantalla-2024-01-31-a-las-11.21.23.png\" alt=\"\" class=\"wp-image-76757\"\/><\/a><\/figure>\n<\/div>\n\n\n<p class=\"wp-block-paragraph\">Diana del \u00c1ngel es poeta, ensayista y defensora de derechos humanos. Ha sido becaria de la Fundaci\u00f3n para las Letras Mexicanas y del FONCA. Obtuvo la primera residencia de creaci\u00f3n literaria Fondo Ventura\/Almad\u00eda. Ella es la autora de Barranca (2018) y Procesos de la noche (2018). Sus traducciones del n\u00e1huatl al espa\u00f1ol han sido publicadas por la revista Fundaci\u00f3n. Las antolog\u00edas 9 poetas que le temen a los payasos (2016), Encuentro Nacional de Poetas J\u00f3venes. Ciudad de Morelia (2016) y Fuego de dos fraguas (2016) recogen parte de su trabajo.<\/p>\n\n\n\n<p class=\"wp-block-paragraph\">La presentaci\u00f3n de Sure\u00f1a, libro que le permiti\u00f3 a Vanessa Hern\u00e1ndez ganar el premio nacional de Narrativa Dolores Castro, ser\u00e1 a las 17 horas del mismo 3 de febrero. Acompa\u00f1an a la autora Abia Castillo y Fabiola S\u00e1nchez.<\/p>\n\n\n\n<p class=\"wp-block-paragraph\">El libro de Vanessa Hern\u00e1ndez relata lo que pasan los personajes y la violencia en Acapulco, Guerrero, como resultado de las actividades relacionadas con el narcotr\u00e1fico.<\/p>\n\n\n\n<p class=\"wp-block-paragraph\">Vanessa Hern\u00e1ndez, naci\u00f3 en Acapulco, Guerrero, un lugar \u201cno privilegiado\u201d, como ella dice. Estudi\u00f3 Dise\u00f1o de Modas. Fue reportera de diarios locales en el famoso puerto. Se traslad\u00f3 a la ciudad de M\u00e9xico donde se desarroll\u00f3 como escritora.<\/p>\n\n\n\n<p class=\"wp-block-paragraph\">SEM\/sje<\/p>\n","protected":false},"excerpt":{"rendered":"<p>Las autoras Diana del \u00c1ngel y Vanessa Hern\u00e1ndez presentan sus obras este 3 de febrero<\/p>\n","protected":false},"author":3,"featured_media":76756,"comment_status":"open","ping_status":"open","sticky":false,"template":"","format":"standard","meta":{"_monsterinsights_skip_tracking":false,"footnotes":""},"categories":[748],"tags":[],"class_list":["post-76755","post","type-post","status-publish","format-standard","has-post-thumbnail","category-cultura-feminista"],"_links":{"self":[{"href":"https:\/\/redsemlac.com\/semmexico\/wp-json\/wp\/v2\/posts\/76755","targetHints":{"allow":["GET"]}}],"collection":[{"href":"https:\/\/redsemlac.com\/semmexico\/wp-json\/wp\/v2\/posts"}],"about":[{"href":"https:\/\/redsemlac.com\/semmexico\/wp-json\/wp\/v2\/types\/post"}],"author":[{"embeddable":true,"href":"https:\/\/redsemlac.com\/semmexico\/wp-json\/wp\/v2\/users\/3"}],"replies":[{"embeddable":true,"href":"https:\/\/redsemlac.com\/semmexico\/wp-json\/wp\/v2\/comments?post=76755"}],"version-history":[{"count":0,"href":"https:\/\/redsemlac.com\/semmexico\/wp-json\/wp\/v2\/posts\/76755\/revisions"}],"wp:featuredmedia":[{"embeddable":true,"href":"https:\/\/redsemlac.com\/semmexico\/wp-json\/wp\/v2\/media\/76756"}],"wp:attachment":[{"href":"https:\/\/redsemlac.com\/semmexico\/wp-json\/wp\/v2\/media?parent=76755"}],"wp:term":[{"taxonomy":"category","embeddable":true,"href":"https:\/\/redsemlac.com\/semmexico\/wp-json\/wp\/v2\/categories?post=76755"},{"taxonomy":"post_tag","embeddable":true,"href":"https:\/\/redsemlac.com\/semmexico\/wp-json\/wp\/v2\/tags?post=76755"}],"curies":[{"name":"wp","href":"https:\/\/api.w.org\/{rel}","templated":true}]}}