{"id":76693,"date":"2024-01-30T11:50:38","date_gmt":"2024-01-30T17:50:38","guid":{"rendered":"https:\/\/redsemlac.com\/semmexico\/?p=76693"},"modified":"2024-01-30T11:50:38","modified_gmt":"2024-01-30T17:50:38","slug":"tension-en-mixtequilla-oaxaca-tras-el-arresto-de-nueve-activistas-opositores-al-megaproyecto-del-corredor-interoceanico","status":"publish","type":"post","link":"https:\/\/redsemlac.com\/semmexico\/tension-en-mixtequilla-oaxaca-tras-el-arresto-de-nueve-activistas-opositores-al-megaproyecto-del-corredor-interoceanico\/","title":{"rendered":"Tensi\u00f3n en Mixtequilla, Oaxaca, tras el arresto de nueve activistas opositores al megaproyecto del Corredor Interoce\u00e1nico"},"content":{"rendered":"\n<ul class=\"wp-block-list\">\n<li><strong>Elementos de la Guardia Nacional se apostaron en el centro de Mixtequilla donde los comuneros celebraron una asamblea, lo que aument\u00f3 la tensi\u00f3n en la localidad zapoteca<\/strong><strong>.<\/strong><strong><\/strong><\/li>\n<\/ul>\n\n\n\n<p class=\"wp-block-paragraph\"><strong>Patricia Brise\u00f1o<\/strong><\/p>\n\n\n\n<p class=\"wp-block-paragraph\">SemM\u00e9xico, Oaxaca de Ju\u00e1rez, 30 de enero, 2024.- &#8211; Familiares, activistas y colectivos demandaron la liberaci\u00f3n de nueve personas opositores al Corredor Interoce\u00e1nico del Istmo de Tehuantepec, detenidos la madrugada del s\u00e1bado en un operativo conjunto entre fuerzas federales y estatales en Santa Mar\u00eda Mixtequilla.<\/p>\n\n\n\n<p class=\"wp-block-paragraph\"><br>Los nueve detenidos, incluida una mujer,&nbsp; son integrantes del movimiento \u201cResistencia Civil Mixtequilla\u201d, que semanas atr\u00e1s guiaron una protesta en contra de la instalaci\u00f3n en tierras comunales de un parque industrial perteneciente al megaproyecto federal del Corredor Interoce\u00e1nico del Istmo de Tehuantepec (CIIT).&nbsp;<\/p>\n\n\n\n<p class=\"wp-block-paragraph\">El movimiento de resistencia se opone a la construcci\u00f3n del parque industrial en un pol\u00edgono en media hect\u00e1rea de tierras comunales de Mixtequilla, aunque dicho terreno fue vendido al gobierno municipal por due\u00f1os del terreno.<\/p>\n\n\n\n<p class=\"wp-block-paragraph\"><br>Las personas detenidas son Adelaido L.G., Armando S.G., Orlando C.G; Roberto V.O., Ricardo V. R., Alba P.S., Albino P. O., y J.O.A., quienes fueron trasladados a la ciudad de Oaxaca.<\/p>\n\n\n\n<p class=\"wp-block-paragraph\">La&nbsp;Fiscal\u00eda General del Estado (FGEO) precis\u00f3 que&nbsp;el grupo est\u00e1 se\u00f1alado como los presuntos responsables del robo de una patrulla de la Polic\u00eda Municipal de Mixtequilla, imputaci\u00f3n que neg\u00f3 el movimiento de resistencia.<\/p>\n\n\n\n<p class=\"wp-block-paragraph\">Despleg\u00f3 a sus elementos en diferentes domicilios de Mixtequilla, para dar cumplimiento a nueve \u00f3rdenes de aprehensi\u00f3n, emitidas por el Juez que atiende la causa.<\/p>\n\n\n\n<p class=\"wp-block-paragraph\">Agreg\u00f3, tras verificar la identidad de las personas aseguradas, se determin\u00f3 \u201cque&nbsp; varias de ellas cuentan con denuncias en su contra, tanto en el \u00e1mbito estatal (da\u00f1os por incendio, robo y despojo) como en el federal (obstrucci\u00f3n y da\u00f1o de las v\u00edas principales de comunicaci\u00f3n del Istmo de Tehuantepec) cuyas investigaciones est\u00e1n en curso\u201d.<\/p>\n\n\n\n<p class=\"wp-block-paragraph\"><br>Un d\u00eda despu\u00e9s del arresto de nueve activistas, el domingo contin\u00fao la tensi\u00f3n en la localidad zapoteca debido a la presencia de elementos de la Guardia Nacional y Polic\u00eda Estatal con el argumento de resguardar la asamblea del comisariado de Mixtequilla, lo que los activistas reprobaron y consideraron una provocaci\u00f3n.<\/p>\n","protected":false},"excerpt":{"rendered":"<p>Elementos de la Guardia Nacional se apostaron en el centro de Mixtequilla donde los comuneros celebraron una asamblea, lo que aument\u00f3 la tensi\u00f3n en la localidad zapoteca.<\/p>\n","protected":false},"author":3,"featured_media":76694,"comment_status":"open","ping_status":"open","sticky":false,"template":"","format":"standard","meta":{"_monsterinsights_skip_tracking":false,"footnotes":""},"categories":[751],"tags":[146,142],"class_list":["post-76693","post","type-post","status-publish","format-standard","has-post-thumbnail","category-crisis-de-violencia","tag-oaxaca","tag-violencia"],"_links":{"self":[{"href":"https:\/\/redsemlac.com\/semmexico\/wp-json\/wp\/v2\/posts\/76693","targetHints":{"allow":["GET"]}}],"collection":[{"href":"https:\/\/redsemlac.com\/semmexico\/wp-json\/wp\/v2\/posts"}],"about":[{"href":"https:\/\/redsemlac.com\/semmexico\/wp-json\/wp\/v2\/types\/post"}],"author":[{"embeddable":true,"href":"https:\/\/redsemlac.com\/semmexico\/wp-json\/wp\/v2\/users\/3"}],"replies":[{"embeddable":true,"href":"https:\/\/redsemlac.com\/semmexico\/wp-json\/wp\/v2\/comments?post=76693"}],"version-history":[{"count":0,"href":"https:\/\/redsemlac.com\/semmexico\/wp-json\/wp\/v2\/posts\/76693\/revisions"}],"wp:featuredmedia":[{"embeddable":true,"href":"https:\/\/redsemlac.com\/semmexico\/wp-json\/wp\/v2\/media\/76694"}],"wp:attachment":[{"href":"https:\/\/redsemlac.com\/semmexico\/wp-json\/wp\/v2\/media?parent=76693"}],"wp:term":[{"taxonomy":"category","embeddable":true,"href":"https:\/\/redsemlac.com\/semmexico\/wp-json\/wp\/v2\/categories?post=76693"},{"taxonomy":"post_tag","embeddable":true,"href":"https:\/\/redsemlac.com\/semmexico\/wp-json\/wp\/v2\/tags?post=76693"}],"curies":[{"name":"wp","href":"https:\/\/api.w.org\/{rel}","templated":true}]}}