{"id":76690,"date":"2024-01-29T17:00:26","date_gmt":"2024-01-29T23:00:26","guid":{"rendered":"https:\/\/redsemlac.com\/semmexico\/?p=76690"},"modified":"2024-01-29T17:00:26","modified_gmt":"2024-01-29T23:00:26","slug":"mexico-no-es-palacio-nacional-mexico-es-un-pais-que-esta-sufriendo-xochitl-galvez-ruiz-su-primera-conferencia-de-la-verdad","status":"publish","type":"post","link":"https:\/\/redsemlac.com\/semmexico\/mexico-no-es-palacio-nacional-mexico-es-un-pais-que-esta-sufriendo-xochitl-galvez-ruiz-su-primera-conferencia-de-la-verdad\/","title":{"rendered":"M\u00e9xico no es Palacio Nacional. M\u00e9xico es un pa\u00eds que est\u00e1 sufriendo: X\u00f3chitl G\u00e1lvez Ruiz,\u00a0 su primera \u00a0Conferencia de la Verdad"},"content":{"rendered":"\n<p class=\"wp-block-paragraph\"><strong>Redacci\u00f3n<\/strong><\/p>\n\n\n\n<p class=\"wp-block-paragraph\"><strong>SemM\u00e9xico, Ciudad de M\u00e9xico, 29 de enero 2024.- La candidata a la presidencia de la Rep\u00fablica, <\/strong>X\u00f3chitl G\u00e1lvez Ru\u00edz, inici\u00f3 esta ma\u00f1ana el ejercicio de una conferencia al d\u00eda, para hablar de la verdad, en una alocusi\u00f3n desde el Estado de Chiapas,&nbsp; enlist\u00f3 las mentiras que se escuchan hace 5 a\u00f1os, anunci\u00f3 que desde el frente que la ungi\u00f3 ayer se acord\u00f3 de crear un gobierno de coalici\u00f3n, sobre eso, ella hizo una iniciativa que est\u00e1 en el Senado.<\/p>\n\n\n\n<p class=\"wp-block-paragraph\">El ejercicio iniciado, en intercampa\u00f1a, por la ingeniera G\u00e1lvez Ru\u00edz, incluy\u00f3 otros temas, como, la importancia de ejercer el derecho de r\u00e9plica, cegado en esta administraci\u00f3n, dijo que se lo negaron en Palacio Nacional y que se sigue un proceso en la Suprema Corte de Justicia, que &nbsp;est\u00e1 por definirse.<\/p>\n\n\n\n<p class=\"wp-block-paragraph\">Mientras eso sucede, en la inauguraci\u00f3n de sus \u201cma\u00f1aneras\u201d, record\u00f3&nbsp; que a lo largo de estos 24 a\u00f1os ha recorrido el pa\u00eds en muchas ocasiones, estuvo en Chiapas trabajando duro, y ahora, cuando veo &nbsp;\u201cun Chiapas -la encuentro- con los problemas de pobreza que conoc\u00ed en ese entonces, pero tambi\u00e9n con una brutal violencia debido al tr\u00e1fico de personas\u201d<\/p>\n\n\n\n<p class=\"wp-block-paragraph\">Tambi\u00e9n &nbsp;la trata en Tabasco. Por lo que consider\u00f3 que desde esta tribuna ser\u00e1 la voz de muchos millones de mexicanos que hoy no son escuchados que les han cerrado la puerta en Palacio Nacional , y esta nueva forma de dirigirse a las y los mexicanos, tiene ra\u00edz en ese problema, ser\u00e1 un ejercicio ciudadano, todos los d\u00edas a las 10 de la ma\u00f1ana.<\/p>\n\n\n\n<p class=\"wp-block-paragraph\">Desde ah\u00ed, explic\u00f3 se trata de &nbsp;defender la verdad, y se llevar\u00e1 a cabo tres veces a la semana, s\u00f3lo en &nbsp;el periodo de intercampa\u00f1a. Hoy preguntaron, bien identificados e identificadas, periodistas. Las y&nbsp;&nbsp; los periodistas, preguntaron cosas pol\u00edticas, algunas obvias, algunas que ella ya respondi\u00f3.<\/p>\n\n\n\n<p class=\"wp-block-paragraph\"><strong>Pero lo m\u00e1s importante del ejercicio es que se puede entrar v\u00eda remota y preguntar, conocerla, ponerla en problemas, escuchar, si son las mismas y obvias cosas, ser\u00e1 reducirla.<\/strong><\/p>\n\n\n\n<p class=\"wp-block-paragraph\">Y dijo:<\/p>\n\n\n\n<p class=\"wp-block-paragraph\">\u201cDurante todas las ma\u00f1anas de los \u00faltimos cinco a\u00f1os el presidente L\u00f3pez Obrador ha envenenado la conversaci\u00f3n p\u00fablica con falsedades, otros datos y mentiras c\u00ednicas.<\/p>\n\n\n\n<p class=\"wp-block-paragraph\">\u201cDe acuerdo a una rigurosa investigaci\u00f3n de la consultora Spin, desde diciembre de 2018, el presidente ha dicho m\u00e1s de 130 mil afirmaciones falsas, enga\u00f1osas o que no se pueden comprobar. En promedio son 103 mentiras diarias.<\/p>\n\n\n\n<p class=\"wp-block-paragraph\">\u201cNo podemos resolver los grandes problemas nacionales y la terrible crisis de inseguridad si nos quieren enga\u00f1ar todos los d\u00edas.<\/p>\n\n\n\n<p class=\"wp-block-paragraph\">\u201cLa mentira m\u00e1s grande de Andr\u00e9s Manuel L\u00f3pez Obrador, la mentira hist\u00f3rica de este sexenio es que ellos no mienten.<\/p>\n\n\n\n<p class=\"wp-block-paragraph\">\u201cSin ning\u00fan pudor, sin ning\u00fan recato, sin ning\u00fan respeto por la inteligencia de los mexicanos nos recetan una dieta diaria de mentiras. Es decir, le dan a M\u00e9xico \u201catole con el dedo\u201d.<\/p>\n\n\n\n<p class=\"wp-block-paragraph\">\u201cLa segunda mentira m\u00e1s grande de nuestro tiempo es que: M\u00e9xico est\u00e1 mejor que nunca.<\/p>\n\n\n\n<p class=\"wp-block-paragraph\">\u201cHe recorrido el pa\u00eds de norte a sur, todas las entidades de la Rep\u00fablica, y lo que veo es abandono y violencia.<\/p>\n\n\n\n<p class=\"wp-block-paragraph\">\u201cEl presidente Andr\u00e9s Manuel L\u00f3pez Obrador traicion\u00f3 a los mexicanos que confiaron en \u00e9l.<\/p>\n\n\n\n<p class=\"wp-block-paragraph\">\u201cL\u00f3pez Obrador traicion\u00f3 a las madres buscadoras de Sonora que dej\u00f3 sin apoyo ni solidaridad para buscar a sus hijos.<\/p>\n\n\n\n<p class=\"wp-block-paragraph\">\u201cL\u00f3pez Obrador traicion\u00f3 a los productores de lim\u00f3n y aguate en Michoac\u00e1n.<\/p>\n\n\n\n<p class=\"wp-block-paragraph\">\u201cL\u00f3pez Obrador traicion\u00f3 a las ni\u00f1as y ni\u00f1os de Guerrero que tienen que aprender a usar armas de fuego para defenderse del poder del crimen organizado.<\/p>\n\n\n\n<p class=\"wp-block-paragraph\">\u201cL\u00f3pez Obrador traicion\u00f3 a las familias que tienen que pagar tributo, tiene que pagar derecho de piso simplemente por vivir en sus comunidades.<\/p>\n\n\n\n<p class=\"wp-block-paragraph\">\u201cL\u00f3pez Obrador traicion\u00f3 a los periodistas que son asesinados y sus cr\u00edmenes permanecen en la absoluta impunidad.<\/p>\n\n\n\n<p class=\"wp-block-paragraph\">Y si no es verdad, \u201cQue se lo digan a la familia de Jos\u00e9 Alejandro Naredo Garc\u00eda, dirigente del PRD en Veracruz, que fue asesinado de forma artera este s\u00e1bado, quien se suma a Ricardo Taja Ram\u00edrez, Alfredo Lezama Barrera, David Rey Gonz\u00e1lez Moreno, Sergio Hueso, Miriam R\u00edos R\u00edos, Samantha G\u00f3mez Fonseca, Marcelino Ru\u00edz Esteban y Guadalupe Guzm\u00e1n Cano, aspirantes de varios partidos pol\u00edticos, incluido Morena, quienes han sido asesinados a partir del arranque de este proceso electoral.<\/p>\n\n\n\n<p class=\"wp-block-paragraph\">\u201cLa mentira es que M\u00e9xico est\u00e1 mejor que nunca. La verdad es que L\u00f3pez Obrador traicion\u00f3 a M\u00e9xico.<\/p>\n\n\n\n<p class=\"wp-block-paragraph\">Aclar\u00f3: \u201cEn estos ejercicios de comunicaci\u00f3n siempre les voy a dar un dato verificado que refleje el verdadero M\u00e9xico y as\u00ed desmentir la cortina de embustes y calumnias que nos receta el inquilino de Palacio Nacional y su corcholata.<\/p>\n\n\n\n<p class=\"wp-block-paragraph\">\u201cEl dato de hoy es que este es el sexenio m\u00e1s violento de nuestra historia.<\/p>\n\n\n\n<p class=\"wp-block-paragraph\">\u201cEn los primeros cinco a\u00f1os del sexenio de Felipe Calder\u00f3n asesinaron a 95 mil personas. Un promedio de 52 homicidios diarios<\/p>\n\n\n\n<p class=\"wp-block-paragraph\">\u201cEn los primeros cinco a\u00f1os del sexenio de Enrique Pe\u00f1a Nieto asesinaron a 120 mil personas. Un promedio de 66 homicidios diarios.<\/p>\n\n\n\n<p class=\"wp-block-paragraph\">\u201cEn los primeros cinco a\u00f1os del sexenio de Andr\u00e9s Manuel L\u00f3pez Obrador asesinaron a 170 mil personas. Un promedio de 93 homicidios diarios entre diciembre de 2018 y diciembre del 2023.<\/p>\n\n\n\n<p class=\"wp-block-paragraph\">\u201cEstos datos comprueban que en materia de violencia e inseguridad, M\u00e9xico est\u00e1 peor que nunca y esa es la verdad.<\/p>\n\n\n\n<p class=\"wp-block-paragraph\">Para nuestros y nuestras lectoras, versi\u00f3n del inetercambio, XGR y&nbsp; con quienes desde el p\u00fablico, de medios,&nbsp; hicieron &nbsp;preguntas:<\/p>\n\n\n\n<p class=\"wp-block-paragraph\"><strong>MODERADOR: <\/strong>Ahora s\u00ed, muy buenos d\u00edas a todos. Arrancamos con la parte de preguntas y respuestas. Empezamos con <strong>Roberto (Vizca\u00edno<\/strong>) del peri\u00f3dico El Independiente.<\/p>\n\n\n\n<p class=\"wp-block-paragraph\"><strong>PREGUNTA:<\/strong> Muchas gracias, X\u00f3chitl, muy buenas tardes. Gracias, X\u00f3chitl, a m\u00ed me toc\u00f3 cubrir la campa\u00f1a en 88 de Cuauht\u00e9moc C\u00e1rdenas con un grupo de periodistas y veo similitudes de aquella campa\u00f1a con esta, muy ominosas, en aquel entonces la elecci\u00f3n termin\u00f3 en una gran duda, la ca\u00edda del sistema, en fin, y hab\u00eda sectores muy importantes de la sociedad que incluso le exig\u00edan a C\u00e1rdenas irse m\u00e1s all\u00e1 de lo que \u00e9l hab\u00eda prometido. \u00bfQu\u00e9 pasar\u00e1? Yo vi la semana pasada, a fines de la semana pasada, que hubo una declaraci\u00f3n suya de que Andr\u00e9s Manuel estaba buscando el rompimiento del Estado de Derecho. \u00bfQu\u00e9 pasar\u00e1 o qu\u00e9 pasar\u00eda? Lo estamos viendo, el relato que acaba usted de hacer de este M\u00e9xico es un M\u00e9xico muy violento, muy confrontado, que puede terminar incluso peor que el del 88 de C\u00e1rdenas. \u00bfQu\u00e9 pasar\u00e1 si grupos sociales le exigen otra cosa, X\u00f3chitl?<\/p>\n\n\n\n<p class=\"wp-block-paragraph\"><strong>XGR: <\/strong>Bueno, primero le tengo un gran cari\u00f1o al ingeniero Cuauht\u00e9moc C\u00e1rdenas. Yo pens\u00e9 que el parecido era porque los dos somos ingenieros. Somos egresados de la Facultad de Ingenier\u00eda. Tenemos un pensamiento anal\u00edtico, matem\u00e1tico. Somos buenas personas. Yo creo que el ingeniero es una muy buena persona. Buscamos el bien de M\u00e9xico.<\/p>\n\n\n\n<p class=\"wp-block-paragraph\">El <strong>presidente rompe todos los d\u00edas con la ley<\/strong>. Es incre\u00edble c\u00f3mo utiliza sus conferencias de prensa para impulsar a su corcholata sabiendo que eso es ilegal.<\/p>\n\n\n\n<p class=\"wp-block-paragraph\">Vimos c\u00f3mo medios p\u00fablicos como la Hora Nacional se dedican a promover a su corcholata sin ning\u00fan pudor, con dinero p\u00fablico. Eso est\u00e1 claro.<\/p>\n\n\n\n<p class=\"wp-block-paragraph\">El presidente est\u00e1 dispuesto a usar los programas sociales en beneficio de ella y ella misma se los acredita. Y bueno, yo espero que el INE termine ya de resolver sus conflictos internos, sus nombramientos y se puedan dedicar a sancionar todos estos actos donde se usa dinero p\u00fablico.<\/p>\n\n\n\n<p class=\"wp-block-paragraph\">Yo sigo pensando que es tan contundente el pensamiento de las personas en el sentido de que M\u00e9xico requiere fortalecer la democracia, que no tengo ninguna duda que en junio, llegado el momento, la gente va a tomar una decisi\u00f3n inteligente, contundente, para no dejar dudas.<\/p>\n\n\n\n<p class=\"wp-block-paragraph\"><strong>MODERADOR: <\/strong>&nbsp;Gracias. Segunda pregunta. <strong>Julio Astorga, Latinus<\/strong>.<\/p>\n\n\n\n<p class=\"wp-block-paragraph\"><strong>P: <\/strong>Hola, ingeniera. Buenos d\u00edas. Bueno, buenas tardes. El viernes estuvimos en el programa de Brozo a Guadalupe Acosta Naranjo, mencionando que a los ciudadanos se les tiene que mencionar que deben ponderar el pragmatismo en lugar de para las pr\u00f3ximas elecciones. De acuerdo con su visi\u00f3n y la visi\u00f3n de otras personas, bueno, hay mucho en juego el 2 de junio, pero \u00bfc\u00f3mo animar corazones, como usted lo menciona en varias ocasiones, de los ciudadanos? Cuando dirigentes partidistas que la est\u00e1n impulsando han ocupado su posici\u00f3n para ponerse primero en las listas para llegar al Congreso. Ese es el primer punto. Y el segundo es, \u00bfqu\u00e9 opina de que M\u00e9xico no se ha pronunciado respecto a lo que sucedi\u00f3 en Venezuela con Mar\u00eda Corina Machado y ni siquiera la candidata Sheinbaum? Usted s\u00ed lo hizo.<\/p>\n\n\n\n<p class=\"wp-block-paragraph\"><strong>XGR: <\/strong>Primero, reconocer que nosotros hemos hablado de un gobierno de coalici\u00f3n y lo traigo a la mesa porque yo present\u00e9 una iniciativa de ley para reglamentar los gobiernos de coalici\u00f3n.<\/p>\n\n\n\n<p class=\"wp-block-paragraph\">Necesitamos una manera distinta de gobernar. Y esa manera distinta tambi\u00e9n pasa por una reflexi\u00f3n dentro de los partidos pol\u00edticos. Hoy los partidos pol\u00edticos han nombrado a varios militantes. Esto es normal en cualquier partido pol\u00edtico lo va a hacer, seguramente los otros dirigentes de Morena seguramente van a haber muchos militantes partidistas, pero lo que yo s\u00ed he propuesto es que la cuarta pata de este proyecto son los ciudadanos. O sea, para m\u00ed es una pata vital. Y en el gobierno de coalici\u00f3n que nosotros presentamos en esta iniciativa de ley, la participaci\u00f3n ciudadana es clave. Y el pretexto de muchos dirigentes es que estos ciudadanos no tienen n\u00fameros en las encuestas. Pues no tienen n\u00fameros en las encuestas porque no han participado en la pol\u00edtica.<\/p>\n\n\n\n<p class=\"wp-block-paragraph\">Yo tengo n\u00fameros en las encuestas porque como ciudadana he sido alcaldesa, fui funcionaria federal, soy senadora, pero siempre tuve la posibilidad de participar como una ciudadana sin partido.<\/p>\n\n\n\n<p class=\"wp-block-paragraph\">Entonces, necesitamos que los ciudadanos participen, los conozcan, los vean actuar. Y pues eso fue lo mismo que pas\u00f3 con las mujeres. Hab\u00eda pocas mujeres en la vida pol\u00edtica y pues por supuesto siempre andaban poniendo a la esposa, a la mam\u00e1 del dirigente. Entonces, eso va a participar con los ciudadanos.<\/p>\n\n\n\n<p class=\"wp-block-paragraph\">Los partidos se van a dar cuenta que es muy positivo que personas como yo, que no pertenecemos a ning\u00fan partido pol\u00edtico, podamos participar. Yo de verdad reconozco estar aqu\u00ed. No lo imagin\u00e9 cuando me atrev\u00ed a levantar la mano porque fue vencer las c\u00fapulas partidistas, que hab\u00eda otros planes, pero fue tan fuerte el movimiento que pues me llevaron a este lugar.<\/p>\n\n\n\n<p class=\"wp-block-paragraph\">Y creo que ese es un buen principio que una candidata ciudadana sin haber militado nunca en un partido pol\u00edtico hoy sea ya la candidata a la presidencia por parte del PAN, sea la candidata a la presidencia por parte del PRD y el d\u00eda de ma\u00f1ana me voy a convertir en la candidata a la&nbsp; presidencia por parte del PRI, pero no dejo de reconocer que fue gracias a los ciudadanos el estar en este lugar.<\/p>\n\n\n\n<p class=\"wp-block-paragraph\"><strong>P: <\/strong>Pero ahora esa observaci\u00f3n a los partidos, digamos, todav\u00eda faltan por repartir algunas candidaturas.<\/p>\n\n\n\n<p class=\"wp-block-paragraph\"><strong>XGR: <\/strong>Se est\u00e1n considerando varios espacios para ciudadanos sin partidos. Entre ellos he mencionado a Alessandra, que es una ciudadana, una activista que va a estar participando y est\u00e1 en la segunda f\u00f3rmula del Senado.<\/p>\n\n\n\n<p class=\"wp-block-paragraph\">El propio Germ\u00e1n Mart\u00ednez, que no tiene partido pol\u00edtico, est\u00e1 en las listas. Margarita Zavala, que tambi\u00e9n es una persona hoy sin partido est\u00e1.<\/p>\n\n\n\n<p class=\"wp-block-paragraph\">Yo creo que, si vamos revisando las listas, s\u00ed hay varias personas sin partido pol\u00edtico, pero es importante m\u00e1s personas. Ahora, tambi\u00e9n tengo que aclarar que yo he invitado a algunas personas y de repente tienen un poco de miedo al gobierno. Les da miedo las auditor\u00edas, les da miedo entrarle a la pol\u00edtica porque este es un gobierno muy represivo.<\/p>\n\n\n\n<p class=\"wp-block-paragraph\"><strong>P:<\/strong> <strong>(Inaudible) Venezuela<\/strong>.<\/p>\n\n\n\n<p class=\"wp-block-paragraph\"><strong>XGR: <\/strong>Mal, mal, porque obviamente, pues si los invitas a desfilar el 16 de septiembre, obviamente no vas a cuestionar lo poco democr\u00e1tico que son o los cero democr\u00e1ticos.<\/p>\n\n\n\n<p class=\"wp-block-paragraph\">Sacar a la mala a una opositora que ten\u00eda muchas posibilidades de ganar, pues eso es digno de un gobierno autoritario como el de Venezuela.<\/p>\n\n\n\n<p class=\"wp-block-paragraph\"><strong>MODERADOR: <\/strong>Siguiente pregunta, <strong>Jorge Chaparro, de Meganoticias<\/strong>.<\/p>\n\n\n\n<p class=\"wp-block-paragraph\"><strong>P: <\/strong>\u00bfQu\u00e9 tal, candidata? Buenas tardes. Yo quiero preguntar, insistir un poco sobre esta situaci\u00f3n, porque el argumento que nos acaba usted de comentar, que esgrimen los partidos pol\u00edticos es que los ciudadanos no tienen representaci\u00f3n en las encuestas. \u00bfPero qu\u00e9 representaci\u00f3n pueden tener los presidentes de los tres partidos pol\u00edticos que la postulan, cuando son los presidentes m\u00e1s perdedores en la historia de estos partidos pol\u00edticos? Dejaron ir absolutamente todo y hoy se colocan en la primera l\u00ednea de las listas de plurinominales, como si se lo merecieran, pues. El 18 va a tener usted una marcha ciudadana, bueno, lo va a tener el pa\u00eds, una marcha ciudadana donde la exigencia ser\u00e1 precisamente la participaci\u00f3n ciudadana en la pol\u00edtica. Hoy, hasta su candidatura les est\u00e1 regateando espacios, algunos espacios para ellos. La pregunta en concreto es, \u00bfla ciudadan\u00eda podr\u00eda sentirse representada por usted realmente? Cuando no hay espacios para los ciudadanos en la pol\u00edtica. Y, si me lo permite, tendr\u00eda un segundo cuestionamiento.<\/p>\n\n\n\n<p class=\"wp-block-paragraph\"><strong>XGR: <\/strong>A ver, yo he dicho claramente que este proyecto estar\u00e1 acompa\u00f1ado por ciudadanos. No hay duda, no hay duda porque si no hay ese contrapeso ciudadano que realmente funcione, por ejemplo, el Consejo Consultivo del INAI, hoy pr\u00e1cticamente est\u00e1 inoperante, porque a este gobierno no le conviene. Esos espacios hay que recuperarlos en bien de la ciudadan\u00eda. El Consejo Consultivo de la CNDH. El Consejo Consultivo de Pueblos Ind\u00edgenas en cinco a\u00f1os no se ha instalado. Entonces, hay varios espacios de participaci\u00f3n ciudadana que hoy, con este gobierno, simple y sencillamente han cancelado y, para m\u00ed, de entrada, hay que recuperar esos espacios que ya est\u00e1n en la ley y que no se ejercen porque el gobierno no quiere tener quien los supervise.<\/p>\n\n\n\n<p class=\"wp-block-paragraph\">En mi caso, yo feliz, feliz de que participen, feliz de que sean un contrapeso porque es lo que hace y evita la corrupci\u00f3n.<\/p>\n\n\n\n<p class=\"wp-block-paragraph\">Entonces, yo, obviamente, he abogado por varios ciudadanos dentro de los partidos para que se les tome en cuenta, pero esta l\u00f3gica tiene que cambiar, tiene que cambiar y tambi\u00e9n los ciudadanos tienen que ser mucho m\u00e1s duros en su participaci\u00f3n, pero lo que a m\u00ed me toca, lo que yo estoy aspirando, es el Ejecutivo.<\/p>\n\n\n\n<p class=\"wp-block-paragraph\">Yo no puedo dar \u00f3rdenes en el PRI, en el PAN o en el PRD. Ellos toman sus decisiones de manera colegiada, pero, por supuesto, que para m\u00ed la participaci\u00f3n ciudadana es indispensable para que una democracia funcione.<\/p>\n\n\n\n<p class=\"wp-block-paragraph\"><strong>P: \u00a1<\/strong>Estar\u00eda pensando en el gabinete como esta participaci\u00f3n ciudadana?<\/p>\n\n\n\n<p class=\"wp-block-paragraph\"><strong>XGR: <\/strong>Por supuesto. Lo dijo usted. Yo no lo puedo decir.<\/p>\n\n\n\n<p class=\"wp-block-paragraph\"><strong>P:&nbsp; <\/strong>La segunda pregunta, si me lo permite, candidata, ser\u00eda respecto de este tema que toc\u00f3 usted, seguridad. El pa\u00eds se encuentra militarizado, no solamente la seguridad, sino, bueno, tambi\u00e9n ahora las empresas p\u00fablicas est\u00e1n ya militarizadas. \u00bfCu\u00e1l es su propuesta? Bueno, \u00bfcu\u00e1l ser\u00eda el planteamiento ante una militarizaci\u00f3n de esta naturaleza? \u00bfDebe el Ej\u00e9rcito regresar? \u00bfDebe mantenerse en la Guardia Nacional? \u00bfDebe el Ej\u00e9rcito seguir siendo hoy quien atiende la seguridad p\u00fablica? \u00bfQu\u00e9 pasa con las polic\u00edas locales, las polic\u00edas estatales, las polic\u00edas federales? \u00bfVolver\u00e1n a aparecer? \u00bfTiene usted algo al respecto?<\/p>\n\n\n\n<p class=\"wp-block-paragraph\"><strong>XGR: <\/strong>Bueno, es una pregunta muy amplia. Te voy a contestar con mi postura que he tenido como senadora.<\/p>\n\n\n\n<p class=\"wp-block-paragraph\">Por supuesto que esta es otra de las grandes traiciones del presidente a los mexicanos. \u00c9l dijo que el Ej\u00e9rcito regresar\u00eda a los cuarteles. Y no solo no lo regres\u00f3, viol\u00f3 la Constituci\u00f3n para que la Guardia Nacional hoy tenga un mando militar no obstante que la ley mandata un mando civil.<\/p>\n\n\n\n<p class=\"wp-block-paragraph\">Y yo vot\u00e9 en contra de la ampliaci\u00f3n de este mando en la Guardia Nacional como senadora de la Rep\u00fablica.<\/p>\n\n\n\n<p class=\"wp-block-paragraph\">Yo siempre estar\u00e9 absolutamente de acuerdo en que se fortalezcan las polic\u00edas municipales. Y los casos de \u00e9xito que tenemos como Yucat\u00e1n, pues habla de polic\u00edas municipales bien pagadas.<\/p>\n\n\n\n<p class=\"wp-block-paragraph\">Me entregaron un estudio donde m\u00e1s del 80 por ciento de los polic\u00edas municipales no tienen seguridad social. No hay manera que los polic\u00edas defiendan a los ciudadanos si no tienen el piso m\u00ednimo de protecci\u00f3n. Quiero pensar en estos cuatro polic\u00edas que fueron asesinados este fin de semana en Celaya. Espero que su familia haya quedado protegida porque yo me encontr\u00e9 una polic\u00eda en Michoac\u00e1n, mujer, que su compa\u00f1era fue asesinada y no ten\u00eda ning\u00fan seguro y ella renunci\u00f3 inmediatamente. Dijo, \u00bfqu\u00e9 hago aqu\u00ed? Si me matan, \u00bfqu\u00e9 va a ser de mis hijos?<\/p>\n\n\n\n<p class=\"wp-block-paragraph\">Entonces, por supuesto que hay que fortalecer la seguridad p\u00fablica, pero este gobierno le quit\u00f3 el dinero a las polic\u00edas municipales. Le quit\u00f3 el Fortaseg.<\/p>\n\n\n\n<p class=\"wp-block-paragraph\">Entonces, yo lo que te dir\u00eda, hoy hay notas de c\u00f3mo las aduanas est\u00e1n tan corruptas como antes. La llegada de los militares no cambi\u00f3 los niveles de corrupci\u00f3n. Y necesitamos a los militares en la seguridad nacional.<\/p>\n\n\n\n<p class=\"wp-block-paragraph\">Estuve en Acapulco. Y yo no vi el plan DN-III como otros a\u00f1os. No estaba todo el ej\u00e9rcito ayudando a la sociedad, porque los tienen ocupados bacheando. Ahora ya bachean carreteras. O sea, hoy aduanas, bachean, la megafarmacia a llevar las medicinas. No, el ej\u00e9rcito no est\u00e1 para eso, hay que volverle la dignidad al ej\u00e9rcito. Yo quiero dignificar a los militares porque me duele ver c\u00f3mo lo sacan con escobazos, con gritos de los poblados. Se est\u00e1 perdiendo el respeto al ej\u00e9rcito. Y eso no lo podemos permitir. Entonces, estoy en contra de la militarizaci\u00f3n del pa\u00eds. Absolutamente.<\/p>\n\n\n\n<p class=\"wp-block-paragraph\"><strong>MODERADOR: Araceli Rivero, Financiero<\/strong>.<\/p>\n\n\n\n<p class=\"wp-block-paragraph\"><strong>P: <\/strong>Candidata, buenas tardes. Oiga, hoy salen varias encuestas, pero la encuesta del Financiero la ubica a 16 puntos de su contrincante, la candidata Sheinbaum. Primero, la primera pregunta, su opini\u00f3n sobre c\u00f3mo van avanzando las encuestas.<\/p>\n\n\n\n<p class=\"wp-block-paragraph\"><strong>XGR: <\/strong>Pues estoy muy contenta porque, bueno, seis puntos, seis puntos hacia arriba son importantes.<\/p>\n\n\n\n<p class=\"wp-block-paragraph\">Miren, ha habido una embestida de una dimensi\u00f3n brutal en los portales afines a la 4T. Brutal. Millones de pesos pagados en portales para difamarme, para agredirme, para ridiculizarme y nadie dice de d\u00f3nde viene ese dinero para atacarme.<\/p>\n\n\n\n<p class=\"wp-block-paragraph\">Y aun as\u00ed reflejo un crecimiento. Pues quiere decir que los mexicanos ya saben qui\u00e9n soy. Ya leyeron mi historia. Ya saben que soy una mujer honesta, que soy una mujer trabajadora, que soy una mujer que siempre se ha preocupado de a deveras de los m\u00e1s pobres. Y eso tarde que temprano se iba a reflejar en las encuestas p\u00fablicas.<\/p>\n\n\n\n<p class=\"wp-block-paragraph\">Seis puntos arriba es una buena noticia y a m\u00ed lo que me refleja es un crecimiento positivo. Se los he dicho, esto se va a cerrar y a medida que se cierre, este gobierno se va a radicalizar. As\u00ed es que estoy lista para lo que venga.<\/p>\n\n\n\n<p class=\"wp-block-paragraph\">Y le vuelvo a decir al presidente, pues no, no le tengo miedo.<\/p>\n\n\n\n<p class=\"wp-block-paragraph\"><strong>P: <\/strong>Candidata, y la segunda pregunta es en relaci\u00f3n a la lista de los periodistas que cubren la ma\u00f1anera y que se filtr\u00f3. Hoy el presidente L\u00f3pez Obrador reconoce que hubo un hackeo, pero \u00e9l responsabiliza a la oposici\u00f3n. Incluso dijo que detr\u00e1s de esto est\u00e1 Claudio X. Gonz\u00e1lez. \u00bfQu\u00e9 opini\u00f3n le merece esto?<\/p>\n\n\n\n<p class=\"wp-block-paragraph\"><strong>XGR: <\/strong>Cuando no das resultados, das pretextos. Eso se llama ser ineptos. Y lo que son, son unos ineptos.<\/p>\n\n\n\n<p class=\"wp-block-paragraph\">Cancelaron muchos recursos para softwares de protecci\u00f3n. Obviamente todo mundo nos intenta hackear. \u00bfSaben cu\u00e1ntas veces me han intentado hackear? He tenido momentos cr\u00edticos de hackeo a mis cuentas, pero obviamente tengo una protecci\u00f3n a mis redes que lo he detectado y pues he logrado evitar el hackeo, pero la verdad es que traer a gente con el cero conocimiento en materia de seguridad cibern\u00e9tica tiene sus resultados.<\/p>\n\n\n\n<p class=\"wp-block-paragraph\">Si hackearon al Ej\u00e9rcito, que no hackeen a Palacio Nacional, de verdad deja mucho que desear la capacidad y el talento de este gobierno. Es su responsabilidad. Que deje de echarle la culpa a los dem\u00e1s. Nada m\u00e1s falt\u00f3 que dijera que era Calder\u00f3n el culpable. Nada m\u00e1s eso falt\u00f3. Porque todo lo que pasa en este pa\u00eds es culpa de Calder\u00f3n. Entonces, esa es su culpa. Es la culpa de ellos que dejen de responsabilizar a otros mexicanos de su ineptitud, de su incapacidad. \u00bfC\u00f3mo s\u00ed hay dinero para la corrupci\u00f3n de los L\u00f3pez y no hay dinero para los softwares?<\/p>\n\n\n\n<p class=\"wp-block-paragraph\"><strong>MODERADOR: Tania G\u00f3mez, La Lista<\/strong>.<\/p>\n\n\n\n<p class=\"wp-block-paragraph\"><strong>P: <\/strong>Hola, candidata, precandidata. Buen d\u00eda. Preg\u00fantale, Alejandro Rojas D\u00edaz Dur\u00e1n ya es un hecho que va a estar con usted. Si va a tener alg\u00fan cargo al interior de su equipo principal y si va a abrirle la puerta a cualquier morenista sin condici\u00f3n alguna o \u00bfqu\u00e9 condici\u00f3n le pondr\u00eda, acaso, a quienes deciden abandonar las filas de Morena para buscar estar con usted? Y si me permite, le hago otra pregunta.<\/p>\n\n\n\n<p class=\"wp-block-paragraph\"><strong>XGR: <\/strong>Mira, yo con el senador constru\u00ed una buena amistad porque \u00e9ramos compa\u00f1eros de curul y platic\u00e1bamos mucho y siempre me dec\u00eda que estaba de acuerdo con lo que yo dec\u00eda, pero que no pod\u00eda votar porque obviamente les daban l\u00ednea en su partido. Eso lo viv\u00ed mucho con \u00e9l. S\u00ed tuvo votos diferenciados, s\u00ed tuvo votos valientes, s\u00ed hubo momentos en donde dijo de plano esto de la militarizaci\u00f3n o este tema no lo voy a votar.<\/p>\n\n\n\n<p class=\"wp-block-paragraph\">Siempre fue un hombre cr\u00edtico dentro de Morena y eso se agradece, porque creo que lo peor que le puede pasar a una persona es creer que todo lo que hace est\u00e1 bien. Y eso es lo que le pas\u00f3 a Morena. No aceptan la cr\u00edtica. Y en ese sentido yo le reconozco al senador esa capacidad y por supuesto que es bienvenido y sobre todo debe haber muchos morenistas, muchos, que no est\u00e1n buscando un cargo p\u00fablico, que lo que est\u00e1n buscando es regresarle la paz y la tranquilidad al pa\u00eds.<\/p>\n\n\n\n<p class=\"wp-block-paragraph\">Debe haber muchos morenistas que les da miedo que sus hijos salgan a la calle. Muchos morenistas que est\u00e1n en contra de que se haya militarizado el pa\u00eds. Seguramente hay morenistas sin medicamentos que hablan a la megafarmacia y les toman el pelo. Esos, todos esos son bienvenidos.<\/p>\n\n\n\n<p class=\"wp-block-paragraph\"><strong>P: <\/strong>Ahora d\u00e9jeme preguntar, d\u00e9jeme retomar parte de lo que comentaban o preguntaban mis compa\u00f1eros respecto a las listas de plurinominales. Si est\u00e1 usted de acuerdo que ocupen en primer y segundo lugar o los primeros lugares Marko Cort\u00e9s y Alito Moreno. Y adem\u00e1s usted pone de ejemplo Germ\u00e1n Mart\u00ednez, la ex primera dama, que ellos en este momento no tienen partido, sin embargo, s\u00ed tienen antecedentes de haber estado en el PAN, de haber estado en Morena, de haber&#8230; bueno, Margarita Zavala tambi\u00e9n estuvo en el PAN. \u00bfQu\u00e9 decir al respecto cuando usted lo pone de ejemplo de Ciudadanos? Gracias.<\/p>\n\n\n\n<p class=\"wp-block-paragraph\"><strong>XGR: <\/strong>A ver, no es la facultad de la candidata hacer las listas. Si me la dan, pues yo hago otras listas, pero no, esa decisi\u00f3n la toman los consejeros, la toman los militantes de los partidos y es su derecho. Yo la respeto. A m\u00ed me parece que hay gente valiosa, hay gente capaz, hay gente que&#8230; Yo veo un Manlio Fabio Beltrones y me da gusto que regrese al Senado gente que sabe, porque en el Senado vimos muchas ocurrencias y mucha incapacidad. Entonces, yo celebro que haya gente capaz.<\/p>\n\n\n\n<p class=\"wp-block-paragraph\">Es facultad de los militantes poner a los presidentes de los partidos, con los cuales tengo una buena relaci\u00f3n, la verdad. Al menos a mi persona siempre se han dirigido con respeto y yo le reconozco y le respeto a los dirigentes de los partidos.<\/p>\n\n\n\n<p class=\"wp-block-paragraph\"><strong>MODERADOR: Carlos Guzm\u00e1n, Avan Radio<\/strong>.<\/p>\n\n\n\n<p class=\"wp-block-paragraph\"><strong>P:<\/strong> X\u00f3chitl \u00bfc\u00f3mo est\u00e1s? Buen d\u00eda para todas. Buen d\u00eda.<\/p>\n\n\n\n<p class=\"wp-block-paragraph\"><strong>XGR: <\/strong>Buen d\u00eda, buen d\u00eda.<\/p>\n\n\n\n<p class=\"wp-block-paragraph\"><strong>P: <\/strong>Dos temas, X\u00f3chitl , muy r\u00e1pidos. El primero es&#8230; T\u00fa hiciste una propuesta al INE para que ampliar el plazo de credencializaci\u00f3n de primera vez. Y obviamente tambi\u00e9n el de renovaci\u00f3n. En el caso de renovaci\u00f3n, pues es hasta el&#8230; si no mal recuerdo, 20 del mes de mayo, en el caso de lo primero, no. Es reiterar, si t\u00fa har\u00edas nuevamente el exhorto, la invitaci\u00f3n al INE para que ampl\u00ede el plazo de los m\u00f3dulos para estas primeras veces, sabiendo que hay muchos j\u00f3venes que se quedaron fuera para el tema de la votaci\u00f3n. Y lo segundo, muy r\u00e1pido. Por ah\u00ed hay un partido que se llama Fuerza por M\u00e9xico que est\u00e1 apelando el tema del nombre de la coalici\u00f3n de Fuerza y Coraz\u00f3n por M\u00e9xico. \u00bfC\u00f3mo va ese tema? \u00bfQu\u00e9 le respondes? \u00bfHabr\u00e1 mano negra? \u00bfQu\u00e9 le responde la se\u00f1ora en esta demanda? Muchas gracias, X\u00f3chitl.<\/p>\n\n\n\n<p class=\"wp-block-paragraph\"><strong>XGR:<\/strong> Pues mira, Fuerza por M\u00e9xico no es lo mismo que Fuerza y Coraz\u00f3n. Les falt\u00f3 el coraz\u00f3n y ese s\u00ed lo tengo yo. Ese era un partido sin coraz\u00f3n.<\/p>\n\n\n\n<p class=\"wp-block-paragraph\">Mira, obviamente la credencializaci\u00f3n hay tiempos. A m\u00ed me preocupa un poco el de los migrantes. S\u00e9 que se hizo una ampliaci\u00f3n de plazo para aqu\u00ed, ojal\u00e1 se hiciera para los migrantes, porque en muchos consulados no hab\u00eda la capacidad para atender a los migrantes hab\u00eda poco personal.<\/p>\n\n\n\n<p class=\"wp-block-paragraph\">Y creo que all\u00e1 s\u00ed se deber\u00eda de ampliar el plazo porque son muy pocos los que se han inscrito para poder votar en el extranjero. Entonces, ojal\u00e1 el INE analice un poco el tema de los migrantes. Me voy a reunir con varios de ellos en Washington y en Nueva York, pero pues aqu\u00ed finalmente, pues s\u00ed, los mexicanos tenemos que aprender a saber que hay tiempos y que se vencen. S\u00ed me llevaron la atenci\u00f3n. Me dio gusto ver las filas que hab\u00eda, pero pues creo que esa es una decisi\u00f3n de los consejeros y ya la tomaron y yo la respeto.<\/p>\n\n\n\n<p class=\"wp-block-paragraph\">Y en el caso de Fuerza por M\u00e9xico, pues no es lo mismo y de hecho registramos el nombre ante el Instituto de Propiedad Intelectual porque se registra antes de utilizarse y si me lo autorizaron, pues ah\u00ed es a donde est\u00e1 la facultad. Yo solo cumplo con la ley. Jamad\u00ed. Dunti Jamad\u00ed. Na\u00f1\u00fa de mi tierra Dunti Jamad\u00ed, muchas gracias.<\/p>\n\n\n\n<p class=\"wp-block-paragraph\"><strong>MODERADOR: <\/strong>Vamos con las dos \u00faltimas preguntas. <strong>Ser\u00eda Israel Aldave, Radio F\u00f3rmula. Y ir\u00edamos al final con (Francisco) Garfias del peri\u00f3dico Exc\u00e9lsior.<\/strong><\/p>\n\n\n\n<p class=\"wp-block-paragraph\"><strong>P:<\/strong> Hola, pre candidata, buenas tardes. Quisiera preguntarle, acaba usted de estar ante el American Society. Quisiera preguntarle cu\u00e1l debe de ser la relaci\u00f3n de M\u00e9xico con el gobierno de los Estados Unidos, ahora que el presidente Biden parece que coincide con el candidato Trump, en el sentido de cerrar la frontera. Quisiera preguntarle eso en primer lugar.<\/p>\n\n\n\n<p class=\"wp-block-paragraph\"><strong>XGR: <\/strong>Mira, la verdad de las cosas es que m\u00e1s que vecinos somos amigos. Estados Unidos, Canad\u00e1 y M\u00e9xico, pues compartimos muchos intereses en com\u00fan.<\/p>\n\n\n\n<p class=\"wp-block-paragraph\">Yo me quiero imaginar un d\u00eda de cierre de frontera con el traspaso de mercanc\u00edas, comida, productos, eso ser\u00eda un caos para ambos pa\u00edses. Creo que es poco probable que se haga.<\/p>\n\n\n\n<p class=\"wp-block-paragraph\">Es un tema tambi\u00e9n de car\u00e1cter electoral. Tendr\u00edamos que ir al fondo del por qu\u00e9 tenemos esta crisis migratoria.<\/p>\n\n\n\n<p class=\"wp-block-paragraph\">Lo dije hoy en esta reuni\u00f3n. El nearshoring es la mayor oportunidad en la historia del pa\u00eds, la mayor. No se va a volver a presentar en varias d\u00e9cadas. Y yo estoy segura que si hici\u00e9ramos el trabajo de este lado, si hubiera una mente que le entendiera al mundo y no una mente que piense en el pasado, M\u00e9xico podr\u00eda estar trayendo muchas de esas inversiones. \u00bfQu\u00e9 pas\u00f3 con el litio? Lo nacionalizamos y se freg\u00f3 la cosa.<\/p>\n\n\n\n<p class=\"wp-block-paragraph\">O sea, no. Y cuando ya saquen el medio kilo de litio, pues a lo mejor las bater\u00edas ya son de sodio o de otro mineral. Entonces, hay momentos, hay oportunidades que se dejan pasar y este es el momento donde podemos generar empleos bien pagados y as\u00ed evitar la migraci\u00f3n de nuestros mexicanos a Estados Unidos. De verdad. Y entonces Estados Unidos suplicar\u00eda mano de obra mexicana. Esa ser\u00eda una relaci\u00f3n totalmente distinta.<\/p>\n\n\n\n<p class=\"wp-block-paragraph\">Y el tema de los centroamericanos, pues tenemos que reanalizar por qu\u00e9 aceptamos ser tercer pa\u00eds seguro sin ninguna condici\u00f3n a cambio. En los a\u00f1os anteriores, no se hab\u00eda aceptado porque debe haber habido un recurso econ\u00f3mico que permitiera invertir en capacitaci\u00f3n en centros migratorios ordenados, no centros migratorios, dir\u00eda yo, m\u00e1s bien albergues para ellos, para esperar. Capacitaci\u00f3n para el empleo y que puedan tener un empleo en lo que les dan su visa humanitaria. Hay mucha necesidad. De hecho, hay una empresa que ha contratado a dos mil migrantes en trabajo temporal. O sea, trabajo ah\u00ed en M\u00e9xico. Entonces creo que tenemos que abordar la relaci\u00f3n de una manera distinta, no con valentonadas, sino m\u00e1s bien con inteligencia. Entonces, ahorita que pase la campa\u00f1a ya despu\u00e9s nos sentamos.<\/p>\n\n\n\n<p class=\"wp-block-paragraph\"><strong>P: <\/strong>Oiga, y dos, r\u00e1pidamente, \u00bfqu\u00e9 le responder\u00eda al presidente de la Rep\u00fablica cuando se enter\u00f3 de este ejercicio, de esta conferencia hoy vespertina? Dijo que los fif\u00eds no se despertaban temprano, no se levantaban temprano.<\/p>\n\n\n\n<p class=\"wp-block-paragraph\"><strong>XGR: <\/strong>Pues mira, yo creo que hay miles de mexicanos que nos levantamos temprano. Su servidora se levanta todos los d\u00edas cinco treinta de la ma\u00f1ana. Todos los d\u00edas desde ni\u00f1a me levanto muy temprano. Soy una mujer que se levanta temprano como miles de mujeres, esas son las verdaderas ma\u00f1aneras, por cierto, las que llevan a sus hijos a la escuela, las que salen a vender los tamales, las que salen a trabajar, las que van a la universidad.<\/p>\n\n\n\n<p class=\"wp-block-paragraph\">Yo, \u00e9l es el \u00fanico hombre que conozco que se levanta temprano, pero no para trabajar, sino para fregar a los mexicanos, a los periodistas y a quien se le cruce enfrente.<\/p>\n\n\n\n<p class=\"wp-block-paragraph\"><strong>MODERADOR:<\/strong>&nbsp; <strong>\u00daltima pregunta, Francisco Garfias.<\/strong><\/p>\n\n\n\n<p class=\"wp-block-paragraph\"><strong>P:<\/strong> X\u00f3chitl, iniciaste la conferencia hablando de esa catedral de las mentiras en las que se ha convertido la ma\u00f1anera. A prop\u00f3sito, el presidente L\u00f3pez Obrador dijo hoy en la ma\u00f1ana, en treinta minutos de discusi\u00f3n que tuvo con Jorge Ramos, que M\u00e9xico es un pa\u00eds pac\u00edfico donde hay crecimiento, donde hay empleo y donde hay bienestar. \u00bfCu\u00e1l ser\u00eda tu respuesta a esta reflexi\u00f3n? Porque a m\u00ed me brinc\u00f3.<\/p>\n\n\n\n<p class=\"wp-block-paragraph\"><strong>XGR:<\/strong> Es que el presidente cree, yo creo que como dej\u00f3 de subirse en los aviones comerciales, yo creo que por miedo a los reclamos, no se atrevi\u00f3 a ir a Acapulco, no se atrevi\u00f3 a caminar por las calles de Acapulco, seguramente por miedo, por los reclamos, porque decir que en cuarenta y ocho horas quedar\u00eda la energ\u00eda el\u00e9ctrica reinstalada cuando pasaron semanas y semanas, porque no se dio cuenta de la dimensi\u00f3n del desastre.<\/p>\n\n\n\n<p class=\"wp-block-paragraph\">Porque \u00e9l vive apartado con lo que le dicen sus asesores. Y de hecho, su candidata, su corcholata, dice lo mismo, que M\u00e9xico est\u00e1 mejor que nunca, que M\u00e9xico est\u00e1 pac\u00edfico, porque obviamente sus hijos son a los que s\u00ed les ha ido bien. A los L\u00f3pez les ha ido extraordinariamente bien, tienen seguridad, tienen escoltas. O sea, sus hijos&#8230; pero hay una se\u00f1ora en el Z\u00f3calo esper\u00e1ndome porque mataron a su hija hace tres a\u00f1os y no la han recibido. Hay mujeres que buscan todos los d\u00edas a sus hijos. Hay comerciantes en el Estado de M\u00e9xico que les cobran derecho de piso en el pollo y en el huevo. O sea, no hay manera de decir eso. Porque \u00e9l no tiene coraz\u00f3n porque \u00e9l no siente lo que est\u00e1n sintiendo los mexicanos.<\/p>\n\n\n\n<p class=\"wp-block-paragraph\">Es un hombre insensible que no le importa el dolor de los mexicanos. S\u00f3lo as\u00ed puedes hacer una aseveraci\u00f3n de ese tama\u00f1o.<\/p>\n\n\n\n<p class=\"wp-block-paragraph\">\u00bfPor qu\u00e9 se han ido tantos mexicanos al exterior a buscar trabajo? Por supuesto que en los sexenios de Fox, de Calder\u00f3n y de Pe\u00f1a dej\u00f3 de haber tanta migraci\u00f3n. Hoy se fue hacia arriba por dos razones. Una por empleo y otra por inseguridad. Mucha gente est\u00e1 dejando sus estados por la inseguridad.<\/p>\n\n\n\n<p class=\"wp-block-paragraph\">Entonces, le dir\u00eda al presidente \u00a1Salga! \u00a1Salga! \u00a1Salga a la calle! \u00a1Camine! \u00a1Dese una vuelta! \u00a1S\u00fabase a un avi\u00f3n p\u00fablico! \u00a1S\u00fabase al avi\u00f3n nuevamente! \u00a1Vaya a Acapulco! \u00a1Camine a las calles! Y va a ver lo que se va a encontrar. \u00a1Vaya a Texcapilla! \u00a1Hable con los ejidatarios! \u00a1Vaya a Michoac\u00e1n! \u00a1Hable con los aguacateros! \u00a1Hable con los limoneros! \u00a1Hable con las madres buscadoras! \u00a1Ya! \u00a1Ya s\u00e1lgase de Palacio Nacional!<\/p>\n\n\n\n<p class=\"wp-block-paragraph\"><strong>M\u00e9xico no es Palacio Nacional. M\u00e9xico es un pa\u00eds que est\u00e1 sufriendo<\/strong>.<\/p>\n\n\n\n<p class=\"wp-block-paragraph\"><strong>MODERADOR:&nbsp; M<\/strong>uch\u00edsimas gracias a todos. Nos vemos ma\u00f1ana a 10 de la ma\u00f1ana. Gracias.<\/p>\n","protected":false},"excerpt":{"rendered":"<p>El ejercicio iniciado, en intercampa\u00f1a, por la ingeniera G\u00e1lvez Ru\u00edz, incluy\u00f3 otros temas, como, la importancia de ejercer el derecho de r\u00e9plica, cegado en esta administraci\u00f3n, dijo que se lo negaron en Palacio Nacional<\/p>\n","protected":false},"author":3,"featured_media":76691,"comment_status":"open","ping_status":"open","sticky":false,"template":"","format":"standard","meta":{"_monsterinsights_skip_tracking":false,"footnotes":""},"categories":[141],"tags":[228,149],"class_list":["post-76690","post","type-post","status-publish","format-standard","has-post-thumbnail","category-elecciones-2020-2021","tag-elecciones","tag-mujeres"],"_links":{"self":[{"href":"https:\/\/redsemlac.com\/semmexico\/wp-json\/wp\/v2\/posts\/76690","targetHints":{"allow":["GET"]}}],"collection":[{"href":"https:\/\/redsemlac.com\/semmexico\/wp-json\/wp\/v2\/posts"}],"about":[{"href":"https:\/\/redsemlac.com\/semmexico\/wp-json\/wp\/v2\/types\/post"}],"author":[{"embeddable":true,"href":"https:\/\/redsemlac.com\/semmexico\/wp-json\/wp\/v2\/users\/3"}],"replies":[{"embeddable":true,"href":"https:\/\/redsemlac.com\/semmexico\/wp-json\/wp\/v2\/comments?post=76690"}],"version-history":[{"count":0,"href":"https:\/\/redsemlac.com\/semmexico\/wp-json\/wp\/v2\/posts\/76690\/revisions"}],"wp:featuredmedia":[{"embeddable":true,"href":"https:\/\/redsemlac.com\/semmexico\/wp-json\/wp\/v2\/media\/76691"}],"wp:attachment":[{"href":"https:\/\/redsemlac.com\/semmexico\/wp-json\/wp\/v2\/media?parent=76690"}],"wp:term":[{"taxonomy":"category","embeddable":true,"href":"https:\/\/redsemlac.com\/semmexico\/wp-json\/wp\/v2\/categories?post=76690"},{"taxonomy":"post_tag","embeddable":true,"href":"https:\/\/redsemlac.com\/semmexico\/wp-json\/wp\/v2\/tags?post=76690"}],"curies":[{"name":"wp","href":"https:\/\/api.w.org\/{rel}","templated":true}]}}