{"id":76678,"date":"2024-01-29T15:47:12","date_gmt":"2024-01-29T21:47:12","guid":{"rendered":"https:\/\/redsemlac.com\/semmexico\/?p=76678"},"modified":"2024-01-29T15:47:12","modified_gmt":"2024-01-29T21:47:12","slug":"cuba-juegos-de-libertad-una-iniciativa-para-infancias-libres-de-racismo","status":"publish","type":"post","link":"https:\/\/redsemlac.com\/semmexico\/cuba-juegos-de-libertad-una-iniciativa-para-infancias-libres-de-racismo\/","title":{"rendered":"Cuba: Juegos de libertad, una iniciativa para infancias libres de racismo"},"content":{"rendered":"\n<p class=\"wp-block-paragraph\"><strong>Lisandra Fari\u00f1as*<\/strong><\/p>\n\n\n\n<p class=\"wp-block-paragraph\">SemM\u00e9xico\/SemLac, La Habana, Cuba, 29 de &nbsp;enero, 2024.- &nbsp;Brindar a ni\u00f1os y ni\u00f1as afrodescendientes la oportunidad de conocer y valorar su identidad, su cabello y su cultura, promoviendo un sentido de pertenencia y empoderamiento desde temprana edad, son prop\u00f3sitos de la colecci\u00f3n Cuba: Juegos de libertad, compuesta por un kit de siete juegos did\u00e1cticos y el libro Historias de Afroestima. Mi cabello rizado.<\/p>\n\n\n\n<p class=\"wp-block-paragraph\">La iniciativa, presentada el 27 de enero en la Vitrina de Valonia, en La Habana Vieja, es una propuesta de Rizo Libre, un proyecto que defiende la afroest\u00e9tica, impulsa apoyo a la comunidad \u00abafro rizada\u00bb y promueve el di\u00e1logo, la capacitaci\u00f3n y espacios de socializaci\u00f3n para abordar temas relacionados con la cultura, la identidad, la est\u00e9tica afrodescendiente, el racismo y la discriminaci\u00f3n.<\/p>\n\n\n\n<p class=\"wp-block-paragraph\">Para Yadira Rachel Vargas Horta, creadora y fundadora de Rizo libre y de la colecci\u00f3n, es urgente abordar y contrarrestar el impacto negativo que el racismo puede tener en la infancia.<\/p>\n\n\n\n<p class=\"wp-block-paragraph\">\u00abEl costo de interiorizar constantemente emociones negativas durante esta etapa de la vida es muy alto y termina afectando la salud de ni\u00f1as y ni\u00f1os, convirti\u00e9ndoles en adultos con muchas carencias afectivas y emocionales\u00bb, apunt\u00f3.<\/p>\n\n\n\n<p class=\"wp-block-paragraph\">Durante la presentaci\u00f3n, Vargas Horta se\u00f1al\u00f3 que el racismo, incluso en sus manifestaciones m\u00e1s sutiles, afecta la formaci\u00f3n de la personalidad de los ni\u00f1os a trav\u00e9s de las representaciones, valores y significados que se les atribuyen a las diferencias.<\/p>\n\n\n\n<p class=\"wp-block-paragraph\">Como parte de la herencia gen\u00e9tica, el cabello sigue siendo un marcador de discriminaci\u00f3n, debido a la naturalizaci\u00f3n hist\u00f3rica de desigualdades sociales basadas en diferencias fenot\u00edpicas, dijo.<\/p>\n\n\n\n<p class=\"wp-block-paragraph\">En su opini\u00f3n, \u00abla significaci\u00f3n negativa que se ha dado al cabello afro\/rizado, hist\u00f3ricamente, ha cristalizado en mujeres con baja autoestima, inseguras de su imagen. Pasar esas ideas a nuestros ni\u00f1os y ni\u00f1as, ense\u00f1arles que deben verse diferentes para tener oportunidades, convencerlos de que llevar el cabello afro es una desventaja, no alertarlos de los escenarios donde ejercen violencia est\u00e9tica sobre ellas y ellos, es un acto de perpetuaci\u00f3n de racismo\u00bb, consider\u00f3 la tambi\u00e9n historiadora del arte.<\/p>\n\n\n\n<p class=\"wp-block-paragraph\">\u00abPor estas razones, que a\u00fan siguen persistiendo en Cuba, se siguen necesitando espacios, activistas y mucho di\u00e1logo para que el racismo no lastre la condici\u00f3n humana de la poblaci\u00f3n de negros y mestizos en nuestro pa\u00eds\u00bb, afirm\u00f3.<\/p>\n\n\n\n<p class=\"wp-block-paragraph\">Rizo Libre ha trabajado desde su creaci\u00f3n como sal\u00f3n de est\u00e9tica afro en la creaci\u00f3n de contenido que visibilice las transformaciones de peinados y brinde oportunidades para que las mujeres experimenten con su cabello natural, sostuvo Vargas Horta.<\/p>\n\n\n\n<h2 class=\"wp-block-heading\"><strong><em>Promover la \u00abafroestima\u00bb<\/em><\/strong><\/h2>\n\n\n\n<p class=\"wp-block-paragraph\">De acuerdo con la emprendedora, al ampliar su enfoque hacia los talleres infantiles se dieron cuenta de la falta de representaci\u00f3n y materiales l\u00fadicos que aborda la est\u00e9tica afro\/rizada como un tema necesario en el universo infantil. As\u00ed naci\u00f3 la colecci\u00f3n \u00abCuba: Juegos de libertad\u00bb y el libro Historias de Afroestima. Mi cabello rizado, dijo.<\/p>\n\n\n\n<p class=\"wp-block-paragraph\">Mediante cinco historias, el libro busca responder a las dudas de los ni\u00f1os sobre las particularidades y caracter\u00edsticas de su cabello afro\/rizado, para fomentar la aceptaci\u00f3n de su naturaleza y evitar que se adapten a los mensajes negativos que reciben de otros.<\/p>\n\n\n\n<p class=\"wp-block-paragraph\">Adem\u00e1s, invita a explorar las emociones asociadas a las pr\u00e1cticas culturales de cuidado del cabello y a descubrir la historia detr\u00e1s de estas pr\u00e1cticas, que han enriquecido la est\u00e9tica afro rizada. Seg\u00fan Vargas Horta, se trata de \u00abun libro para ser libres\u00bb.<\/p>\n\n\n\n<p class=\"wp-block-paragraph\">Aunque se refiere mayormente al cabello, este concepto se aplica a todos los aspectos de nuestra identidad, enfatiz\u00f3 Vargas Horta.<\/p>\n\n\n\n<p class=\"wp-block-paragraph\">\u00abNo debemos permitir que nuestra voz interior, esa que a menudo critica nuestra apariencia frente al espejo, est\u00e9 influenciada por un sistema de pensamiento arraigado desde la infancia y que se encuentra presente en la familia, la escuela y otras instituciones. Si logramos romper con estos patrones desde el hogar, los ni\u00f1os podr\u00e1n crecer con una autoestima s\u00f3lida\u00bb, destac\u00f3.<\/p>\n\n\n\n<p class=\"wp-block-paragraph\">De alg\u00fan modo, dijo, son tambi\u00e9n productos para padres y madres, para reflexionar sobre la \u00abimportancia de que las mujeres tomen su cabello con sus propias manos y se apropien de su cuerpo\u00bb.<\/p>\n\n\n\n<p class=\"wp-block-paragraph\">\u00abNo necesitamos que alguien m\u00e1s venga y nos diga c\u00f3mo definir nuestro cabello de manera perfecta, porque no se trata solo de definici\u00f3n. Se trata de comprender que la colonialidad nos ha impuesto dejar de pensar en nosotras mismas para buscar un estereotipo que no nos pertenece\u00bb, se\u00f1al\u00f3.<\/p>\n\n\n\n<p class=\"wp-block-paragraph\">Por otro lado, los siete juegos did\u00e1cticos que componen el kit tienen como objetivo enriquecer el vocabulario, abordar las pr\u00e1cticas de cuidado del cabello y representar su versatilidad. Domin\u00f3, parch\u00eds, libro de colorear, tarjetas did\u00e1cticas, entre otros recursos, est\u00e1n dise\u00f1ados para fortalecer el pensamiento l\u00f3gico, las habilidades de lectura y escritura, as\u00ed como para promover la gesti\u00f3n de emociones.<\/p>\n\n\n\n<p class=\"wp-block-paragraph\">Vargas Horta insisti\u00f3 en la importancia de explorar las emociones durante la infancia, ya que estas contribuyen a formar la voz interior de cada individuo, que puede influir en su perspectiva del mundo.<\/p>\n\n\n\n<p class=\"wp-block-paragraph\">Se\u00f1al\u00f3 que \u00abJuegos de libertad\u00bb representa una victoria para Rizo Libre y un paso importante hacia la promoci\u00f3n de la autoestima en la infancia afrodescendiente, al constituir la primera colecci\u00f3n de did\u00e1cticos y el libro de historias sobre est\u00e9tica afro\/rizada dedicados a la poblaci\u00f3n infantil en el pa\u00eds.<\/p>\n\n\n\n<p class=\"wp-block-paragraph\">\u00abEstos materiales no solo buscan empoderar a ni\u00f1os y ni\u00f1as afro rizados, sino tambi\u00e9n fomentar la inclusi\u00f3n, el respeto y la valoraci\u00f3n de la diversidad en la sociedad cubana\u00bb, destac\u00f3 su creadora, quien refiri\u00f3 que en el perfil de Rizo Libre puede obtenerse m\u00e1s informaci\u00f3n sobre la colecci\u00f3n y el libro, as\u00ed como el modo de acceder a estos recursos.<\/p>\n\n\n\n<p class=\"wp-block-paragraph\">\u00abEn muchas actividades que hemos desarrollado con ni\u00f1as y ni\u00f1os afrodescendientes, la respuesta m\u00e1s com\u00fan sobre su cabello es que es el m\u00e1s hermoso del mundo. \u00bfPor qu\u00e9 querr\u00edamos cambiar luego esa respuesta? Juegos de libertad es una oportunidad para, desde el amor, sentir orgullo de quienes somos\u00bb, afirm\u00f3 Vargas Horta.<\/p>\n\n\n\n<p class=\"wp-block-paragraph\">*lisycolor5@gmail.com<\/p>\n","protected":false},"excerpt":{"rendered":"<p>\u00a0Brindar a ni\u00f1os y ni\u00f1as afrodescendientes la oportunidad de conocer y valorar su identidad, su cabello y su cultura, promoviendo un sentido de pertenencia y empoderamiento desde temprana edad, son prop\u00f3sitos de la colecci\u00f3n Cuba<\/p>\n","protected":false},"author":3,"featured_media":76680,"comment_status":"open","ping_status":"open","sticky":false,"template":"","format":"standard","meta":{"_monsterinsights_skip_tracking":false,"footnotes":""},"categories":[703],"tags":[],"class_list":["post-76678","post","type-post","status-publish","format-standard","has-post-thumbnail","category-infancia"],"_links":{"self":[{"href":"https:\/\/redsemlac.com\/semmexico\/wp-json\/wp\/v2\/posts\/76678","targetHints":{"allow":["GET"]}}],"collection":[{"href":"https:\/\/redsemlac.com\/semmexico\/wp-json\/wp\/v2\/posts"}],"about":[{"href":"https:\/\/redsemlac.com\/semmexico\/wp-json\/wp\/v2\/types\/post"}],"author":[{"embeddable":true,"href":"https:\/\/redsemlac.com\/semmexico\/wp-json\/wp\/v2\/users\/3"}],"replies":[{"embeddable":true,"href":"https:\/\/redsemlac.com\/semmexico\/wp-json\/wp\/v2\/comments?post=76678"}],"version-history":[{"count":0,"href":"https:\/\/redsemlac.com\/semmexico\/wp-json\/wp\/v2\/posts\/76678\/revisions"}],"wp:featuredmedia":[{"embeddable":true,"href":"https:\/\/redsemlac.com\/semmexico\/wp-json\/wp\/v2\/media\/76680"}],"wp:attachment":[{"href":"https:\/\/redsemlac.com\/semmexico\/wp-json\/wp\/v2\/media?parent=76678"}],"wp:term":[{"taxonomy":"category","embeddable":true,"href":"https:\/\/redsemlac.com\/semmexico\/wp-json\/wp\/v2\/categories?post=76678"},{"taxonomy":"post_tag","embeddable":true,"href":"https:\/\/redsemlac.com\/semmexico\/wp-json\/wp\/v2\/tags?post=76678"}],"curies":[{"name":"wp","href":"https:\/\/api.w.org\/{rel}","templated":true}]}}