{"id":76655,"date":"2024-01-29T13:30:36","date_gmt":"2024-01-29T19:30:36","guid":{"rendered":"https:\/\/redsemlac.com\/semmexico\/?p=76655"},"modified":"2024-01-29T13:30:37","modified_gmt":"2024-01-29T19:30:37","slug":"ana-ofelia-murguia-imagen-imprescindible-en-los-teatros-y-el-cine","status":"publish","type":"post","link":"https:\/\/redsemlac.com\/semmexico\/ana-ofelia-murguia-imagen-imprescindible-en-los-teatros-y-el-cine\/","title":{"rendered":"Ana Ofelia Murgu\u00eda,\u00a0imagen imprescindible en los teatros y el cine"},"content":{"rendered":"\n<ul class=\"wp-block-list\">\n<li><strong>La Secretar\u00eda de Cultura federal y el Inbal realizaron un emotivo homenaje en el m\u00e1ximo recinto cultural del pa\u00eds<\/strong><strong><\/strong><\/li>\n<\/ul>\n\n\n\n<ul class=\"wp-block-list\">\n<li><strong>El p\u00fablico, familiares, compa\u00f1eros y amigos dedicaron un minuto de aplausos a la actriz de n\u00famero de la Compa\u00f1\u00eda Nacional de Teatro<\/strong><strong><\/strong><\/li>\n<\/ul>\n\n\n\n<p class=\"wp-block-paragraph\"><strong>Redacci\u00f3n<\/strong><strong><\/strong><\/p>\n\n\n\n<p class=\"wp-block-paragraph\">SemM\u00e9xico, Ciudad de M\u00e9xico, 29 de enero, 2024.- Las autoridades culturales del gobierno rindieron un emotivo&nbsp;homenaje p\u00f3stumo a la primera actriz Ana Ofelia Murgu\u00eda en la Sala Principal del Palacio de Bellas Artes, por su fundamental trayectoria art\u00edstica en radio, cine, teatro y televisi\u00f3n.<\/p>\n\n\n\n<p class=\"wp-block-paragraph\">Este homenaje estuvo a cargo de la Secretar\u00eda de Cultura del Gobierno de M\u00e9xico y el Instituto Nacional de Bellas Artes y Literatura (Inbal), a trav\u00e9s de la Compa\u00f1\u00eda Nacional de Teatro, en colaboraci\u00f3n con el Instituto Mexicano de Cinematograf\u00eda (Imcine) y la Cineteca Nacional.<\/p>\n\n\n\n<p class=\"wp-block-paragraph\">En su mensaje a trav\u00e9s de un video, la secretaria de Cultura federal, Alejandra Frausto Guerrero, afirm\u00f3: \u201cEn el m\u00e1ximo escenario para las artes en M\u00e9xico despedimos a una de las m\u00e1s grandes estrellas que ha pisado los escenarios, que ha llenado las pantallas, Ana Ofelia Murgu\u00eda. Cuando conoci\u00f3 un escenario, supo que no se iba a bajar de \u00e9l. Tuvo una trayectoria con personajes que todos recordamos de manera entra\u00f1able\u201d.<\/p>\n\n\n\n<p class=\"wp-block-paragraph\">La directora general del Inbal, Lucina Jim\u00e9nez L\u00f3pez, agradeci\u00f3 la presencia de los hijos de la gran actriz mexicana: Marcela, Marina y Pablo Fern\u00e1ndez Murgu\u00eda, y expres\u00f3: \u201cHoy venimos a reconocer y a celebrar su camino, su entrega, su memoria, su ejemplo como artista de la escena, de mujer congruente con su tiempo. Ana Ofelia Murgu\u00eda se form\u00f3 en este Instituto Nacional de Bellas Artes y Literatura, y recalc\u00f3 que no tard\u00f3 en conquistar un lugar destacado en su profesi\u00f3n, luego de haber egresado de la Escuela Nacional de Arte Teatral\u201d.<\/p>\n\n\n\n<p class=\"wp-block-paragraph\">Frente a familiares, amigos y actores compa\u00f1eros de Ana Ofelia Murgu\u00eda, y p\u00fablico que se dio cita en el Palacio de Bellas Artes la noche del 26 de enero, la titular del Inbal se\u00f1al\u00f3: \u201cEstamos aqu\u00ed para agradecer su compromiso con el rigor de una actriz que respet\u00f3 profundamente su oficio y, al mismo tiempo, promovi\u00f3 el disfrute del arte esc\u00e9nico y cinematogr\u00e1fico como parte de la vida. Por su trayectoria, el nombre de Ana Ofelia Murgu\u00eda ha quedado bordado en la urdimbre hist\u00f3rica del teatro, el cine y la cultura nacionales\u201d.<\/p>\n\n\n\n<p class=\"wp-block-paragraph\">En el Palacio de Bellas Artes, recinto que este a\u00f1o celebra su 90 aniversario, Jim\u00e9nez L\u00f3pez expres\u00f3: \u201cEstamos aqu\u00ed para afirmar su vital presencia, legado, sus ense\u00f1anzas en los escenarios y las pantallas de M\u00e9xico y el mundo\u2026 Ana Ofelia Murgu\u00eda es valioso patrimonio de nuestro teatro, cine y cultura\u201d.<\/p>\n\n\n\n<p class=\"wp-block-paragraph\">Por \u00faltimo, hizo un recuento de los reconocimientos que recibi\u00f3 la actriz de n\u00famero de la Compa\u00f1\u00eda Nacional de Teatro, entre ellos&nbsp;la medalla Mi vida en el teatro, del Centro Mexicano de Teatro del ITI Unesco; la Medalla de Oro Bellas Artes, el Premio Lunas del Auditorio, el Premio Coral de Festival de Cine Latinoamericano en La Habana, el diploma de la Asociaci\u00f3n de Cronistas de Espect\u00e1culos de Nueva York, el Premio Diva de la Organizaci\u00f3n de Realizadoras de Cine de La Habana, el Mayahuel de Plata en 2006, la Asociaci\u00f3n Mexicana de Mujeres en el Cine y la Televisi\u00f3n le rindi\u00f3 homenaje en el Festival Expresi\u00f3n en Corto en Guanajuato, entre muchos otros, sin olvidar los que recibi\u00f3 de la Universidad Nacional Aut\u00f3noma de M\u00e9xico (UNAM).<\/p>\n\n\n\n<p class=\"wp-block-paragraph\">En la ceremonia participaron la directora art\u00edstica de la Compa\u00f1\u00eda Nacional de Teatro, Aurora V\u00e1zquez Cano; la directora del Imcine, Mar\u00eda Novaro Pe\u00f1aloza; el director de la Cineteca Nacional, Alejandro Pelayo Rangel; director de la Academia Mexicana de Ciencias y Artes Cinematogr\u00e1ficas,&nbsp;Armando Casas P\u00e9rez;&nbsp;la actriz Mar\u00eda Rojo y la hija de la homenajeada, Marina Fern\u00e1ndez, quien habl\u00f3 en representaci\u00f3n de su hermana Marcela y su hermano Pablo; adem\u00e1s de estudiantes y docentes de la ENAT del Inbal, y del Centro Universitario de Teatro de la UNAM.<\/p>\n\n\n\n<p class=\"wp-block-paragraph\">Durante el homenaje, los aplausos resonaron en el m\u00e1ximo recinto cultural del pa\u00eds, en donde se proyectaron recopilaciones de escenas f\u00edlmicas y teatrales, as\u00ed como fotograf\u00edas; y el p\u00fablico disfrut\u00f3 de interpretaciones musicales por parte de un quinteto de cuerdas y la participaci\u00f3n de Luz Valeria Viveros, soprano del Estudio de la \u00d3pera de Bellas Artes.<\/p>\n\n\n<div class=\"wp-block-image\">\n<figure class=\"aligncenter size-full\"><a href=\"https:\/\/redsemlac.com\/semmexico\/wp-content\/uploads\/2024\/01\/cultura-2.jpg\"><img loading=\"lazy\" decoding=\"async\" width=\"635\" height=\"423\" src=\"https:\/\/redsemlac.com\/semmexico\/wp-content\/uploads\/2024\/01\/cultura-2.jpg\" alt=\"\" class=\"wp-image-76656\"\/><\/a><\/figure>\n<\/div>\n\n\n<p class=\"wp-block-paragraph\"><br>La cineasta y directora general del Instituto Mexicano de Cinematograf\u00eda (Imcine), Mar\u00eda Novaro Pe\u00f1aloza, celebr\u00f3 a Ana Ofelia Murgu\u00eda como una actriz generosa y disciplinada, siempre dispuesta a proponer y enriquecer a cada uno de los personajes que interpret\u00f3 a lo largo de su amplia trayectoria cinematogr\u00e1fica: \u201cLograba que el ambiente, a veces tenso de un rodaje, se distend\u00eda, parad\u00f3jicamente, de una forma en que invitaba a la disciplina, al rigor, a la comprensi\u00f3n de lo que est\u00e1bamos haciendo\u201d.<\/p>\n\n\n\n<p class=\"wp-block-paragraph\">Por su parte, la primera actriz Mar\u00eda Rojo, no solo reconoci\u00f3 las virtudes actorales de la homenajeada, tambi\u00e9n asegur\u00f3 que su talento le permiti\u00f3 ganarse el cari\u00f1o del p\u00fablico convirti\u00e9ndola en \u201cla mejor actriz de este pa\u00eds\u201d.&nbsp;<\/p>\n\n\n\n<p class=\"wp-block-paragraph\">Cabe destacar que, para continuar celebrando la vida y trayectoria de Ana Ofelia Murgu\u00eda, del 2 al 8 de febrero de 2024, el Imcine y la Cineteca Nacional realizar\u00e1n una retrospectiva a su obra f\u00edlmica, la cual estar\u00e1 integrada por siete pel\u00edculas, mismas que el p\u00fablico podr\u00e1 disfrutar en la Cineteca Nacional de las Artes.<\/p>\n\n\n\n<p class=\"wp-block-paragraph\">En su amplia trayectoria, Ana Ofelia Murgu\u00eda desarroll\u00f3 un profundo amor por el teatro a temprana edad, cuando fue a ver su primera obra en el Teatro La Capilla, a cargo de Salvador Novo. Maravillada por esa experiencia empez\u00f3 su formaci\u00f3n en la Academia de Actuaci\u00f3n&nbsp;<em>Andr\u00e9s Soler<\/em>, donde tom\u00f3 clases con el maestro Seki Sano, disc\u00edpulo de Constantin Stanislavski. Seki Sano la impuls\u00f3 a entrar en la Escuela Nacional de Arte Teatral del Inbal y posteriormente la dirigi\u00f3 en su debut como actriz profesional en la obra&nbsp;<em>Prueba de fuego<\/em>, basada en la obra&nbsp;<em>The Crucible<\/em>, de Arthur Miller, en 1956.<\/p>\n\n\n\n<p class=\"wp-block-paragraph\">Convertida en una de las actrices m\u00e1s emblem\u00e1ticas y destacadas del teatro nacional, Ana Ofelia Murgu\u00eda particip\u00f3 en m\u00e1s de 70 puestas en escena y colabor\u00f3 con Ludwik Margules, Fernando Soler, Neri Ornelas, Manuel Montoro y Salvador Novo. Desde 2008 form\u00f3 parte del elenco estable de la Compa\u00f1\u00eda Nacional de Teatro en calidad de actriz de n\u00famero, donde particip\u00f3 en las puestas en escena:&nbsp;<em>Ser es ser visto<\/em>,&nbsp;<em>El malentendido, Ilusiones<\/em>,&nbsp;<em>Una mentira<\/em>&nbsp;y&nbsp;<em>\u00c9ramos tres hermanas<\/em>&nbsp;(<em>variaciones sobre Ch\u00e9jov<\/em>), entre otras.<\/p>\n\n\n\n<p class=\"wp-block-paragraph\"><\/p>\n","protected":false},"excerpt":{"rendered":"<p>La Secretar\u00eda de Cultura federal y el Inbal realizaron un emotivo homenaje en el m\u00e1ximo recinto cultural del pa\u00eds<\/p>\n","protected":false},"author":3,"featured_media":76657,"comment_status":"open","ping_status":"open","sticky":false,"template":"","format":"standard","meta":{"_monsterinsights_skip_tracking":false,"footnotes":""},"categories":[748],"tags":[],"class_list":["post-76655","post","type-post","status-publish","format-standard","has-post-thumbnail","category-cultura-feminista"],"_links":{"self":[{"href":"https:\/\/redsemlac.com\/semmexico\/wp-json\/wp\/v2\/posts\/76655","targetHints":{"allow":["GET"]}}],"collection":[{"href":"https:\/\/redsemlac.com\/semmexico\/wp-json\/wp\/v2\/posts"}],"about":[{"href":"https:\/\/redsemlac.com\/semmexico\/wp-json\/wp\/v2\/types\/post"}],"author":[{"embeddable":true,"href":"https:\/\/redsemlac.com\/semmexico\/wp-json\/wp\/v2\/users\/3"}],"replies":[{"embeddable":true,"href":"https:\/\/redsemlac.com\/semmexico\/wp-json\/wp\/v2\/comments?post=76655"}],"version-history":[{"count":0,"href":"https:\/\/redsemlac.com\/semmexico\/wp-json\/wp\/v2\/posts\/76655\/revisions"}],"wp:featuredmedia":[{"embeddable":true,"href":"https:\/\/redsemlac.com\/semmexico\/wp-json\/wp\/v2\/media\/76657"}],"wp:attachment":[{"href":"https:\/\/redsemlac.com\/semmexico\/wp-json\/wp\/v2\/media?parent=76655"}],"wp:term":[{"taxonomy":"category","embeddable":true,"href":"https:\/\/redsemlac.com\/semmexico\/wp-json\/wp\/v2\/categories?post=76655"},{"taxonomy":"post_tag","embeddable":true,"href":"https:\/\/redsemlac.com\/semmexico\/wp-json\/wp\/v2\/tags?post=76655"}],"curies":[{"name":"wp","href":"https:\/\/api.w.org\/{rel}","templated":true}]}}