{"id":76653,"date":"2024-01-29T13:27:51","date_gmt":"2024-01-29T19:27:51","guid":{"rendered":"https:\/\/redsemlac.com\/semmexico\/?p=76653"},"modified":"2024-01-29T13:27:51","modified_gmt":"2024-01-29T19:27:51","slug":"opinion-la-cndh-tiene-a-su-enemiga-en-casa","status":"publish","type":"post","link":"https:\/\/redsemlac.com\/semmexico\/opinion-la-cndh-tiene-a-su-enemiga-en-casa\/","title":{"rendered":"Opini\u00f3n| La CNDH tiene a su enemiga en casa"},"content":{"rendered":"\n<p class=\"wp-block-paragraph\"><strong>Ang\u00e9lica de la Pe\u00f1a<\/strong><\/p>\n\n\n\n<p class=\"wp-block-paragraph\">SemM\u00e9xico, Ciudad de M\u00e9xico, 29 de enero, 2024.- La creaci\u00f3n de la Comisi\u00f3n Nacional de los Derechos Humanos en M\u00e9xico fue un hecho trascendental al reconocerse que los derechos de todas y todos son derechos humanos, y como tales son defendidos por una instituci\u00f3n imparcial, ante hechos injustos emprendidos desde el \u00e1mbito gubernamental.<\/p>\n\n\n\n<p class=\"wp-block-paragraph\">Estas defensor\u00edas del pueblo u ombudsman, como tambi\u00e9n se les conoce, han ido cobrando una gran relevancia en todo el mundo. Recordemos que en 1809 se origina por primera vez en Suecia la figura del Ombusdman, independiente del gobierno, cuya funci\u00f3n es investigar las denuncias de las personas, del pueblo, respecto de los maltratos sufridos por parte de funcionarios p\u00fablicos.<\/p>\n\n\n\n<p class=\"wp-block-paragraph\">Jorge Carpizo se\u00f1al\u00f3 que la figura del \u201cOmbusdman ha ido de pa\u00eds en pa\u00eds como H\u00e9rcules de trabajo en trabajo\u201d defendiendo los derechos humanos de la gente. Esta figura es un mecanismo de control frente a las acciones de quienes gobiernan, y que pudiesen afectar los derechos humanos de las y los gobernados. No impide el debido proceso legal derivada de una denuncia en el \u00e1mbito jurisdiccional; con sus llamadas de atenci\u00f3n o recomendaciones hacia instancias de poder, se enfatiza que quienes gobiernan deben tener autoridad moral, no extralimitarse o abusar de su poder.<\/p>\n\n\n\n<p class=\"wp-block-paragraph\">M\u00e9xico crea la CNDH en 1990. Y en 2011, con la reforma en materia de derechos humanos, le deroga la obligaci\u00f3n de la Suprema Corte de investigar el hecho o hechos que constituyan una grave violaci\u00f3n a alguna garant\u00eda individual, trasladando esta responsabilidad a la Comisi\u00f3n Nacional de los Derechos Humanos.<\/p>\n\n\n\n<p class=\"wp-block-paragraph\">A la CNDH le otorga la Ley diversas potestades: el observatorio para promover derechos iguales entre mujeres y hombres, el mecanismo para prevenir la tortura, la supervisi\u00f3n de la reinserci\u00f3n social en centros de privaci\u00f3n de la libertad y un Consejo Consultivo honor\u00edfico de especialistas que acompa\u00f1an en determinados casos a quien preside la Comisi\u00f3n. Muchas alarmas de incumplimiento en su gesti\u00f3n ha tenido Rosario Piedra Ibarra, presidenta de la CNDH. Una de las m\u00e1s preocupantes, fue la renuncia de todo el Consejo Consultivo con serios se\u00f1alamientos de incumplir la ley.<\/p>\n\n\n\n<p class=\"wp-block-paragraph\">Recordemos que la se\u00f1ora Piedra, militante de Morena, lleg\u00f3 a la presidencia de manera tramposa al no haber alcanzado los votos necesarios desde el Senado, para ocupar este cargo. Es un crimen que una instituci\u00f3n que se ha ido consolidando en gestiones anteriores, hoy est\u00e9 desmantel\u00e1ndose e incumpliendo con su obligaci\u00f3n de proteger los derechos humanos de las personas respecto de acciones desde el gobierno al quedarse callada ante graves violaciones a los derechos humanos por acciones de L\u00f3pez Obrador; por ejemplo las derivadas por la presencia de militares en tareas de seguridad p\u00fablica, el crecimiento de la desaparici\u00f3n forzada, los asesinatos a periodistas, o la crisis humanitaria que ha provocado la falta de medicinas, particularmente al interrumpir los tratamientos contra el c\u00e1ncer que sufren ni\u00f1as y ni\u00f1os.<\/p>\n\n\n\n<p class=\"wp-block-paragraph\">Ante estas violaciones a los derechos humanos de la ni\u00f1ez la CNDH ha guardado silencio absoluto, cuando esta situaci\u00f3n ya denota las caracter\u00edsticas de un crimen de lesa humanidad.<\/p>\n\n\n\n<p class=\"wp-block-paragraph\">Apenas, la se\u00f1ora Piedra ante la Comisi\u00f3n Permanente del Congreso de la Uni\u00f3n se atrevi\u00f3 a decir que la CNDH debe desaparecer porque fue dise\u00f1ada por neoliberales repitiendo la cantaleta de su jefe. Nadie tenga dudas que para eso fue impuesta el 1 de noviembre de 2019.<\/p>\n","protected":false},"excerpt":{"rendered":"<p>Estas defensor\u00edas del pueblo u ombudsman, como tambi\u00e9n se les conoce, han ido cobrando una gran relevancia en todo el mundo. <\/p>\n","protected":false},"author":3,"featured_media":54829,"comment_status":"open","ping_status":"open","sticky":false,"template":"","format":"standard","meta":{"_monsterinsights_skip_tracking":false,"footnotes":""},"categories":[725,35],"tags":[149,459],"class_list":["post-76653","post","type-post","status-publish","format-standard","has-post-thumbnail","category-angelica-de-la-pena","category-opinion","tag-mujeres","tag-opinion"],"_links":{"self":[{"href":"https:\/\/redsemlac.com\/semmexico\/wp-json\/wp\/v2\/posts\/76653","targetHints":{"allow":["GET"]}}],"collection":[{"href":"https:\/\/redsemlac.com\/semmexico\/wp-json\/wp\/v2\/posts"}],"about":[{"href":"https:\/\/redsemlac.com\/semmexico\/wp-json\/wp\/v2\/types\/post"}],"author":[{"embeddable":true,"href":"https:\/\/redsemlac.com\/semmexico\/wp-json\/wp\/v2\/users\/3"}],"replies":[{"embeddable":true,"href":"https:\/\/redsemlac.com\/semmexico\/wp-json\/wp\/v2\/comments?post=76653"}],"version-history":[{"count":0,"href":"https:\/\/redsemlac.com\/semmexico\/wp-json\/wp\/v2\/posts\/76653\/revisions"}],"wp:featuredmedia":[{"embeddable":true,"href":"https:\/\/redsemlac.com\/semmexico\/wp-json\/wp\/v2\/media\/54829"}],"wp:attachment":[{"href":"https:\/\/redsemlac.com\/semmexico\/wp-json\/wp\/v2\/media?parent=76653"}],"wp:term":[{"taxonomy":"category","embeddable":true,"href":"https:\/\/redsemlac.com\/semmexico\/wp-json\/wp\/v2\/categories?post=76653"},{"taxonomy":"post_tag","embeddable":true,"href":"https:\/\/redsemlac.com\/semmexico\/wp-json\/wp\/v2\/tags?post=76653"}],"curies":[{"name":"wp","href":"https:\/\/api.w.org\/{rel}","templated":true}]}}