{"id":76619,"date":"2024-01-28T11:09:44","date_gmt":"2024-01-28T17:09:44","guid":{"rendered":"https:\/\/redsemlac.com\/semmexico\/?p=76619"},"modified":"2024-01-28T11:09:44","modified_gmt":"2024-01-28T17:09:44","slug":"energica-condena-a-la-agresion-de-precandidato-local-contra-dos-funcionarias-electorales","status":"publish","type":"post","link":"https:\/\/redsemlac.com\/semmexico\/energica-condena-a-la-agresion-de-precandidato-local-contra-dos-funcionarias-electorales\/","title":{"rendered":"En\u00e9rgica condena a la agresi\u00f3n de precandidato local contra dos funcionarias electorales"},"content":{"rendered":"\n<p class=\"wp-block-paragraph\"><strong>Llamado de atenci\u00f3n a partidos pol\u00edticos en el combate a la violencia contra mujeres: INE&nbsp;<\/strong><\/p>\n\n\n\n<p class=\"wp-block-paragraph\">Elda Montiel<\/p>\n\n\n\n<p class=\"wp-block-paragraph\">SemM\u00e9xico. Ciudad de M\u00e9xico. 28 de enero 2024.- El combate a la violencia es una necesidad de Estado y empieza desde casa fue el reclamo a los partidos pol\u00edticos por parte de la consejera del Instituto Nacional Electoral (INE), Norma de la Cruz, ante la agresi\u00f3n de un aspirante a una candidatura local contras dos funcionarias que realizaban una notificaci\u00f3n.&nbsp;<\/p>\n\n\n\n<p class=\"wp-block-paragraph\">Llam\u00f3 a los partidos pol\u00edticos a sensibilizar, educar y compartir con sus militancias las reglas electorales y expres\u00f3 que es una en\u00e9rgica condena a un delito que se cometi\u00f3 en contra&nbsp; de funcionarias del INE, que en cumplimiento de su trabajo, acudieron a notificar un oficio de errores y omisiones.<\/p>\n\n\n\n<p class=\"wp-block-paragraph\">\u201cEs inaceptable que personas de este Instituto sean violentadas con arma de fuego, con alguien que se dice precandidato de un partido pol\u00edtico, por llevar a cabo sus labores de fiscalizaci\u00f3n\u201d.<\/p>\n\n\n\n<p class=\"wp-block-paragraph\">La indignaci\u00f3n fue compartida por la tambi\u00e9n consejera Carla Humphrey Jord\u00e1n quien se\u00f1alo que no es la primera vez que pasa desafortunadamente, mientras que las consejer\u00edas aseguraron que el INE acompa\u00f1ar\u00e1 a las v\u00edctimas y llevar\u00e1 a cabo las acciones necesarias para que el hecho no quede impune.<\/p>\n\n\n\n<p class=\"wp-block-paragraph\">La agresi\u00f3n que se da en el marco del proceso electoral 2024 fue condenado en\u00e9rgicamente &nbsp;por las Consejeras y Consejeros electorales, representantes de los partidos pol\u00edticos y consejer\u00edas del Poder Legislativo. &nbsp;<\/p>\n","protected":false},"excerpt":{"rendered":"<p>El combate a la violencia es una necesidad de Estado y empieza desde casa fue el reclamo a los partidos pol\u00edticos por parte de la consejera del Instituto Nacional Electoral (INE), Norma de la Cruz, ante la agresi\u00f3n de un aspirante a una candidatura local contras dos funcionarias que realizaban una notificaci\u00f3n.\u00a0<\/p>\n","protected":false},"author":3,"featured_media":76620,"comment_status":"open","ping_status":"open","sticky":false,"template":"","format":"standard","meta":{"_monsterinsights_skip_tracking":false,"footnotes":""},"categories":[27,141],"tags":[],"class_list":["post-76619","post","type-post","status-publish","format-standard","has-post-thumbnail","category-cobertura-especial","category-elecciones-2020-2021"],"_links":{"self":[{"href":"https:\/\/redsemlac.com\/semmexico\/wp-json\/wp\/v2\/posts\/76619","targetHints":{"allow":["GET"]}}],"collection":[{"href":"https:\/\/redsemlac.com\/semmexico\/wp-json\/wp\/v2\/posts"}],"about":[{"href":"https:\/\/redsemlac.com\/semmexico\/wp-json\/wp\/v2\/types\/post"}],"author":[{"embeddable":true,"href":"https:\/\/redsemlac.com\/semmexico\/wp-json\/wp\/v2\/users\/3"}],"replies":[{"embeddable":true,"href":"https:\/\/redsemlac.com\/semmexico\/wp-json\/wp\/v2\/comments?post=76619"}],"version-history":[{"count":0,"href":"https:\/\/redsemlac.com\/semmexico\/wp-json\/wp\/v2\/posts\/76619\/revisions"}],"wp:featuredmedia":[{"embeddable":true,"href":"https:\/\/redsemlac.com\/semmexico\/wp-json\/wp\/v2\/media\/76620"}],"wp:attachment":[{"href":"https:\/\/redsemlac.com\/semmexico\/wp-json\/wp\/v2\/media?parent=76619"}],"wp:term":[{"taxonomy":"category","embeddable":true,"href":"https:\/\/redsemlac.com\/semmexico\/wp-json\/wp\/v2\/categories?post=76619"},{"taxonomy":"post_tag","embeddable":true,"href":"https:\/\/redsemlac.com\/semmexico\/wp-json\/wp\/v2\/tags?post=76619"}],"curies":[{"name":"wp","href":"https:\/\/api.w.org\/{rel}","templated":true}]}}