{"id":76605,"date":"2024-01-28T10:53:38","date_gmt":"2024-01-28T16:53:38","guid":{"rendered":"https:\/\/redsemlac.com\/semmexico\/?p=76605"},"modified":"2024-01-28T10:53:38","modified_gmt":"2024-01-28T16:53:38","slug":"necesario-fortalecer-los-centros-de-justicia-para-las-mujeres","status":"publish","type":"post","link":"https:\/\/redsemlac.com\/semmexico\/necesario-fortalecer-los-centros-de-justicia-para-las-mujeres\/","title":{"rendered":"Necesario, fortalecer los Centros de Justicia para las Mujeres"},"content":{"rendered":"\n<ul class=\"wp-block-list\">\n<li>La diputada Alma Carolina Viggiano Austria (PRI) impulsa una reforma a la Ley de Coordinaci\u00f3n Fiscal<\/li>\n<\/ul>\n\n\n\n<p class=\"wp-block-paragraph\">Redacci\u00f3n&nbsp;<\/p>\n\n\n\n<p class=\"wp-block-paragraph\">SemM\u00e9xico, Ciudad de M\u00e9xico, 28 de enero, 2024.- La diputada Alma Carolina Viggiano Austria (PRI) propuso adicionar una fracci\u00f3n VII al art\u00edculo 45 de la Ley de Coordinaci\u00f3n Fiscal, a fin de que los recursos federales del Fondo de Aportaciones para la Seguridad P\u00fablica, que se transfieren a las entidades federativas, tambi\u00e9n se destinen para \u201cla construcci\u00f3n, equipamiento y fortalecimiento de los centros de justicia para las mujeres en cualquiera de sus \u00e1mbitos\u201d.<\/p>\n\n\n\n<p class=\"wp-block-paragraph\">Te puede interesar:\u00a0 <\/p>\n\n\n\n<p class=\"wp-block-paragraph\"><a href=\"https:\/\/redsemlac.com\/semmexico\/?s=Centros+de+Justicia+para+las+mujeres\">https:\/\/redsemlac.com\/semmexico\/?s=Centros+de+Justicia+para+las+mujeres<\/a><\/p>\n\n\n\n<p class=\"wp-block-paragraph\">Asimismo, al establecimiento y operaci\u00f3n de los sistemas de informaci\u00f3n que permitan conformar bases de datos que incluyan la informaci\u00f3n relativa a las mujeres y ni\u00f1as v\u00edctimas de violencia, a las personas que la ejercen y a las fuentes generadoras de las mismas. De igual forma, a la capacitaci\u00f3n del personal de dichos centros y la elaboraci\u00f3n de manuales o protocolos de actuaci\u00f3n para atender la violencia contra las mujeres y ni\u00f1as.<\/p>\n\n\n\n<p class=\"wp-block-paragraph\">La iniciativa, enviada a la Comisi\u00f3n de Hacienda y Cr\u00e9dito P\u00fablico para dictamen, destaca que los centros de justicia para las mujeres en M\u00e9xico representan una pol\u00edtica efectiva para combatir la violencia de g\u00e9nero. Actualmente, son uno de los instrumentos m\u00e1s eficientes del Estado mexicano para brindar atenci\u00f3n a las mujeres desde una perspectiva institucional de igualdad.<\/p>\n\n\n\n<p class=\"wp-block-paragraph\">Desde 2010, la pol\u00edtica de los centros ha estado orientada a integrar a instancias de gobierno, sociedad civil organizada, fiscal\u00edas estatales y el Poder Judicial en un espacio de atenci\u00f3n para abordar de manera multidisciplinaria los problemas de violencia contra las mujeres. Hasta marzo de 2023, hab\u00eda 65 centros en operaci\u00f3n en el pa\u00eds, refiere.<\/p>\n\n\n\n<p class=\"wp-block-paragraph\">Subraya que los centros son espacios esenciales para garantizar el acceso a la justicia de las mujeres en situaciones de violencia; tambi\u00e9n fungen como un canal de fortalecimiento social y reivindicaci\u00f3n de las mujeres despu\u00e9s de haber sufrido alg\u00fan tipo de agresi\u00f3n.<\/p>\n\n\n\n<p class=\"wp-block-paragraph\">La diputada Viggiano Austria resalta que adem\u00e1s de proteger a las mujeres legalmente, estas instancias tambi\u00e9n representan un espacio clave de empoderamiento. No obstante, pese a ser una pol\u00edtica transversal para atender la situaci\u00f3n de violencia, la estabilidad y permanencia de los centros depende en gran medida de la voluntad estatal para asignarles recursos.<\/p>\n\n\n\n<p class=\"wp-block-paragraph\">Agrega que los centros son operados d\u00eda a d\u00eda por casi 4 mil servidoras y servidores p\u00fablicos especializados en la materia. Sin embargo, no todas las estancias pueden brindar todos los servicios contemplados, debido a la escasez presupuestal.<\/p>\n\n\n\n<p class=\"wp-block-paragraph\">Considera que es necesario fortalecer los trabajos de los Centros de Justicia para Mujeres con criterios estrat\u00e9gicos que garanticen su funcionamiento permanente para que puedan brindar un servicio integral.<\/p>\n\n\n\n<p class=\"wp-block-paragraph\">Indica que su financiamiento con presupuesto federal tambi\u00e9n es una obligaci\u00f3n del gobierno mexicano, de conformidad con la Convenci\u00f3n sobre la Eliminaci\u00f3n de Todas las Formas de Discriminaci\u00f3n contra la Mujer (CEDAW).<\/p>\n\n\n\n<p class=\"wp-block-paragraph\">Puntualiza que, al reformar el financiamiento de los centros de justicia, el gobierno mexicano estar\u00e1 cumpliendo con sus obligaciones internacionales y demostrando su compromiso con la eliminaci\u00f3n de la violencia de g\u00e9nero.<\/p>\n","protected":false},"excerpt":{"rendered":"<p>La diputada Alma Carolina Viggiano Austria (PRI) propuso adicionar una fracci\u00f3n VII al art\u00edculo 45 de la Ley de Coordinaci\u00f3n Fiscal, a fin de que los recursos federales del Fondo de Aportaciones para la Seguridad P\u00fablica<\/p>\n","protected":false},"author":3,"featured_media":76607,"comment_status":"open","ping_status":"open","sticky":false,"template":"","format":"standard","meta":{"_monsterinsights_skip_tracking":false,"footnotes":""},"categories":[50],"tags":[],"class_list":["post-76605","post","type-post","status-publish","format-standard","has-post-thumbnail","category-congreso"],"_links":{"self":[{"href":"https:\/\/redsemlac.com\/semmexico\/wp-json\/wp\/v2\/posts\/76605","targetHints":{"allow":["GET"]}}],"collection":[{"href":"https:\/\/redsemlac.com\/semmexico\/wp-json\/wp\/v2\/posts"}],"about":[{"href":"https:\/\/redsemlac.com\/semmexico\/wp-json\/wp\/v2\/types\/post"}],"author":[{"embeddable":true,"href":"https:\/\/redsemlac.com\/semmexico\/wp-json\/wp\/v2\/users\/3"}],"replies":[{"embeddable":true,"href":"https:\/\/redsemlac.com\/semmexico\/wp-json\/wp\/v2\/comments?post=76605"}],"version-history":[{"count":0,"href":"https:\/\/redsemlac.com\/semmexico\/wp-json\/wp\/v2\/posts\/76605\/revisions"}],"wp:featuredmedia":[{"embeddable":true,"href":"https:\/\/redsemlac.com\/semmexico\/wp-json\/wp\/v2\/media\/76607"}],"wp:attachment":[{"href":"https:\/\/redsemlac.com\/semmexico\/wp-json\/wp\/v2\/media?parent=76605"}],"wp:term":[{"taxonomy":"category","embeddable":true,"href":"https:\/\/redsemlac.com\/semmexico\/wp-json\/wp\/v2\/categories?post=76605"},{"taxonomy":"post_tag","embeddable":true,"href":"https:\/\/redsemlac.com\/semmexico\/wp-json\/wp\/v2\/tags?post=76605"}],"curies":[{"name":"wp","href":"https:\/\/api.w.org\/{rel}","templated":true}]}}