{"id":76598,"date":"2024-01-27T17:02:17","date_gmt":"2024-01-27T23:02:17","guid":{"rendered":"https:\/\/redsemlac.com\/semmexico\/?p=76598"},"modified":"2024-01-27T17:02:17","modified_gmt":"2024-01-27T23:02:17","slug":"michele-bachelet-candidata-idonea-para-la-secretaria-general-de-naciones-unidas","status":"publish","type":"post","link":"https:\/\/redsemlac.com\/semmexico\/michele-bachelet-candidata-idonea-para-la-secretaria-general-de-naciones-unidas\/","title":{"rendered":"Michele Bachelet candidata id\u00f3nea para la Secretaria General de Naciones Unidas"},"content":{"rendered":"\n<p class=\"wp-block-paragraph\"><strong>Reconocida agenda internacional en el derecho de las mujeres<\/strong><\/p>\n\n\n\n<p class=\"wp-block-paragraph\">Elda Montiel&nbsp;<\/p>\n\n\n\n<p class=\"wp-block-paragraph\">SemM\u00e9xico, Ciudad de M\u00e9xico, &nbsp;27 de enero 2024.- Michele Bachelet Jeria es considerada la candidata&nbsp; natural para ser la secretaria general de Naciones Unidas, ya que existe un consenso general entre los pa\u00edses miembros, ya que por regi\u00f3n le toca a Latinoam\u00e9rica y en opini\u00f3n del ministro de Relaciones Exteriores de Chile, Alberto Van Kaveren, deber\u00eda ser una mujer.<\/p>\n\n\n\n<p class=\"wp-block-paragraph\">En medios de comunicaci\u00f3n chilenos se han publicado diversas opiniones como la de la vocera del gobierno Camila Vallejo, quien ha considerado que ser\u00eda un reconocimiento a la trayectoria de la que ha sido la primera presidenta de Chile con \u00e9nfasis en pol\u00edticas p\u00fablicas en cuidados y pensiones y una agenda internacional en derechos de las mujeres, cambio clim\u00e1tico y derechos humanos.<\/p>\n\n\n\n<p class=\"wp-block-paragraph\">En declaraciones de Paula Narv\u00e1ez, embajadora de Chile en la ONU a Tele 13 Radio refiri\u00f3 que representantes de distintos pa\u00edses se\u00f1alan a Michele Bachelet como la pr\u00f3xima secretaria General de las Naciones Unidas, ya que debiera corresponder a Latinoam\u00e9rica y el Caribe, por rotaci\u00f3n de regiones.<\/p>\n\n\n\n<p class=\"wp-block-paragraph\">Mientras el ministro chileno Van Kaveren ha declarado a Radio Duna que har\u00eda campa\u00f1a correspondiente en caso de que la expresidenta pudiera ser la secretaria general, pero la decisi\u00f3n de realizar dicho trabajo diplom\u00e1tico va a depender de Michele Bachelet en caso de que ella expresar\u00e1 su inter\u00e9s en el cargo.<\/p>\n\n\n\n<p class=\"wp-block-paragraph\">Actualmente, el portugu\u00e9s Antonio Guterres es el secretario general de la ONU, cargo que ocupa desde 2017 por recomendaci\u00f3n del Consejo de Seguridad. Su segundo periodo culmina&nbsp; el 31 de diciembre de 2026, sin posibilidad a ser reelecto, por lo que ya se est\u00e1 pensando en qui\u00e9n ser\u00eda su sucesor.<\/p>\n\n\n\n<p class=\"wp-block-paragraph\">Michele Bachelet ser\u00eda la primera mujer en ocupar ese cargo. Se ha desempe\u00f1ado como Secretaria General Adjunta y Directora Ejecutiva de ONU Mujeres de 2010 y el 2013, y como Alta Comisionada de la ONU para los Derechos Humanos del 2018 al 2022.&nbsp;&nbsp;<\/p>\n\n\n\n<p class=\"wp-block-paragraph\">Michelle Bachelet Jeria naci\u00f3 en Santiago de Chile el 29 de septiembre de 1951, m\u00e9dica pediatra y pol\u00edtica del&nbsp;<a href=\"https:\/\/www.bcn.cl\/historiapolitica\/redirect?url=\/wiki\/Partido_Socialista_de_Chile\">Partido Socialista de Chile<\/a>. Ha ocupado dos veces la presidencia de su pa\u00eds. La primera mujer presidenta entre el 2006 y el&nbsp; 2010, y entre el 2014 y el 11 de marzo de 2018.<\/p>\n\n\n\n<p class=\"wp-block-paragraph\">Defensora de los derechos de las mujeres, ha promocionado la igualdad de g\u00e9nero y el empoderamiento de la mujer a lo largo de su carrera.<\/p>\n\n\n\n<p class=\"wp-block-paragraph\">Uno de sus mayores \u00e9xitos en calidad de Presidenta fue la decisi\u00f3n de economizar miles de millones de d\u00f3lares de las rentas p\u00fablicas para gastarlos, a pesar de la crisis financiera, en \u00e1reas tales como la reforma de las pensiones, los programas de protecci\u00f3n social para las mujeres y los ni\u00f1os, y la investigaci\u00f3n y el desarrollo.<\/p>\n\n\n\n<p class=\"wp-block-paragraph\">Triplic\u00f3 la cantidad de centros gratuitos de cuidados para la primera infancia para familias de ingresos bajos y la construcci\u00f3n de unos 3.500 centros de cuidados infantiles en todo el pa\u00eds.<\/p>\n\n\n\n<p class=\"wp-block-paragraph\">Bachelet tambi\u00e9n ocup\u00f3 carteras ministeriales en el Gobierno chileno, habiendo sido Ministra de Defensa Nacional y Ministra de Salud. En su calidad de Ministra de Defensa Nacional, introdujo pol\u00edticas de g\u00e9nero destinadas a mejorar las condiciones de las mujeres en el ej\u00e9rcito y en el cuerpo policial. En calidad de Ministra de Salud, puso en marcha reformas sanitarias, poniendo m\u00e1s \u00e9nfasis en las instalaciones de cuidados primarios con el fin de garantizar a las familias una respuesta mejor y m\u00e1s r\u00e1pida en materia de salud.<\/p>\n\n\n\n<p class=\"wp-block-paragraph\">El columnista pol\u00edtico Fernando Schmidt en la publicaci\u00f3n digital El Libero reconoce las condiciones de Michele Bachelet, pues refiere que hasta el momento todos quienes han ocupado el m\u00e1s alto cargo en la ONU han sido hombres, y el tema del g\u00e9nero se ha instalado con fuerza en las relaciones internacionales.<\/p>\n\n\n\n<p class=\"wp-block-paragraph\"><strong>Es latinoamericana, <\/strong>salvo el distinguido diplom\u00e1tico peruano Javier P\u00e9rez de Cu\u00e9llar, que fue Secretario General de la ONU entre 1982 y 1991, nadie de la regi\u00f3n ha ocupado ese cargo.&nbsp;<\/p>\n\n\n\n<p class=\"wp-block-paragraph\"><strong>Ha&nbsp; tejido redes en el mundo y cultivado un nombre y un prestigio internacionales que le servir\u00edan a este prop\u00f3sito, sin embargo deber\u00eda tener el apoyo de Venezuela gobernada por Nic\u00f3las Maduro &nbsp;y de &nbsp;Argentina gobernada por Javier Milei, que no se distinguen por el respeto a los derechos humanos.<\/strong><strong><\/strong><\/p>\n\n\n\n<p class=\"wp-block-paragraph\"><strong>Tambi\u00e9n se\u00f1ala que hay que considerar que el Consejo de Seguridad de la ONU es el que recomienda una candidatura a puerta cerrada, por lo que se si China y Rusia la apoyar\u00edan despu\u00e9s de haber denunciado como Alta Comisionada de los Derechos Humanos las graves violaciones a los derechos humanos, y pedir poner fin al ataque armado contra Ucrania.&nbsp; <\/strong><strong><\/strong><\/p>\n\n\n\n<p class=\"wp-block-paragraph\"><strong>El columnista refiere que Michele Bachelet&nbsp; deber\u00eda decidir si ir a la candidatura de la Secretaria General de Naciones Unidas&nbsp; o su posible <\/strong>candidatura a la Presidencia de la Rep\u00fablica de Chile para el periodo 2026-2030. <strong>&nbsp;&nbsp;<\/strong><strong><\/strong><\/p>\n","protected":false},"excerpt":{"rendered":"<p>Michele Bachelet Jeria es considerada la candidata\u00a0 natural para ser la secretaria general de Naciones Unidas, ya que existe un consenso general entre los pa\u00edses miembros, ya que por regi\u00f3n le toca a Latinoam\u00e9rica y en opini\u00f3n del ministro de Relaciones Exteriores de Chile, Alberto Van Kaveren, deber\u00eda ser una mujer.<\/p>\n","protected":false},"author":3,"featured_media":76599,"comment_status":"open","ping_status":"open","sticky":false,"template":"","format":"standard","meta":{"_monsterinsights_skip_tracking":false,"footnotes":""},"categories":[53],"tags":[],"class_list":["post-76598","post","type-post","status-publish","format-standard","has-post-thumbnail","category-internacional"],"_links":{"self":[{"href":"https:\/\/redsemlac.com\/semmexico\/wp-json\/wp\/v2\/posts\/76598","targetHints":{"allow":["GET"]}}],"collection":[{"href":"https:\/\/redsemlac.com\/semmexico\/wp-json\/wp\/v2\/posts"}],"about":[{"href":"https:\/\/redsemlac.com\/semmexico\/wp-json\/wp\/v2\/types\/post"}],"author":[{"embeddable":true,"href":"https:\/\/redsemlac.com\/semmexico\/wp-json\/wp\/v2\/users\/3"}],"replies":[{"embeddable":true,"href":"https:\/\/redsemlac.com\/semmexico\/wp-json\/wp\/v2\/comments?post=76598"}],"version-history":[{"count":0,"href":"https:\/\/redsemlac.com\/semmexico\/wp-json\/wp\/v2\/posts\/76598\/revisions"}],"wp:featuredmedia":[{"embeddable":true,"href":"https:\/\/redsemlac.com\/semmexico\/wp-json\/wp\/v2\/media\/76599"}],"wp:attachment":[{"href":"https:\/\/redsemlac.com\/semmexico\/wp-json\/wp\/v2\/media?parent=76598"}],"wp:term":[{"taxonomy":"category","embeddable":true,"href":"https:\/\/redsemlac.com\/semmexico\/wp-json\/wp\/v2\/categories?post=76598"},{"taxonomy":"post_tag","embeddable":true,"href":"https:\/\/redsemlac.com\/semmexico\/wp-json\/wp\/v2\/tags?post=76598"}],"curies":[{"name":"wp","href":"https:\/\/api.w.org\/{rel}","templated":true}]}}