{"id":7659,"date":"2019-04-25T17:47:56","date_gmt":"2019-04-25T17:47:56","guid":{"rendered":"https:\/\/redsemlac.com\/semmexico\/?p=7659"},"modified":"2023-07-21T14:48:42","modified_gmt":"2023-07-21T19:48:42","slug":"coordenada-2","status":"publish","type":"post","link":"https:\/\/redsemlac.com\/semmexico\/coordenada-2\/","title":{"rendered":"Coordenada"},"content":{"rendered":"\n<p class=\"wp-block-paragraph\">En las denuncias, an\u00f3nimas o no, existe la imperiosa necesidad de hacerse escuchar<\/p>\n\n\n\n<h5 class=\"wp-block-heading\"> Yo tambi\u00e9n: #MeToo<\/h5>\n\n\n\n<p class=\"wp-block-paragraph\"><a href=\"https:\/\/semmexico.com\/gallery-post.php?id=7965#\">Lupita Ramos<\/a><\/p>\n\n\n\n<p class=\"wp-block-paragraph\">SemM\u00e9xico. 25 de abril 2019.- El #MeToo es un gran movimiento de denuncia p\u00fablica respecto de las violencias que viven las mujeres en diversos espacios. Por lo menos tenemos dos momentos visibles a nivel internacional respecto de esta movilizaci\u00f3n. La primera es en 2006 en que la activista social norteamericana Tarana Burke us\u00f3 la frase&nbsp;<em>Me Too<\/em>&nbsp;(Yo tambi\u00e9n) en la red social Myspace&nbsp;formando parte de una campa\u00f1a&nbsp;&nbsp;para promover el empoderamiento a trav\u00e9s de empat\u00eda entre mujeres negras que hab\u00edan experimentado abuso sexual,\u200b Burke ha explicado que se inspir\u00f3 en utilizar la frase despu\u00e9s de ser incapaz de responder a una chica de 13 a\u00f1os que le confi\u00f3 que hab\u00eda sufrido una agresi\u00f3n sexual y ella simplemente quiso decirle a la ni\u00f1a \u201cYo tambi\u00e9n\u201d. Posteriormente, en octubre de 2017 se populariza&nbsp; este hashtag&nbsp; despu\u00e9s de la denuncia p\u00fablica en contra del productor de cine estadounidense Harvey Weinstein. En ese entonces, la actriz Alyssa Milano anim\u00f3 a las mujeres a&nbsp;denunciar sus experiencias para demostrar la naturaleza extendida del comportamiento violento y mis\u00f3gino: \u201cSi todas las mujeres que han sido acosadas o agredidas sexualmente hicieran un tuit con las palabras \u201cMe too\u201d podr\u00edamos mostrar a la gente la magnitud del problema\u201d y as\u00ed fue, la frase fue utilizada m\u00e1s de 200&nbsp;000 veces el 15 de octubre de ese a\u00f1o y tuiteada m\u00e1s de 500&nbsp;000 veces el 16 de octubre. En la red social Facebook, el&nbsp;<em>hashtag<\/em>&nbsp;fue utilizado por m\u00e1s de 4.7 millones de personas en 12 millones de entradas durante las primeras 24 horas. La plataforma inform\u00f3 que el 45% de los usuarios en los Estados Unidos ten\u00edan un amigo que hab\u00eda realizado una publicaci\u00f3n usando el t\u00e9rmino Me Too.<\/p>\n\n\n\n<p class=\"wp-block-paragraph\">El Comit\u00e9 de Am\u00e9rica Latina y el Caribe para la Defensa de los Derechos de las Mujeres, CLADEM manifiesta su total respaldo al movimiento detonado en recientes semanas en M\u00e9xico bajo el #MeToo, evidenciando en diversas plataformas en redes sociales los graves niveles de violencias que enfrentan las mujeres en distintos \u00e1mbitos, incluso en aquellos en donde se busca proteger y promover los derechos humanos. Los actos de violencia impactan en la autonom\u00eda de las mujeres, se traducen en acoso, hostigamiento, abuso, violaci\u00f3n y otras conductas inapropiadas, sean estas f\u00edsicas, verbales, psicol\u00f3gicas o virtuales; amenazan la dignidad, integridad y seguridad de las mujeres en distintas etapas y esferas de su vida, vulnerando el ejercicio y goce pleno de sus derechos humanos. En una regi\u00f3n donde los \u00edndices de violencia sexual, feminicidio e impunidad son altos, las reivindicaciones cotidianas y laborales de las mujeres contra del acoso cobran otra dimensi\u00f3n y no deben ser banalizadas. Para el CLADEM es motivo de preocupaci\u00f3n las reacciones agresivas, que dan muestra de la normalizaci\u00f3n de la violencia estructural que, al reproducirse y mantenerse en silencio, perpet\u00faa la desigualdad. En las denuncias, an\u00f3nimas o no, existe la imperiosa necesidad de hacerse escuchar, de evidenciar, de sanar y de acompa\u00f1arse colectivamente, de mostrar dolorosamente c\u00f3mo la violencia m\u00e1s sutil marca la vida de las mujeres para siempre. &nbsp;Como parte de CLADEM y de una red feminista amplia que trabaja por la eliminaci\u00f3n de la violencia basada en el g\u00e9nero, me solidarizo con las v\u00edctimas que han denunciado, y me uno a las voces que exigen un cambio cultural y una respuesta estatal contundente.<\/p>\n\n\n\n<p class=\"wp-block-paragraph\"><a href=\"mailto:lupitaramosponce@gmail.com\" target=\"_blank\" rel=\"noreferrer noopener\"><strong>lupitaramosponce@gmail.com<\/strong><\/a><\/p>\n\n\n\n<p class=\"wp-block-paragraph\"><strong>@lupitaramosponc<\/strong><\/p>\n","protected":false},"excerpt":{"rendered":"<p>En las denuncias, an\u00f3nimas o no, existe la imperiosa necesidad de hacerse escuchar Yo tambi\u00e9n: #MeToo Lupita Ramos SemM\u00e9xico. 25 de abril 2019.- El #MeToo es un gran movimiento de denuncia p\u00fablica respecto de las violencias que viven las mujeres en diversos espacios. Por lo menos tenemos dos momentos visibles a nivel internacional respecto de [&hellip;]<\/p>\n","protected":false},"author":3,"featured_media":7651,"comment_status":"open","ping_status":"open","sticky":false,"template":"","format":"standard","meta":{"_monsterinsights_skip_tracking":false,"footnotes":""},"categories":[690,104,91,35],"tags":[],"class_list":["post-7659","post","type-post","status-publish","format-standard","has-post-thumbnail","category-690","category-coordenada","category-lupita-ramos-ponce","category-opinion"],"_links":{"self":[{"href":"https:\/\/redsemlac.com\/semmexico\/wp-json\/wp\/v2\/posts\/7659","targetHints":{"allow":["GET"]}}],"collection":[{"href":"https:\/\/redsemlac.com\/semmexico\/wp-json\/wp\/v2\/posts"}],"about":[{"href":"https:\/\/redsemlac.com\/semmexico\/wp-json\/wp\/v2\/types\/post"}],"author":[{"embeddable":true,"href":"https:\/\/redsemlac.com\/semmexico\/wp-json\/wp\/v2\/users\/3"}],"replies":[{"embeddable":true,"href":"https:\/\/redsemlac.com\/semmexico\/wp-json\/wp\/v2\/comments?post=7659"}],"version-history":[{"count":0,"href":"https:\/\/redsemlac.com\/semmexico\/wp-json\/wp\/v2\/posts\/7659\/revisions"}],"wp:featuredmedia":[{"embeddable":true,"href":"https:\/\/redsemlac.com\/semmexico\/wp-json\/wp\/v2\/media\/7651"}],"wp:attachment":[{"href":"https:\/\/redsemlac.com\/semmexico\/wp-json\/wp\/v2\/media?parent=7659"}],"wp:term":[{"taxonomy":"category","embeddable":true,"href":"https:\/\/redsemlac.com\/semmexico\/wp-json\/wp\/v2\/categories?post=7659"},{"taxonomy":"post_tag","embeddable":true,"href":"https:\/\/redsemlac.com\/semmexico\/wp-json\/wp\/v2\/tags?post=7659"}],"curies":[{"name":"wp","href":"https:\/\/api.w.org\/{rel}","templated":true}]}}