{"id":76582,"date":"2024-01-27T14:18:11","date_gmt":"2024-01-27T20:18:11","guid":{"rendered":"https:\/\/redsemlac.com\/semmexico\/?p=76582"},"modified":"2024-01-27T14:18:12","modified_gmt":"2024-01-27T20:18:12","slug":"extremismo-de-milei-amenaza-conquistas-de-las-mujeres-en-argentina","status":"publish","type":"post","link":"https:\/\/redsemlac.com\/semmexico\/extremismo-de-milei-amenaza-conquistas-de-las-mujeres-en-argentina\/","title":{"rendered":"Extremismo de Milei amenaza conquistas de las mujeres en Argentina"},"content":{"rendered":"\n<p class=\"wp-block-paragraph\"><a href=\"https:\/\/ipsnoticias.net\/wp-content\/uploads\/2024\/01\/Argentina-1-rotated.jpg\"><\/a>Una manifestaci\u00f3n a favor de los derechos de las mujeres en Buenos Aires, con el fondo del palacio del Congreso Nacional argentino. . Imagen: Equipo Latinoamericano de Justicia y G\u00e9nero<\/p>\n\n\n\n<p class=\"wp-block-paragraph\">El movimiento feminista tuvo un gran auge desde 2015, con las movilizaciones contra la violencia machista,<\/p>\n\n\n\n<p class=\"wp-block-paragraph\">El mayor logro fue la legalizaci\u00f3n del aborto, en diciembre de 2020<\/p>\n\n\n\n<p class=\"wp-block-paragraph\">Redacci\u00f3n<\/p>\n\n\n\n<p class=\"wp-block-paragraph\">SemM\u00e9xico\/IPS, Buenos Aires, Argentina, 27 de enero, 2024.- &nbsp;El movimiento feminista logr\u00f3 trascendentes conquistas en Argentina en los \u00faltimos a\u00f1os, pero todas ellas est\u00e1n ahora amenazadas por el gobierno del ultraderechista Javier Milei, quien denost\u00f3 las pol\u00edticas de g\u00e9nero durante su campa\u00f1a electoral y, desde que asumi\u00f3 la presidencia el 10 de diciembre, demostr\u00f3 que est\u00e1 decidido a llevar sus ideas a la acci\u00f3n.<\/p>\n\n\n\n<p class=\"wp-block-paragraph\">En un monumental proyecto de ley, que en 634 art\u00edculos se propone reformar gran parte de la vida econ\u00f3mica y social de los argentinos, Milei busca terminar con la paridad de g\u00e9nero que hoy debe cumplirse en todas las listas de candidatos para el legislativo Congreso Nacional y eliminar la capacitaci\u00f3n en temas de g\u00e9nero, incluida la violencia, &nbsp;que hoy es obligatoria en las oficinas p\u00fablicas.<\/p>\n\n\n\n<p class=\"wp-block-paragraph\">Esas son solo dos de los cambios impulsados por el gobierno, que de entrada hizo una declaraci\u00f3n de principios, cuando liquid\u00f3 el Ministerio de&nbsp; las Mujeres, G\u00e9neros y Diversidad, creado por la administraci\u00f3n anterior con la misi\u00f3n de combatir la discriminaci\u00f3n y la violencia y contribuir a una sociedad sin jerarqu\u00edas entre las diversas orientaciones sexuales.<\/p>\n\n\n\n<h2 class=\"wp-block-heading has-text-align-right\"><strong><em>\u201cCre\u00edamos que hab\u00edamos convencido a la sociedad de que la agenda feminista es igualitaria y beneficiosa para las mayor\u00eda, pero hoy vemos c\u00f3mo se ha impuesto la idea de que se trata de preocupaciones de una minor\u00eda\u201d: Natalia Gherardi.<\/em><\/strong><strong><\/strong><\/h2>\n\n\n\n<p class=\"wp-block-paragraph\">Esas son palabras sin sentido para Milei, quien el 17 de enero, en su hasta ahora \u00fanico viaje al exterior como presidente, eligi\u00f3 un escenario de gran resonancia internacional, dise\u00f1ado&nbsp; para discutir la agenda econ\u00f3mica global, para provocar con su discurso extremista contra el feminismo.<\/p>\n\n\n\n<p class=\"wp-block-paragraph\">\u201cLo \u00fanico que devino la&nbsp;agenda del feminismo radical&nbsp;es mayor intervenci\u00f3n del Estado para entorpecer el crecimiento econ\u00f3mico y darle trabajo a bur\u00f3cratas que&nbsp;no aportaron nada a la sociedad, sea en formato del Ministerio de la Mujer o de organismos internacionales\u201d, dijo en la Asamblea Anual del Foro Econ\u00f3mico Mundial, en Davos, Suiza.<\/p>\n\n\n\n<p class=\"wp-block-paragraph\">Los movimientos feministas marcharon este 24 de enero en distintas ciudades del pa\u00eds, durante la primera huelga general contra el gobierno de Milei, convocada por la principal central sindical. La consigna fue que no van a permitir el recorte de los derechos conquistados para las mujeres.<\/p>\n\n\n\n<figure class=\"wp-block-image size-full\"><a href=\"https:\/\/redsemlac.com\/semmexico\/wp-content\/uploads\/2024\/01\/milei-amenaza-02.jpg\"><img loading=\"lazy\" decoding=\"async\" width=\"720\" height=\"482\" src=\"https:\/\/redsemlac.com\/semmexico\/wp-content\/uploads\/2024\/01\/milei-amenaza-02.jpg\" alt=\"\" class=\"wp-image-76584\"\/><\/a><\/figure>\n\n\n\n<p class=\"wp-block-paragraph\"><a href=\"https:\/\/ipsnoticias.net\/wp-content\/uploads\/2024\/01\/argentina-4.jpg\"><\/a>Mar\u00eda Bel\u00e9n Correa, activista trans por los derechos de las minor\u00edas sexuales. Es la creadora de la Asociaci\u00f3n de Travestis de Argentina y del Archivo de la Memoria Trans, que documenta la historia de las luchas de esa comunidad. Imagen: Archivo de la Memoria Trans<\/p>\n\n\n\n<h2 class=\"wp-block-heading\"><strong><em>Retroceso<\/em><\/strong><em><\/em><\/h2>\n\n\n\n<p class=\"wp-block-paragraph\">\u201cLos movimientos feministas tuvieron una explosi\u00f3n en Argentina a partir de 2015 y el fen\u00f3meno fue tal que nos convertimos en referencia primero para la regi\u00f3n y luego, para el mundo. Hoy ese mismo monstruo nos ha devorado: la expansi\u00f3n fue tan potente que empez\u00f3 a generar resistencias\u201d, dice a IPS la abogada Natalia Gherardi, con larga formaci\u00f3n y experiencia en el trabajo a favor de los derechos de las mujeres desde la sociedad civil.<\/p>\n\n\n\n<p class=\"wp-block-paragraph\">\u201cCre\u00edamos que hab\u00edamos convencido a la sociedad de que la agenda feminista es igualitaria y beneficiosa para las mayor\u00eda, pero hoy vemos c\u00f3mo se ha impuesto la idea de que se trata de preocupaciones de una minor\u00eda\u201d, agrega Gherardi, quien dirige el Equipo Latinoamericano de Justicia y G\u00e9nero&nbsp;(ELA), organizaci\u00f3n que desde hace 20 a\u00f1os trabaja a favor de los derechos de las mujeres desde Buenos Aires.<\/p>\n\n\n\n<p class=\"wp-block-paragraph\">Efectivamente, el discurso contra las pol\u00edticas de g\u00e9nero parece haberle darle r\u00e9dito a Milei, un economista de 53 a\u00f1os que adquiri\u00f3 popularidad insultando en programas de TV a los pol\u00edticos \u2013cuya imagen se deterior\u00f3 por una persistente crisis econ\u00f3mica que lleva 12 a\u00f1os-, fund\u00f3 su propio partido en 2021 y tuvo un ascenso fulminante para llegar a la presidencia en 2023.<\/p>\n\n\n\n<h2 class=\"wp-block-heading has-text-align-right\"><strong><em>\u201cEn situaciones de crisis el hilo se corta por lo m\u00e1s fino y por eso les sirve\u00a0atacar al feminismo y la diversidad sexual\u201d: Mar\u00eda Bel\u00e9n Correa.<\/em><\/strong><\/h2>\n\n\n\n<p class=\"wp-block-paragraph\">Desde que asumi\u00f3 est\u00e1 imponiendo un programa ultraliberal, que busca terminar con todas las regulaciones de la econom\u00eda que protegen a los m\u00e1s vulnerables. El resultado, por ahora, es una aceleraci\u00f3n de la inflaci\u00f3n \u2013que en diciembre fue de 25 % en un solo mes, seg\u00fan datos oficiales- y un deterioro a\u00fan mayor del poder adquisitivo de los asalariados.<\/p>\n\n\n\n<p class=\"wp-block-paragraph\">\u201cNosotras somos el escudo que Milei usa para hacer cosas m\u00e1s fuertes e importantes, que son desarmar el Estado y aplicar una receta ultraliberal que ya se us\u00f3 otras veces en la Argentina\u201d, afirma a IPS Mar\u00eda Bel\u00e9n Correa, activista por los derechos de las minor\u00edas sexuales que en 1993 fue una de las fundadoras de la Asociaci\u00f3n de Travestis de Argentina.<\/p>\n\n\n\n<p class=\"wp-block-paragraph\">Correa agrega: \u201cEn situaciones de crisis el hilo se corta por lo m\u00e1s fino y por eso les sirve&nbsp; atacar al feminismo y la diversidad sexual. Siempre la derecha hizo campa\u00f1a en contra las minor\u00edas poni\u00e9ndonos como enemigos del resto de la sociedad\u201d.<\/p>\n\n\n\n<p class=\"wp-block-paragraph\">Ella es la creadora del Archivo de la Memoria Trans, que con m\u00e1s de 15 000 documentos preserva las historias de la comunidad y de sus personas asesinadas o muertas por los obst\u00e1culos para acceder a la salud.<\/p>\n\n\n\n<figure class=\"wp-block-image size-full\"><a href=\"https:\/\/redsemlac.com\/semmexico\/wp-content\/uploads\/2024\/01\/milei-amenaza-03.jpg\"><img loading=\"lazy\" decoding=\"async\" width=\"720\" height=\"496\" src=\"https:\/\/redsemlac.com\/semmexico\/wp-content\/uploads\/2024\/01\/milei-amenaza-03.jpg\" alt=\"\" class=\"wp-image-76583\"\/><\/a><\/figure>\n\n\n\n<p class=\"wp-block-paragraph\"><a href=\"https:\/\/ipsnoticias.net\/wp-content\/uploads\/2024\/01\/Argentina-3-1.jpg\"><\/a>Un grupo de mujeres juega al f\u00fatbol en la Villa 31, el barrio precario m\u00e1s c\u00e9ntrico de Buenos Aires. El f\u00fatbol femenino se convirti\u00f3 all\u00ed en los \u00faltimos a\u00f1os en un \u00e1mbito no solo para el deporte sino para la reflexi\u00f3n sobre el rol de las mujeres y el colectivo LGBTIQ. Imagen: La Nuestra F\u00fatbol Feminista.<\/p>\n\n\n\n<h2 class=\"wp-block-heading\"><strong><em>Ni una menos<\/em><\/strong><em><\/em><\/h2>\n\n\n\n<p class=\"wp-block-paragraph\">El gran fen\u00f3meno del feminismo en Argentina se dio a partir de 2015, cuando el crimen de Chiara P\u00e1ez \u2013una adolescente de 14 a\u00f1os que estaba embarazada y fue asesinada por su novio, de 16- sac\u00f3 a miles de mujeres a las calles para exigir el fin de la violencia machista, en un movimiento que se denomin\u00f3 \u201cNi una menos\u201d y fue creciendo a\u00f1o a a\u00f1o y extendi\u00e9ndose por muchos pa\u00edses de Am\u00e9rica Latina.<\/p>\n\n\n\n<p class=\"wp-block-paragraph\">De abajo hacia arriba, logr\u00f3 la adhesi\u00f3n de artistas, pol\u00edticos, acad\u00e9micos y distintos sectores sociales.<\/p>\n\n\n\n<p class=\"wp-block-paragraph\">Entre otras cuestiones, el movimiento logr\u00f3 que la Corte Suprema de Justicia de la Naci\u00f3n creara un Registro Nacional de Femicidios o asesinatos de mujeres por razones de g\u00e9nero.<\/p>\n\n\n\n<p class=\"wp-block-paragraph\">De acuerdo al \u00faltimo registro oficial, en 2022 hubo en el pa\u00eds 252 &nbsp;femicidios o feminicidios, que es 13 % menos que en 2019, cuando se alcanz\u00f3 un pico de 286 casos.<\/p>\n\n\n\n<p class=\"wp-block-paragraph\">Otro de los logros fue la llamada ley Micaela de capacitaci\u00f3n obligatoria en g\u00e9nero para quienes integran los tres poderes del Estado. Fue sancionada en honor a la violaci\u00f3n y asesinato de la adolescente Micaela Garc\u00eda \u2013quien integraba el movimiento \u201cNi una menos\u201d- a la salida de una discoteca. Ahora Milei intenta dejarla sin efecto.<\/p>\n\n\n\n<p class=\"wp-block-paragraph\">El momento cumbre del feminismo se dio en 2018, cuando el reclamo social gener\u00f3 que por primera vez el Congreso sometiera a votaci\u00f3n la despenalizaci\u00f3n del aborto. Fue una derrota por escaso margen, pero el fuego qued\u00f3 encendido y el aborto se legaliz\u00f3 en 2020.<\/p>\n\n\n\n<p class=\"wp-block-paragraph\">Ahora, Milei amenaz\u00f3 con intentar revertir esa conquista e incluso en Davos habl\u00f3 ins\u00f3litamente de que el mundo incurre en \u201cla agenda sangrienta del aborto\u201d, como mecanismo de control poblacional cuya finalidad \u00faltima ser\u00eda proteger el ambiente de la destrucci\u00f3n de la naturaleza, cosa que para el presidente argentino es un invento del socialismo.<\/p>\n\n\n\n<p class=\"wp-block-paragraph\">\u201cMuchas de las conquistas del feminismo perdieron inter\u00e9s para la sociedad argentina, enfrentada con necesidades m\u00e1s acuciantes. Hoy ni siquiera padecemos la indiferencia anterior a 2015, sino que hay una animadversi\u00f3n, una reacci\u00f3n en contra del feminismo en Argentina\u201d, reconoce Gherardi.<\/p>\n\n\n\n<p class=\"wp-block-paragraph\">La continuidad de los programas oficiales referidos a violencia machista est\u00e1n en duda, porque no hubo informaci\u00f3n oficial.<\/p>\n\n\n\n<p class=\"wp-block-paragraph\">Uno de los que est\u00e1 en la incertidumbre es el programa Acompa\u00f1ar, que era administrado por el Ministerio de las Mujeres y pagaba el salario m\u00ednimo durante seis meses a mujeres v\u00edctimas de violencia de g\u00e9nero, con el objetivo de fortalecer su independencia econ\u00f3mica.<\/p>\n\n\n\n<p class=\"wp-block-paragraph\">Actualmente, las mujeres ya inscritas durante el gobierno anterior siguen cobrando, pero nadie sabe si en la administraci\u00f3n de Milei el programa Acompa\u00f1ar inscribir\u00e1 nuevas v\u00edctimas de violencia.<\/p>\n\n\n\n<p class=\"wp-block-paragraph\">Hoy, el movimiento feminista intenta rearmarse con una agenda social, que incluya la lucha por la igualdad salarial y el reconocimiento de las tareas de cuidados. Se trata de construir para hacer frente a una tormenta que parece estar apenas empezando.<\/p>\n","protected":false},"excerpt":{"rendered":"<p>El movimiento feminista logr\u00f3 trascendentes conquistas en Argentina en los \u00faltimos a\u00f1os, pero todas ellas est\u00e1n ahora amenazadas por el gobierno del ultraderechista Javier Milei, quien denost\u00f3 las pol\u00edticas de g\u00e9nero durante su campa\u00f1a electoral y, desde que asumi\u00f3 la presidencia el 10 de diciembre, demostr\u00f3 que est\u00e1 decidido a llevar sus ideas a la acci\u00f3n.<\/p>\n","protected":false},"author":3,"featured_media":76585,"comment_status":"open","ping_status":"open","sticky":false,"template":"","format":"standard","meta":{"_monsterinsights_skip_tracking":false,"footnotes":""},"categories":[694,63],"tags":[],"class_list":["post-76582","post","type-post","status-publish","format-standard","has-post-thumbnail","category-destacadas","category-reportajes"],"_links":{"self":[{"href":"https:\/\/redsemlac.com\/semmexico\/wp-json\/wp\/v2\/posts\/76582","targetHints":{"allow":["GET"]}}],"collection":[{"href":"https:\/\/redsemlac.com\/semmexico\/wp-json\/wp\/v2\/posts"}],"about":[{"href":"https:\/\/redsemlac.com\/semmexico\/wp-json\/wp\/v2\/types\/post"}],"author":[{"embeddable":true,"href":"https:\/\/redsemlac.com\/semmexico\/wp-json\/wp\/v2\/users\/3"}],"replies":[{"embeddable":true,"href":"https:\/\/redsemlac.com\/semmexico\/wp-json\/wp\/v2\/comments?post=76582"}],"version-history":[{"count":0,"href":"https:\/\/redsemlac.com\/semmexico\/wp-json\/wp\/v2\/posts\/76582\/revisions"}],"wp:featuredmedia":[{"embeddable":true,"href":"https:\/\/redsemlac.com\/semmexico\/wp-json\/wp\/v2\/media\/76585"}],"wp:attachment":[{"href":"https:\/\/redsemlac.com\/semmexico\/wp-json\/wp\/v2\/media?parent=76582"}],"wp:term":[{"taxonomy":"category","embeddable":true,"href":"https:\/\/redsemlac.com\/semmexico\/wp-json\/wp\/v2\/categories?post=76582"},{"taxonomy":"post_tag","embeddable":true,"href":"https:\/\/redsemlac.com\/semmexico\/wp-json\/wp\/v2\/tags?post=76582"}],"curies":[{"name":"wp","href":"https:\/\/api.w.org\/{rel}","templated":true}]}}