{"id":76580,"date":"2024-01-27T14:12:24","date_gmt":"2024-01-27T20:12:24","guid":{"rendered":"https:\/\/redsemlac.com\/semmexico\/?p=76580"},"modified":"2024-01-27T14:12:25","modified_gmt":"2024-01-27T20:12:25","slug":"mujer-y-poder-pobre-desempeno-guadalupe-taddei-y-rosario-piedra","status":"publish","type":"post","link":"https:\/\/redsemlac.com\/semmexico\/mujer-y-poder-pobre-desempeno-guadalupe-taddei-y-rosario-piedra\/","title":{"rendered":"Mujer y Poder|\u00a0Pobre Desempe\u00f1o: Guadalupe Taddei y Rosario Piedra\u00a0\u00a0\u00a0\u00a0\u00a0\u00a0\u00a0\u00a0\u00a0\u00a0\u00a0\u00a0\u00a0"},"content":{"rendered":"\n<p class=\"wp-block-paragraph\">Natalia Vidales de Bitterlin<\/p>\n\n\n\n<p class=\"wp-block-paragraph\">SemM\u00e9xico, Ensenada, Baja California, 27 de enero, 2024.- Al lado de diversas organizaciones y a trav\u00e9s de nuestra revista, Mujer y Poder, hemos estado promoviendo -desde hace d\u00e9cadas-, la participaci\u00f3n pol\u00edtica de las mujeres.<\/p>\n\n\n\n<p class=\"wp-block-paragraph\">Lo hemos hecho convencidas de que para gobernar hacen falta las dos visiones: la femenina y la masculina porque cada una tiene sus propias cualidades y virtudes que, consideramos, deben ponerse al servicio del Estado porque ah\u00ed es donde se toman las decisiones que afectan -positiva o negativamente- a toda la poblaci\u00f3n.<\/p>\n\n\n\n<p class=\"wp-block-paragraph\">Lamentablemente, dentro de muchas mujeres que han aportado para bien\u2026hay quienes realizan un vergonzoso desempe\u00f1o y en este espacio vamos a referirnos a dos de ellas: la titular del Instituto Nacional Electoral -Guadalupe Taddei- y la presidenta de la Comisi\u00f3n Nacional de los Derechos Humanos, Rosario Piedra.<\/p>\n\n\n\n<p class=\"wp-block-paragraph\">La primera, Guadalupe, brilla por su ausencia ante la anarqu\u00eda que prevalece en este tiempo electoral, y la segunda, Rosario Piedra, no contenta con su pobre desempe\u00f1o&nbsp; en sus cinco a\u00f1os al frente de la instituci\u00f3n declara,&nbsp; en su informe reciente, que la Comisi\u00f3n Nacional debe desaparecer.<\/p>\n\n\n\n<p class=\"wp-block-paragraph\">Creo que no se ha dado cuenta Rosario que la Comisi\u00f3n que preside\u2026 est\u00e1 ya en agon\u00eda por las nulas acciones que ha hecho para defender al ciudadano de los abusos de las autoridades por lo que ni deber\u00eda hacer esas vergonzosas declaraciones que demuestran su incondicionalidad para con el presidente.<\/p>\n\n\n\n<p class=\"wp-block-paragraph\">C\u00f3mo nos hubiera gustado ver un extraordinario desempe\u00f1o de estas dos mujeres que han tenido el privilegio de presidir esas instituciones de tanta importancia -y prestigio en el pasado.&nbsp; Muestran, con su actitud, que el hecho de ser mujeres\u2026no las ha hecho diferentes. No las ha hecho mejores.&nbsp; \u00a1Que lamentable!<\/p>\n\n\n\n<p class=\"wp-block-paragraph\">*Comentarios: Whats up 6621 441440<\/p>\n","protected":false},"excerpt":{"rendered":"<p>Al lado de diversas organizaciones y a trav\u00e9s de nuestra revista, Mujer y Poder, hemos estado promoviendo -desde hace d\u00e9cadas-, la participaci\u00f3n pol\u00edtica de las mujeres.<\/p>\n","protected":false},"author":3,"featured_media":38550,"comment_status":"open","ping_status":"open","sticky":false,"template":"","format":"standard","meta":{"_monsterinsights_skip_tracking":false,"footnotes":""},"categories":[100,72,35],"tags":[],"class_list":["post-76580","post","type-post","status-publish","format-standard","has-post-thumbnail","category-mujer-y-poder","category-natalia-vidales","category-opinion"],"_links":{"self":[{"href":"https:\/\/redsemlac.com\/semmexico\/wp-json\/wp\/v2\/posts\/76580","targetHints":{"allow":["GET"]}}],"collection":[{"href":"https:\/\/redsemlac.com\/semmexico\/wp-json\/wp\/v2\/posts"}],"about":[{"href":"https:\/\/redsemlac.com\/semmexico\/wp-json\/wp\/v2\/types\/post"}],"author":[{"embeddable":true,"href":"https:\/\/redsemlac.com\/semmexico\/wp-json\/wp\/v2\/users\/3"}],"replies":[{"embeddable":true,"href":"https:\/\/redsemlac.com\/semmexico\/wp-json\/wp\/v2\/comments?post=76580"}],"version-history":[{"count":0,"href":"https:\/\/redsemlac.com\/semmexico\/wp-json\/wp\/v2\/posts\/76580\/revisions"}],"wp:featuredmedia":[{"embeddable":true,"href":"https:\/\/redsemlac.com\/semmexico\/wp-json\/wp\/v2\/media\/38550"}],"wp:attachment":[{"href":"https:\/\/redsemlac.com\/semmexico\/wp-json\/wp\/v2\/media?parent=76580"}],"wp:term":[{"taxonomy":"category","embeddable":true,"href":"https:\/\/redsemlac.com\/semmexico\/wp-json\/wp\/v2\/categories?post=76580"},{"taxonomy":"post_tag","embeddable":true,"href":"https:\/\/redsemlac.com\/semmexico\/wp-json\/wp\/v2\/tags?post=76580"}],"curies":[{"name":"wp","href":"https:\/\/api.w.org\/{rel}","templated":true}]}}