{"id":76570,"date":"2024-01-27T14:02:43","date_gmt":"2024-01-27T20:02:43","guid":{"rendered":"https:\/\/redsemlac.com\/semmexico\/?p=76570"},"modified":"2024-01-27T14:10:30","modified_gmt":"2024-01-27T20:10:30","slug":"convoca-ana-lilia-rivera-a-instalacion-del-segundo-periodo-de-sesiones-ordinarias-en-el-senado-de-la-republica","status":"publish","type":"post","link":"https:\/\/redsemlac.com\/semmexico\/convoca-ana-lilia-rivera-a-instalacion-del-segundo-periodo-de-sesiones-ordinarias-en-el-senado-de-la-republica\/","title":{"rendered":"Convoca Ana Lilia Rivera a instalaci\u00f3n del Segundo Periodo de Sesiones Ordinarias en el Senado de la Rep\u00fablica"},"content":{"rendered":"\n<p class=\"wp-block-paragraph\"><em>La semana pasada, la presidenta de la Mesa Directiva confi\u00f3 en que el cierre de la LXV Legislatura ser\u00e1 muy productivo<\/em><\/p>\n\n\n\n<p class=\"wp-block-paragraph\"><em>Redacci\u00f3n<\/em><\/p>\n\n\n\n<p class=\"wp-block-paragraph\"><em>SemM\u00e9xico, Ciudad de M\u00e9xico, 27 de enero, 2024.-La presidenta de la Mesa Directiva, Ana Lilia Rivera Rivera, convoc\u00f3 a las senadoras y senadores a la sesi\u00f3n ordinaria de esta C\u00e1mara, que se llevar\u00e1 a cabo el pr\u00f3ximo jueves, 1 de febrero, para la instalaci\u00f3n del Segundo Periodo de Sesiones Ordinarias del Tercer A\u00f1o de Ejercicio de la LXV Legislatura.<\/em><\/p>\n\n\n\n<p class=\"wp-block-paragraph\"><em>Con esta plenaria, que se realizar\u00e1 a las 13:00 horas en el Sal\u00f3n de Sesiones del recinto legislativo, dar\u00e1n inicio los trabajos del Senado de la Rep\u00fablica durante el \u00faltimo Periodo Ordinario de esta Legislatura.<\/em><\/p>\n\n\n\n<p class=\"wp-block-paragraph\"><em>Lo anterior, con fundamento en lo dispuesto por los art\u00edculos 67 de la Ley Org\u00e1nica del Congreso General y 39 del Reglamento del Senado de la Rep\u00fablica.<\/em><\/p>\n\n\n\n<p class=\"wp-block-paragraph\"><em>En el citatorio, que public\u00f3 Ana Lilia Rivera en la Gaceta Parlamentaria, tambi\u00e9n se recuerda a las y los integrantes de la C\u00e1mara de Senadores la cita para la sesi\u00f3n de Congreso General, que se realizar\u00e1 ese mismo d\u00eda, a las 11:00 horas, en el Palacio Legislativo de San L\u00e1zaro, para la apertura del Segundo Periodo de Sesiones Ordinarias.<\/em><\/p>\n\n\n\n<p class=\"wp-block-paragraph\"><em>La semana pasada, la presidenta de la Mesa Directiva confi\u00f3 en que el cierre de la LXV Legislatura ser\u00e1 muy productivo y dijo que impulsar\u00e1 el di\u00e1logo parlamentario no s\u00f3lo para abordar los temas pendientes de la agenda legislativa, sino las reformas constitucionales que anunci\u00f3 el titular del Ejecutivo Federal.<\/em><\/p>\n","protected":false},"excerpt":{"rendered":"<p>La presidenta de la Mesa Directiva, Ana Lilia Rivera Rivera, convoc\u00f3 a las senadoras y senadores a la sesi\u00f3n ordinaria de esta C\u00e1mara, que se llevar\u00e1 a cabo el pr\u00f3ximo jueves, 1 de febrero, para la instalaci\u00f3n del Segundo Periodo de Sesiones Ordinarias del Tercer A\u00f1o de Ejercicio de la LXV Legislatura.<\/p>\n","protected":false},"author":3,"featured_media":76571,"comment_status":"open","ping_status":"open","sticky":false,"template":"","format":"standard","meta":{"_monsterinsights_skip_tracking":false,"footnotes":""},"categories":[50],"tags":[],"class_list":["post-76570","post","type-post","status-publish","format-standard","has-post-thumbnail","category-congreso"],"_links":{"self":[{"href":"https:\/\/redsemlac.com\/semmexico\/wp-json\/wp\/v2\/posts\/76570","targetHints":{"allow":["GET"]}}],"collection":[{"href":"https:\/\/redsemlac.com\/semmexico\/wp-json\/wp\/v2\/posts"}],"about":[{"href":"https:\/\/redsemlac.com\/semmexico\/wp-json\/wp\/v2\/types\/post"}],"author":[{"embeddable":true,"href":"https:\/\/redsemlac.com\/semmexico\/wp-json\/wp\/v2\/users\/3"}],"replies":[{"embeddable":true,"href":"https:\/\/redsemlac.com\/semmexico\/wp-json\/wp\/v2\/comments?post=76570"}],"version-history":[{"count":0,"href":"https:\/\/redsemlac.com\/semmexico\/wp-json\/wp\/v2\/posts\/76570\/revisions"}],"wp:featuredmedia":[{"embeddable":true,"href":"https:\/\/redsemlac.com\/semmexico\/wp-json\/wp\/v2\/media\/76571"}],"wp:attachment":[{"href":"https:\/\/redsemlac.com\/semmexico\/wp-json\/wp\/v2\/media?parent=76570"}],"wp:term":[{"taxonomy":"category","embeddable":true,"href":"https:\/\/redsemlac.com\/semmexico\/wp-json\/wp\/v2\/categories?post=76570"},{"taxonomy":"post_tag","embeddable":true,"href":"https:\/\/redsemlac.com\/semmexico\/wp-json\/wp\/v2\/tags?post=76570"}],"curies":[{"name":"wp","href":"https:\/\/api.w.org\/{rel}","templated":true}]}}