{"id":76565,"date":"2024-01-27T14:00:37","date_gmt":"2024-01-27T20:00:37","guid":{"rendered":"https:\/\/redsemlac.com\/semmexico\/?p=76565"},"modified":"2024-01-27T14:00:37","modified_gmt":"2024-01-27T20:00:37","slug":"dicen-que-el-teletrabajo-es-fantastico-pero-ha-encerrado-a-las-mujeres-de-nuevo-en-las-casas","status":"publish","type":"post","link":"https:\/\/redsemlac.com\/semmexico\/dicen-que-el-teletrabajo-es-fantastico-pero-ha-encerrado-a-las-mujeres-de-nuevo-en-las-casas\/","title":{"rendered":"Dicen que el teletrabajo es fant\u00e1stico, pero ha encerrado a las mujeres de nuevo en las casas\u00bb"},"content":{"rendered":"\n<p class=\"wp-block-paragraph\">Julia Navarro conversar\u00e1 sobre su \u00faltimo libro en el Hay Festival con Margarita Valencia.<\/p>\n\n\n\n<p class=\"wp-block-paragraph\">Hasta el siglo XX la Historia la escribieron los hombres, con ellos de protagonistas.<\/p>\n\n\n\n<p class=\"wp-block-paragraph\">Alicia Hern\u00e1ndez<\/p>\n\n\n\n<p class=\"wp-block-paragraph\">Pero el problema no se qued\u00f3 ah\u00ed, como le dice a BBC Mundo Julia Navarro: adem\u00e1s, \u00abhan obviado que nosotras tambi\u00e9n est\u00e1bamos all\u00ed\u00bb.<\/p>\n\n\n\n<p class=\"wp-block-paragraph\">Con su \u00faltimo libro, el m\u00e1s personal, la escritora y otrora periodista, nacida en Madrid en 1953, busca realzar a las tantas mujeres que los libros escolares no muestran y cuyos aportes fueron fundamentales para la sociedad.<\/p>\n\n\n\n<p class=\"wp-block-paragraph\">Pero lo hace con una vuelta de tuerca.<\/p>\n\n\n\n<p class=\"wp-block-paragraph\">Y es que la autora de \u201c<strong><em>Dime qui\u00e9n soy\u201d o \u201cDispara, yo ya estoy muerto<\/em><\/strong>\u201d aboga, como su \u00faltimo t\u00edtulo indica, por \u201cUna historia compartida\u201d (Penguin Random House, 2023) donde ellas son protagonistas, pero cuya vida no puede desvincularse de los hombres que tuvieron alrededor.<\/p>\n\n\n\n<p class=\"wp-block-paragraph\"><a href=\"https:\/\/www.bbc.com\/mundo\/articles\/cl4e05d8e2jo\"><strong><em>\u00abLa rabia hace revoluciones personales y colectivas y tenemos que saber encaminarla\u00bb<\/em><\/strong><\/a><strong><em><\/em><\/strong><\/p>\n\n\n\n<p class=\"wp-block-paragraph\">As\u00ed -en una traves\u00eda donde se mezclan sus viajes, lecturas, an\u00e9cdotas de infancia y de periodista que empez\u00f3 a ejercer en una Espa\u00f1a en plena transici\u00f3n democr\u00e1tica- teje un hilo muy personal donde aparecen desde mujeres mitol\u00f3gicas como Medea hasta cient\u00edficas denostadas del siglo XX, adem\u00e1s de matem\u00e1ticas y, claro, periodistas y escritoras.<\/p>\n\n\n\n<p class=\"wp-block-paragraph\">Y los hombres que las ayudaron y auparon, o las ensombrecieron y olvidaron.<\/p>\n\n\n\n<p class=\"wp-block-paragraph\">El libro fue escrito durante la pandemia, cuando el teletrabajo se impuso como la \u00fanica forma posible de trabajar. Esta modalidad, que lleg\u00f3 para quedarse, conlleva un nuevo riesgo para las mujeres, tal como le dice la autora a BBC Mundo.<\/p>\n\n\n\n<figure class=\"wp-block-image size-full\"><a href=\"https:\/\/redsemlac.com\/semmexico\/wp-content\/uploads\/2024\/01\/juliana-navarro-02.jpg\"><img loading=\"lazy\" decoding=\"async\" width=\"640\" height=\"360\" src=\"https:\/\/redsemlac.com\/semmexico\/wp-content\/uploads\/2024\/01\/juliana-navarro-02.jpg\" alt=\"\" class=\"wp-image-76566\"\/><\/a><\/figure>\n\n\n\n<p class=\"wp-block-paragraph\">FUENTE DE LA IMAGEN,FOTO DE JUAN MANUEL FERN\u00c1NDEZ<\/p>\n\n\n\n<p class=\"wp-block-paragraph\"><strong><em>\u00bfC\u00f3mo fue la selecci\u00f3n de estas mujeres?<\/em><\/strong><em><\/em><\/p>\n\n\n\n<p class=\"wp-block-paragraph\">Este es un libro muy personal que escrib\u00ed durante la pandemia. Era como una manera de escaparme del encierro, psicol\u00f3gicamente.<\/p>\n\n\n\n<p class=\"wp-block-paragraph\">En ese momento no me sent\u00eda capaz de escribir novelas y este proyecto fue el modo de traspasar las paredes de mi casa y recordar a distintas mujeres que me he ido encontrando a lo largo de mis lecturas y viajes.<\/p>\n\n\n\n<p class=\"wp-block-paragraph\">Soy consciente de que hay muchas mujeres que no est\u00e1n y deber\u00edan, no solo en este libro, sino en los libros de texto en general, pero esta es una selecci\u00f3n muy personal.<\/p>\n\n\n\n<p class=\"wp-block-paragraph\">En los libros hay un d\u00e9ficit importante de mujeres cuyas aportaciones a la humanidad han sido absolutamente imprescindibles. Esta ausencia me parece escandalosa, clamorosa.<\/p>\n\n\n\n<p class=\"wp-block-paragraph\"><strong><em>Pero decidiste incluir a los hombres que hay alrededor de la vida de estas mujeres. \u00bfPor qu\u00e9?<\/em><\/strong><\/p>\n\n\n\n<p class=\"wp-block-paragraph\">Porque la historia es com\u00fan, no hay una historia de unos solos. O sea, no hay una historia de hombres, no hay una historia de mujeres. Hemos estado juntos desde el principio de los tiempos.<\/p>\n\n\n\n<p class=\"wp-block-paragraph\">El problema es que ellos han sido los que han escrito la historia y han obviado que nosotras tambi\u00e9n est\u00e1bamos all\u00ed.<\/p>\n\n\n\n<p class=\"wp-block-paragraph\">A m\u00ed me parece que no nos podemos explicar los unos y los otros.<\/p>\n\n\n\n<p class=\"wp-block-paragraph\">\u00bfC\u00f3mo se entiende Helena de Troya sin Paris, Medea sin Jas\u00f3n? No lo voy a hacer, es absolutamente imposible. No es posible, de la misma manera que no se les puede explicar a ellos sin la presencia de ellas.<\/p>\n\n\n\n<p class=\"wp-block-paragraph\">Todas tenemos padres, hermanos, parejas, hijos\u2026 Los hombres han estado permanentemente en nuestras vidas, como nosotras hemos estado permanentemente en las suyas, nos explicamos en relaci\u00f3n con los dem\u00e1s.<\/p>\n\n\n\n<p class=\"wp-block-paragraph\">Y de la misma manera que yo recrimino a ellos que hayan escrito una historia en la que nosotras somos una nota a pie de p\u00e1gina, ahora no se trata de hacer lo mismo.<\/p>\n\n\n\n<p class=\"wp-block-paragraph\">Hace poco, precisamente, se public\u00f3 una encuesta en Espa\u00f1a en la que se destacaba que m\u00e1s de un 44% de hombres cre\u00eda que con los avances del feminismo ellos sent\u00edan que los discriminaban.<\/p>\n\n\n\n<p class=\"wp-block-paragraph\">M\u00e1s all\u00e1 de la encuesta, pienso que los hombres a d\u00eda de hoy est\u00e1n perplejos.<\/p>\n\n\n\n<p class=\"wp-block-paragraph\">Lo que les est\u00e1 pasando es que, a lo largo de la historia, ellos han tenido en las manos las riendas de la sociedad y de repente nosotras estamos ah\u00ed.<\/p>\n\n\n\n<p class=\"wp-block-paragraph\">A ra\u00edz de los movimientos feministas y, sobre todo, con la sociedad industrial y las guerras mundiales, cuando los hombres van a la guerra y las mujeres tienen que ocupar los puestos de trabajo que ellos ocupaban, ya no queremos volver a casa, l\u00f3gicamente.<\/p>\n\n\n\n<p class=\"wp-block-paragraph\">Es tener una presencia p\u00fablica a la que no est\u00e1n acostumbrados.<\/p>\n\n\n\n<p class=\"wp-block-paragraph\">Yo soy feminista porque soy dem\u00f3crata. No puede haber una democracia de calidad en la que la mitad de la poblaci\u00f3n no tenga los mismos derechos y oportunidades que la otra mitad. No se trata de arrebatar el poder a nadie, sino de compartir el espacio en toda la sociedad, desde la casa hasta el consejo de ministros.<\/p>\n\n\n\n<p class=\"wp-block-paragraph\">As\u00ed que est\u00e1n perplejos porque ten\u00edan las riendas de la sociedad en sus manos, de la sociedad, de la vida de todos y de repente las tienen que compartir. Y les cuesta.<\/p>\n\n\n\n<p class=\"wp-block-paragraph\">Ojo, no todos, no se puede hacer una generalizaci\u00f3n porque muchos hombres lo viven bien. Otros est\u00e1n viviendo una etapa de perplejidad que se les pasar\u00e1 seg\u00fan se vaya afianzando el rol de las mujeres.<\/p>\n\n\n\n<p class=\"wp-block-paragraph\">Yo creo que hombres y mujeres somos diferentes biol\u00f3gicamente, pero esa diferencia no nos hace desiguales.<\/p>\n\n\n\n<p class=\"wp-block-paragraph\"><strong><em>En tu caso, te criaste en un ambiente poco com\u00fan para la \u00e9poca, una casa donde se trataba por igual a chicos y chicas, seg\u00fan muestras en el libro. Y, de todas las figuras masculinas que resaltas, tu t\u00edo parece una importante<\/em><\/strong><strong>.<\/strong><\/p>\n\n\n\n<p class=\"wp-block-paragraph\">Las figuras masculinas que he tenido a mi alrededor han sido figuras muy potentes, que me han ense\u00f1ado y recalcado la importancia de que fuera independiente, a pensar, a no ponerme cortapisas.<\/p>\n\n\n\n<p class=\"wp-block-paragraph\">Me ha marcado el no haber visto a los hombres como enemigos. Cuando salgo un poco a la vida me doy cuenta de que lo que viv\u00ed en mi casa fue una aut\u00e9ntica burbuja y que el rol de hombres y mujeres estaba muy determinado en la sociedad.<\/p>\n\n\n\n<p class=\"wp-block-paragraph\">Yo no tuve la figura de mi padre. Viv\u00ed en casa de mis abuelos y el hermano peque\u00f1o de mi madre fue realmente como si fuera mi padre, fue fundamental.<\/p>\n\n\n\n<p class=\"wp-block-paragraph\">Pero tambi\u00e9n la figura de mis t\u00edos en general, de mi abuelo materno, Jer\u00f3nimo, que es absolutamente trascendente para m\u00ed, porque me transmiti\u00f3 el amor a los libros, su inteligencia a la hora de dirigir mis lecturas me ha ayudado mucho a lo largo de la vida.<\/p>\n\n\n\n<p class=\"wp-block-paragraph\">Crec\u00ed en una casa donde no hab\u00eda prohibiciones, es decir, nunca me dijeron que no pod\u00eda leer algo porque era mujer o porque no era para mi edad.<\/p>\n\n\n\n<p class=\"wp-block-paragraph\">FUENTE DE LA IMAGEN,CORTES\u00cdA<\/p>\n\n\n\n<p class=\"wp-block-paragraph\"><strong><em>Adem\u00e1s de \u201cdesigualdad\u201d y \u201cmujer\u201d, una de las palabras que m\u00e1s repite en el libro es \u201cpoder\u201d.<\/em><\/strong><\/p>\n\n\n\n<p class=\"wp-block-paragraph\">A las mujeres siempre les han puesto obst\u00e1culos para llegar a los centros de poder. A\u00fan hoy no es f\u00e1cil.<\/p>\n\n\n\n<p class=\"wp-block-paragraph\">La prueba es que es noticia que una mujer es presidenta. Mientras sea noticia que una mujer es algo, es que todav\u00eda no hemos alcanzado esa normalidad de compartir roles sociales con el resto de la humanidad, que son ellos.<\/p>\n\n\n\n<p class=\"wp-block-paragraph\"><strong><em>Hay varios personajes del libro que me han llamado la atenci\u00f3n. Por ejemplo, la historia de la reina-fara\u00f3n Hatshepsut a la que su sucesor, Tutmosis III, borra del mapa. No s\u00e9 si pasa hoy algo similar con la cultura de la cancelaci\u00f3n.<\/em><\/strong><\/p>\n\n\n\n<p class=\"wp-block-paragraph\">Lo que hoy est\u00e1 pasando es much\u00edsimo m\u00e1s grave, que es el movimiento \u201cwoke\u201d, algo absolutamente reaccionario. Sin duda nace con buenas intenciones, pero se ha convertido en un aut\u00e9ntico monstruo, es un movimiento que quiere imponer.<\/p>\n\n\n\n<p class=\"wp-block-paragraph\">\u00bfEn nombre de qui\u00e9nes se han erigido de lo que es correcto o no? Me recuerda a la etapa de la iglesia en la que hab\u00eda un \u00edndice de libros que se pod\u00edan leer o no. Atentan contra la libertad de expresi\u00f3n, de creaci\u00f3n y casi hasta la libertad de pensamiento. Se han erigido como los due\u00f1os de la moral del siglo XXI. Es un movimiento peligroso y profundamente reaccionario.<\/p>\n\n\n\n<p class=\"wp-block-paragraph\">Y no me cansar\u00e9 de decirlo, a m\u00ed me escandaliza que haya libros que est\u00e1n siendo prohibidos en las universidades porque hay alumnos que se sienten ofendidos en su sensibilidad. Mire usted, la Universidad es un lugar de debate.<\/p>\n\n\n\n<p class=\"wp-block-paragraph\">Son los nuevos Torquemadas [por Tom\u00e1s de Torquemada, inquisidor espa\u00f1ol]. Hace unos a\u00f1os todos nos escandalizamos cuando los talibanes destruyeron unos Budas.. Bueno\u2026 pues es que eso es lo que est\u00e1n haciendo.<\/p>\n\n\n\n<p class=\"wp-block-paragraph\">La libertad es un bien demasiado preciado para dejar que un grupo se haga con el control.<\/p>\n\n\n\n<p class=\"wp-block-paragraph\">Cada vez la gente tiene m\u00e1s miedo de decir en voz alta lo que piensa, de que los quemen en la plaza p\u00fablica que es internet. Antes era en las hogueras de la Inquisici\u00f3n, ahora son las hogueras de la red.<\/p>\n\n\n\n<p class=\"wp-block-paragraph\">Y con esto est\u00e1 empezando a instaurarse la autocensura.<\/p>\n\n\n\n<p class=\"wp-block-paragraph\"><strong><em>En el libro cuentas c\u00f3mo a Marie Curie quer\u00edan impedirle ir a Estocolmo a recibir su segundo Premio Nobel (en 1911, el de Qu\u00edmica, por sus investigaciones sobre el radio y sus compuestos) cuando se supo que ten\u00eda un amante, el f\u00edsico Paul Langevin, que era casado. No conoc\u00eda esa historia.<\/em><\/strong><em><\/em><\/p>\n\n\n\n<p class=\"wp-block-paragraph\">Es que es fuerte. Y fue Albert Einstein el que la convence y le escribe una carta dici\u00e9ndole, \u201cmire, a usted no le van a dar el Nobel por su vida privada, le van a dar el Nobel por sus aportaciones a la ciencia, as\u00ed que usted lo que tiene es que hacer es ir a Estocolmo\u201d.<\/p>\n\n\n\n<p class=\"wp-block-paragraph\">Y ella le hizo caso.<\/p>\n\n\n\n<p class=\"wp-block-paragraph\"><strong><em>En buena parte del libro le das la vuelta a las historias, a mitos. Por ejemplo, planteas que Jason nunca es juzgado, pero es igual de culpable que Medea del asesinato de sus hijos, o que Pen\u00e9lope no es una esposa pasiva, sino que gobern\u00f3 \u00cdtaca. Parece que no solo nos toca visibilizar a las mujeres en la historia y en la literatura, tambi\u00e9n toca reescribirla.<\/em><\/strong><\/p>\n\n\n\n<p class=\"wp-block-paragraph\">En el mito de Medea ella es una asesina, pero lo hace en beneficio de Jason y \u00e9l nunca le dice \u201coye, no hagas esto\u201d. \u00c9l no se mancha las manos, pero no la frena e inicia la locura de amor de Medea.<\/p>\n\n\n\n<p class=\"wp-block-paragraph\">Entonces, se trata un poco de reflexionar sobre el papel que desempe\u00f1an las mujeres.<\/p>\n\n\n\n<p class=\"wp-block-paragraph\">Pienso, por ejemplo, en Ulises, un t\u00edo list\u00edsimo. Se va a una guerra en la que est\u00e1 10 a\u00f1os y tarda otros 10 a\u00f1os en volver. \u00c9l se va porque sabe que tiene una mujer que es una gobernante, que tiene las cualidades, la inteligencia, la astucia. As\u00ed que tambi\u00e9n hay que repensar a Pen\u00e9lope y dejar de verla como una se\u00f1ora que se la pasaban tejiendo.<\/p>\n\n\n\n<p class=\"wp-block-paragraph\">A veces hemos hecho una lectura muy superficial del papel de las mujeres. Entonces yo lo que propongo es: vamos a detenernos y analizar qu\u00e9 hicieron y en qu\u00e9 contexto vivieron.<\/p>\n\n\n\n<figure class=\"wp-block-image size-full\"><a href=\"https:\/\/redsemlac.com\/semmexico\/wp-content\/uploads\/2024\/01\/juliana-navarro-03.jpg\"><img loading=\"lazy\" decoding=\"async\" width=\"640\" height=\"360\" src=\"https:\/\/redsemlac.com\/semmexico\/wp-content\/uploads\/2024\/01\/juliana-navarro-03.jpg\" alt=\"\" class=\"wp-image-76567\"\/><\/a><\/figure>\n\n\n\n<p class=\"wp-block-paragraph\">\u00a0A IMAGEN,GETTY IMAGES<\/p>\n\n\n\n<p class=\"wp-block-paragraph\">Marie Curie es una de las figuras que Julia Navarro realza en su libro.<\/p>\n\n\n\n<p class=\"wp-block-paragraph\"><strong><em>Recalcas varias veces la idea de c\u00f3mo nos han silenciado. \u00bfNos est\u00e1n haciendo eso a las mujeres en la actualidad?<\/em><\/strong><em><\/em><\/p>\n\n\n\n<p class=\"wp-block-paragraph\">No as\u00ed porque ya no permitimos que nos silencien, pero s\u00ed hay algo que me parece preocupante, que es el teletrabajo.<\/p>\n\n\n\n<p class=\"wp-block-paragraph\">A las mujeres nos cost\u00f3 mucho salir de nuestras casas para tener un trabajo y, a trav\u00e9s de ese trabajo, tener una vida propia que significaba conocer otras personas fuera del \u00e1mbito de la familia.<\/p>\n\n\n\n<p class=\"wp-block-paragraph\">Con el teletrabajo nos dicen que es fant\u00e1stico y estupendo, pero nos devuelven a la casa. Y perdemos independencia, porque no nos comunicamos igual por una pantalla.<\/p>\n\n\n\n<p class=\"wp-block-paragraph\">Mirar en una pantalla no es hablarse a los ojos. Acaba con la creatividad. Es una trampa, porque nos devuelven otra vez a las cuatro paredes de la casa y nos impiden tener una vida.<\/p>\n\n\n\n<p class=\"wp-block-paragraph\"><strong><em>En el libro haces una menci\u00f3n especial a la nicarag\u00fcense Gioconda Belli, exiliada ahora en Espa\u00f1a.<\/em><\/strong><\/p>\n\n\n\n<p class=\"wp-block-paragraph\">Es una de las grandes poetas del siglo XX y del siglo XXI, es una mujer en la que toda su poes\u00eda es militancia feminista. Es una poeta extraordinaria. Y mira\u2026 Todas las dictaduras persiguen siempre a los intelectuales. No hay ninguna dictadura, sea de derechas o de izquierdas, que no persigan a los intelectuales y Gioconda Belli lo es.<\/p>\n\n\n\n<p class=\"wp-block-paragraph\">Es una mujer perseguida porque defiende la libertad.<\/p>\n\n\n\n<p class=\"wp-block-paragraph\">No entiendo eso de que te levantes un d\u00eda y te hayan quitado la nacionalidad. Gioconda Belli es nicarag\u00fcense y morir\u00e1 siendo nicarag\u00fcense porque en su mirada est\u00e1 Nicaragua.<\/p>\n\n\n\n<p class=\"wp-block-paragraph\"><strong>De todas las mujeres de tu libro, cu\u00e1l querr\u00edas haber sido.<\/strong><\/p>\n\n\n\n<p class=\"wp-block-paragraph\">Cuando era adolescente miraba a Oriana Fallacci. Ella era el ejemplo de la periodista que yo quer\u00eda ser.<\/p>\n\n\n\n<p class=\"wp-block-paragraph\">Aunque todas las mujeres que hay en el libro, todas, son importantes en mi vida.<\/p>\n\n\n\n<p class=\"wp-block-paragraph\">Pero, sin duda, la m\u00e1s importante de todas fue mi abuela.<\/p>\n","protected":false},"excerpt":{"rendered":"<p>Julia Navarro conversar\u00e1 sobre su \u00faltimo libro en el Hay Festival con Margarita Valencia.<\/p>\n","protected":false},"author":3,"featured_media":76568,"comment_status":"open","ping_status":"open","sticky":false,"template":"","format":"standard","meta":{"_monsterinsights_skip_tracking":false,"footnotes":""},"categories":[748],"tags":[],"class_list":["post-76565","post","type-post","status-publish","format-standard","has-post-thumbnail","category-cultura-feminista"],"_links":{"self":[{"href":"https:\/\/redsemlac.com\/semmexico\/wp-json\/wp\/v2\/posts\/76565","targetHints":{"allow":["GET"]}}],"collection":[{"href":"https:\/\/redsemlac.com\/semmexico\/wp-json\/wp\/v2\/posts"}],"about":[{"href":"https:\/\/redsemlac.com\/semmexico\/wp-json\/wp\/v2\/types\/post"}],"author":[{"embeddable":true,"href":"https:\/\/redsemlac.com\/semmexico\/wp-json\/wp\/v2\/users\/3"}],"replies":[{"embeddable":true,"href":"https:\/\/redsemlac.com\/semmexico\/wp-json\/wp\/v2\/comments?post=76565"}],"version-history":[{"count":0,"href":"https:\/\/redsemlac.com\/semmexico\/wp-json\/wp\/v2\/posts\/76565\/revisions"}],"wp:featuredmedia":[{"embeddable":true,"href":"https:\/\/redsemlac.com\/semmexico\/wp-json\/wp\/v2\/media\/76568"}],"wp:attachment":[{"href":"https:\/\/redsemlac.com\/semmexico\/wp-json\/wp\/v2\/media?parent=76565"}],"wp:term":[{"taxonomy":"category","embeddable":true,"href":"https:\/\/redsemlac.com\/semmexico\/wp-json\/wp\/v2\/categories?post=76565"},{"taxonomy":"post_tag","embeddable":true,"href":"https:\/\/redsemlac.com\/semmexico\/wp-json\/wp\/v2\/tags?post=76565"}],"curies":[{"name":"wp","href":"https:\/\/api.w.org\/{rel}","templated":true}]}}