{"id":76553,"date":"2024-01-26T06:10:46","date_gmt":"2024-01-26T12:10:46","guid":{"rendered":"https:\/\/redsemlac.com\/semmexico\/?p=76553"},"modified":"2024-01-26T06:10:46","modified_gmt":"2024-01-26T12:10:46","slug":"legisladoras-emecistas-afirman-que-no-hay-escasez-de-mujeres-candidatas-para-proceso-electoral-2024","status":"publish","type":"post","link":"https:\/\/redsemlac.com\/semmexico\/legisladoras-emecistas-afirman-que-no-hay-escasez-de-mujeres-candidatas-para-proceso-electoral-2024\/","title":{"rendered":"Legisladoras emecistas afirman que no hay escasez de mujeres candidatas para proceso electoral 2024"},"content":{"rendered":"\n<ul class=\"wp-block-list\">\n<li><strong>Son las estructuras partidarias las que no dejan participar a las mujeres: Patricia Mercado Castro<\/strong><\/li>\n<\/ul>\n\n\n\n<p class=\"wp-block-paragraph\"><strong>Elda Montiel<\/strong><strong><\/strong><\/p>\n\n\n\n<p class=\"wp-block-paragraph\">SemM\u00e9xico, Ciudad de M\u00e9xico, 25 de enero, 2024.-&nbsp; Escasez de representaci\u00f3n de mujeres con liderazgos no tenemos fue la respuesta dada por la senadora Patricia Mercado Castro de Movimiento Ciudadano quien califico de \u201cviejo\u201d el argumento&nbsp; de Juan Miguel Castro Rend\u00f3n, representante&nbsp; de MC ante el INE de que es muy<\/p>\n\n\n\n<p class=\"wp-block-paragraph\">dif\u00edcil encontrar mujeres candidatas y que hay que incentivarlas y capacitarlas.<\/p>\n\n\n\n<p class=\"wp-block-paragraph\">En redes sociales la senadora escribi\u00f3 \u201cEsta posici\u00f3n es equivocada. Que nos diga cu\u00e1ndo le presentamos la lista de mujeres puestas y m\u00e1s capacitadas para ser candidatas a todos los puestos de elecci\u00f3n popular\u201d.&nbsp;&nbsp;<\/p>\n\n\n\n<p class=\"wp-block-paragraph\">La senadora refiri\u00f3 que hay muchas mujeres apuntadas, que quieren entrar a los&nbsp;espacios de representaci\u00f3n pol\u00edtica y responsables de su formaci\u00f3n pol\u00edtica, pero m\u00e1s bien se enfrentan a estructuras partidarias, donde son solamente los hombres los que deciden y&nbsp;no se tiene esta influencia por parte de las mujeres&nbsp;y a muchas otras cosas como la violencia pol\u00edtica, a la falta de recursos, que ya se han analizado, de cu\u00e1les son los obst\u00e1culos para que las mujeres puedan participar.<\/p>\n\n\n\n<p class=\"wp-block-paragraph\">El pasado 22 de enero el candidato de Movimiento Ciudadano a la Presidencia de la Rep\u00fablica, Jorge \u00c1lvarez M\u00e1ynez, nombr\u00f3 a la senadora Patricia Mercado Castro como su coordinadora del Programa de Gobierno que presentar\u00e1 en el periodo de campa\u00f1a.<\/p>\n\n\n\n<p class=\"wp-block-paragraph\">A trav\u00e9s de su cuenta de X, \u00c1lvarez M\u00e1ynez asegur\u00f3 que eligi\u00f3 a Mercado porque ella ha sido, para \u00e9l, inspiraci\u00f3n y referencia en la lucha por un M\u00e9xico de iguales. Desde que era estudiante, Patricia ha sido inspiraci\u00f3n y referencia en la lucha por un M\u00e9xico de iguales. Hoy, frente al reto m\u00e1s importante de mi vida, caminamos juntos\u201d, escribi\u00f3.<\/p>\n\n\n\n<p class=\"wp-block-paragraph\">Las expresiones de Juan Miguel Castro Rend\u00f3n se dan en la sesi\u00f3n del INE, el 11 de enero, por la resistencia a ajustar los documentos partidarios a los criterios de violencia pol\u00edtica de g\u00e9nero y paridad sustantiva, por lo que expres\u00f3 que \u201ces muy dif\u00edcil conseguir candidatas. No se trata de improvisar candidatas, se trata de buscar, en verdad, personas, mujeres que quieran participar. Eso lo debemos de hacer juntos los partidos y con la orientaci\u00f3n de ustedes\u201d, asegur\u00f3 en su participaci\u00f3n en la sesi\u00f3n.<\/p>\n\n\n\n<p class=\"wp-block-paragraph\">A la respuesta de Patricia Mercado se sum\u00f3 la de la ex diputada federal del mismo partido Martha Tagle Mart\u00ednez quien se\u00f1al\u00f3 que a las mujeres no les hace falta que se les incentive a participar, \u201cm\u00e1s bien las mujeres estamos hartas del machismo y de la violencia en los partidos, y muchas hacen bien al no estar dispuestas a soportarlo. Otras no lo soportamos y estamos dentro dando la batalla contra los machos y cambiando las reglas para que est\u00e9n obligados a dejar pasar a las mujeres a los espacios de decisi\u00f3n a los que tenemos derecho\u201d.<\/p>\n\n\n\n<p class=\"wp-block-paragraph\">Por su parte, la senadora Indira Kempis Mart\u00ednez en su cuenta de X en un mensaje al &nbsp;representante de MC \u00bfSabe qu\u00e9 me pas\u00f3 por abrir mi boca y decir que \u201cquiero ser candidata presidencial por Movimiento Ciudadano\u201d? Ni si quiera me dejaron Competir. Me Violaron mi derecho leg\u00edtimo con violencia\u201d.<\/p>\n\n\n\n<p class=\"wp-block-paragraph\">La senadora por Nuevo Le\u00f3n a partir del 1 de febrero pasa a formar parte de la bancada del PRI, y a pesar de que renunci\u00f3 seguir\u00e1 su reclamo legal a Movimiento Ciudadano por impedirle, de manera antidemocr\u00e1tica que se postular\u00e1 como precandidata a la presidencia de M\u00e9xico.<\/p>\n\n\n\n<p class=\"wp-block-paragraph\">Por otra parte, en su cuenta de Facebook la senadora Patricia Mercado celebra tres a\u00f1os de trabajo en la formaci\u00f3n e impulso de mujeres j\u00f3venes que han decidido participar en pol\u00edtica por parte de la organizaci\u00f3n A una M\u00e9xico que ha nominado a un nutrido grupo de ellas para buscar candidaturas en distintas fuerzas pol\u00edticas para el proceso electoral de 2024.<\/p>\n\n\n\n<p class=\"wp-block-paragraph\">\u201cAlgunas de ellas est\u00e1n participando en <a href=\"https:\/\/www.instagram.com\/_u\/movciudadanomx?fbclid=IwAR05E5-9Xxlvql-YlpeY4_08-m2ZJczgYKQELTioAAMp40tEYh24-7WzBgY\" target=\"_blank\" rel=\"noreferrer noopener\">@movciudadanomx<\/a> y con mucho gusto las acompa\u00f1amos <a href=\"https:\/\/l.facebook.com\/l.php?u=https%3A%2F%2Fwww.instagram.com%2F_u%2Fmarthatagle%3Ffbclid%3DIwAR3SCkkOq6BycQfpjgZibyL6zKC2JAPPq9eQCE971iOW0G3ZHuoC4vcl-CQ&amp;h=AT3AQTv8HpOX-3BjE2GIMlrKhovyq_97EKFG12DzeVjnOUMUWa4qIAJriwodUX6RoXXC_90zX3d6cWrSnQNouUQaedHLdNuNC6p4HMQdpgt1n1ImBz-zJ1T002eir0kBK03H9Ram-xDCxvOdE6g6&amp;__tn__=-UK-R&amp;c%5b0%5d=AT1Byj1vOMG-vOaSiKHrraCPtA3oR-_k4ScwerbCWoruYpANwvwreMlJniAutMkiXTaMUlNLTJKxqZf76qkyiMpsKzDELpJ_WL7G6x2Isme5i56zkdZoVpZXgiroHLNtKWyKeUQHN9CiVDX5WYrTpr3CSna_nMtyAUkQdgNNt4auOJpvzxO43mleJY--TJJABgZv_cR1H67h\" target=\"_blank\" rel=\"noreferrer noopener\">@marthatagle<\/a> <a href=\"https:\/\/www.instagram.com\/_u\/julietamaciasrabago?fbclid=IwAR1C7YZHuwyDl0XN09yeEwfi8teUBy7IM3JFjBv2IkJ8JknoFPzA0t_nwwU\" target=\"_blank\" rel=\"noreferrer noopener\">@julietamaciasrabago<\/a> <a href=\"https:\/\/l.facebook.com\/l.php?u=https%3A%2F%2Fwww.instagram.com%2F_u%2Fbrauliolom%3Ffbclid%3DIwAR2XVWKUD6IjYixxqnN-3_bluyFKg6USFIwrS70odHwYrY_JfOYioHMGRSo&amp;h=AT2yH1rKLoJ_bXNgPa7qxLI0FhgBVYii0lKjQpJethwYZIxap7_gGtTT2Uvs_qSo0_Af93A1FI4jfMOeefgpoXgGrLiUYSEf0kNFCKTwnfUEW79a06k_INlsEv1ZuS39r231Nvc6-BccgTvkNKuX&amp;__tn__=-UK-R&amp;c%5b0%5d=AT1Byj1vOMG-vOaSiKHrraCPtA3oR-_k4ScwerbCWoruYpANwvwreMlJniAutMkiXTaMUlNLTJKxqZf76qkyiMpsKzDELpJ_WL7G6x2Isme5i56zkdZoVpZXgiroHLNtKWyKeUQHN9CiVDX5WYrTpr3CSna_nMtyAUkQdgNNt4auOJpvzxO43mleJY--TJJABgZv_cR1H67h\" target=\"_blank\" rel=\"noreferrer noopener\">@brauliolom<\/a> <a href=\"https:\/\/l.facebook.com\/l.php?u=https%3A%2F%2Fwww.instagram.com%2F_u%2Froyfid%3Ffbclid%3DIwAR0_0piyGJ4SAvsMVZVXD_1egkoSXIvVQ3NCHbvvx8y35890CQbtOTpbz20&amp;h=AT19GYq3CQ_AvTvey1eJm0-Yy4Ep1WrodkSG1t4VIhrkd2r52PxkbCz5qg6Nru7t9u6ZtQ3ilsX34XSkKYFaQI8JgAylvbAXAg23fu3Cx27YN_rkBZ6kjQmxT9dTsNFH3cnL0woZBEyUN3To4Aa3&amp;__tn__=-UK-R&amp;c%5b0%5d=AT1Byj1vOMG-vOaSiKHrraCPtA3oR-_k4ScwerbCWoruYpANwvwreMlJniAutMkiXTaMUlNLTJKxqZf76qkyiMpsKzDELpJ_WL7G6x2Isme5i56zkdZoVpZXgiroHLNtKWyKeUQHN9CiVDX5WYrTpr3CSna_nMtyAUkQdgNNt4auOJpvzxO43mleJY--TJJABgZv_cR1H67h\" target=\"_blank\" rel=\"noreferrer noopener\">@royfid<\/a> y yo, en la entrega de los informes de actividades de precampa\u00f1a\u201d. Somos mujeres que caminamos en alianza con otras mujeres, se lee.<\/p>\n\n\n\n<p class=\"wp-block-paragraph\">Hay que recordar que en noviembre del 2023 MC impugno el acuerdo de paridad sustantiva aprobado por el INE, mediante el cual se obliga a los partidos a postular a mujeres en al menos cinco de las 9 entidades que tendr\u00e1n elecci\u00f3n de gubernaturas.<\/p>\n\n\n\n<p class=\"wp-block-paragraph\">El representante de MC, Castro Rend\u00f3n interpuso el recurso de apelaci\u00f3n ante la Sala Superior del Tribunal Electoral del Poder Judicial de la Federaci\u00f3n, argumentando varios agravios a los principios constitucionales que rigen la funci\u00f3n electoral, entre los que destaca el de certeza y el de legalidad.<\/p>\n\n\n\n<p class=\"wp-block-paragraph\">Desde 2018 es obligaci\u00f3n de los partidos pol\u00edticos destinar parte de su financiamiento a capacitaci\u00f3n femenina y en 2014 paso de ser el 2 al 3 por ciento.<\/p>\n\n\n\n<p class=\"wp-block-paragraph\">Movimiento Ciudadano present\u00f3 al igual que los otros partidos <strong>el Programa Anual de Trabajo de Capacitaci\u00f3n, Promoci\u00f3n y El Desarrollo del Liderazgo Pol\u00edtico de las Mujeres del 2023.<\/strong><\/p>\n","protected":false},"excerpt":{"rendered":"<p>Son las estructuras partidarias las que no dejan participar a las mujeres: Patricia Mercado Castro<\/p>\n","protected":false},"author":3,"featured_media":76554,"comment_status":"open","ping_status":"open","sticky":false,"template":"","format":"standard","meta":{"_monsterinsights_skip_tracking":false,"footnotes":""},"categories":[141],"tags":[228],"class_list":["post-76553","post","type-post","status-publish","format-standard","has-post-thumbnail","category-elecciones-2020-2021","tag-elecciones"],"_links":{"self":[{"href":"https:\/\/redsemlac.com\/semmexico\/wp-json\/wp\/v2\/posts\/76553","targetHints":{"allow":["GET"]}}],"collection":[{"href":"https:\/\/redsemlac.com\/semmexico\/wp-json\/wp\/v2\/posts"}],"about":[{"href":"https:\/\/redsemlac.com\/semmexico\/wp-json\/wp\/v2\/types\/post"}],"author":[{"embeddable":true,"href":"https:\/\/redsemlac.com\/semmexico\/wp-json\/wp\/v2\/users\/3"}],"replies":[{"embeddable":true,"href":"https:\/\/redsemlac.com\/semmexico\/wp-json\/wp\/v2\/comments?post=76553"}],"version-history":[{"count":0,"href":"https:\/\/redsemlac.com\/semmexico\/wp-json\/wp\/v2\/posts\/76553\/revisions"}],"wp:featuredmedia":[{"embeddable":true,"href":"https:\/\/redsemlac.com\/semmexico\/wp-json\/wp\/v2\/media\/76554"}],"wp:attachment":[{"href":"https:\/\/redsemlac.com\/semmexico\/wp-json\/wp\/v2\/media?parent=76553"}],"wp:term":[{"taxonomy":"category","embeddable":true,"href":"https:\/\/redsemlac.com\/semmexico\/wp-json\/wp\/v2\/categories?post=76553"},{"taxonomy":"post_tag","embeddable":true,"href":"https:\/\/redsemlac.com\/semmexico\/wp-json\/wp\/v2\/tags?post=76553"}],"curies":[{"name":"wp","href":"https:\/\/api.w.org\/{rel}","templated":true}]}}