{"id":76482,"date":"2024-01-24T21:13:52","date_gmt":"2024-01-25T03:13:52","guid":{"rendered":"https:\/\/redsemlac.com\/semmexico\/?p=76482"},"modified":"2024-01-24T21:13:53","modified_gmt":"2024-01-25T03:13:53","slug":"designa-presidenta-del-ine-a-cuatro-mujeres-en-puestos-claves","status":"publish","type":"post","link":"https:\/\/redsemlac.com\/semmexico\/designa-presidenta-del-ine-a-cuatro-mujeres-en-puestos-claves\/","title":{"rendered":"Designa presidenta del INE a cuatro mujeres en puestos claves"},"content":{"rendered":"\n<p class=\"wp-block-paragraph\">El tema de los nombramientos&nbsp; punto de quiebre entre los once consejeros del INE<\/p>\n\n\n\n<p class=\"wp-block-paragraph\">Son ellos&nbsp; \u00fanicos facultados para votar, pues el resto de integrantes del consejo tienen voz pero no voto<\/p>\n\n\n\n<p class=\"wp-block-paragraph\">Libertad L\u00f3pez<\/p>\n\n\n\n<p class=\"wp-block-paragraph\"><em>SemM\u00e9xico, Ciudad de M\u00e9xico, 24 de enero, 2024.- <\/em>La presidenta del Instituto Nacional Electoral (INE), Guadalupe Taddei, design\u00f3 a cuatro mujeres en puestos claves del organismo, incluida la Secretar\u00eda Ejecutiva, donde estar\u00e1 Claudia Su\u00e1rez Ojeda, hasta esta semana responsable de la direcci\u00f3n de Administraci\u00f3n.<\/p>\n\n\n\n<p class=\"wp-block-paragraph\">Los nombramientos son a nivel de encargada de despacho, pues para ser titulares requiere mayor\u00eda de votos en el consejo general.<\/p>\n\n\n\n<p class=\"wp-block-paragraph\">Su\u00e1rez es maestra en Derecho Constitucional y Amparo, licenciada en Administraci\u00f3n y especialista en compras gubernamentales, acorde con la curr\u00edcula divulgada por el INE en agosto pasado, cuando lleg\u00f3 a la direcci\u00f3n de Administraci\u00f3n, tras la renuncia de Ignacio Ruelas. \u201cSu experiencia profesional comprende casi 20 a\u00f1os en posiciones de alta responsabilidad directiva\u201d, dijo entonces.<\/p>\n\n\n\n<p class=\"wp-block-paragraph\">De 2010 a 2016 se desempe\u00f1\u00f3 como Subdirectora de Adquisiciones adscrita a la direcci\u00f3n de Administraci\u00f3n, en el periodo de tr\u00e1nsito del Instituto Federal Electoral (IFE) a INE. De noviembre de 2016 a noviembre de 2018 tambi\u00e9n fungi\u00f3 como Coordinadora de Planeaci\u00f3n T\u00e9cnica en la Unidad T\u00e9cnica de Servicios de Inform\u00e1tica.<\/p>\n\n\n\n<p class=\"wp-block-paragraph\">En tanto, Amaranta Arroyo Ortiz pasa a la vacante de la direcci\u00f3n de Administraci\u00f3n, mientras que para la de Partidos Pol\u00edticos y Prerrogativas la consejera presidenta opt\u00f3 por Guadalupe Yessica Alarc\u00f3n G\u00f3ngora.<\/p>\n\n\n\n<p class=\"wp-block-paragraph\">A su vez, Mar\u00eda del Carmen Ur\u00edas Palma estar\u00e1 en la Unidad de Transparencia y Protecci\u00f3n de Datos Personales.<\/p>\n\n\n\n<p class=\"wp-block-paragraph\">Estos nombramientos, a nivel de encargados de despacho, se suma a los recientes de F\u00e9lix Manuel de Brasdefer Coronel, en Servicios de Inform\u00e1tica y Roberto Carlos F\u00e9lix L\u00f3pez, en Servicio Profesional Electoral.<\/p>\n\n\n\n<p class=\"wp-block-paragraph\">Con ello, en la mayor\u00eda de las posiciones de la plana mayor del INE, integrantes de la Junta General Ejecutiva, hay responsables provisionales y no titulares, tema medular que desat\u00f3 una de las recientes discusiones en el consejo general, asunto que lleg\u00f3 -por la apelaci\u00f3n de partidos pol\u00edticos- a la Sala Superior del Tribunal Electoral del Poder Judicial de la Federaci\u00f3n, m\u00e1xima instancia que aval\u00f3 la facultad de Taddei para hacer estos nombramientos, seg\u00fan las reglas actuales.<\/p>\n\n\n\n<p class=\"wp-block-paragraph\">El tema de los nombramientos ha sido punto de quiebre entre los once consejeros del INE, \u00fanicos facultados para votar, pues el resto de integrantes del consejo tienen voz pero no voto.<\/p>\n\n\n\n<p class=\"wp-block-paragraph\">Taddei envi\u00f3 hoy los oficios de los nombramientos en los que se da cuenta que tras una consulta con la direcci\u00f3n jur\u00eddica del Instituto se confirma que \u00abcumple a cabalidad el total de los requisitos legales\u00bb, por lo que extiende la designaci\u00f3n provisional, en los cuatro puestos referidos.<\/p>\n","protected":false},"excerpt":{"rendered":"<p>\u00a0La presidenta del Instituto Nacional Electoral (INE), Guadalupe Taddei, design\u00f3 a cuatro mujeres en puestos claves del organismo, incluida la Secretar\u00eda Ejecutiva, donde estar\u00e1 Claudia Su\u00e1rez Ojeda, hasta esta semana responsable de la direcci\u00f3n de Administraci\u00f3n.<\/p>\n","protected":false},"author":3,"featured_media":76483,"comment_status":"open","ping_status":"open","sticky":false,"template":"","format":"standard","meta":{"_monsterinsights_skip_tracking":false,"footnotes":""},"categories":[141],"tags":[],"class_list":["post-76482","post","type-post","status-publish","format-standard","has-post-thumbnail","category-elecciones-2020-2021"],"_links":{"self":[{"href":"https:\/\/redsemlac.com\/semmexico\/wp-json\/wp\/v2\/posts\/76482","targetHints":{"allow":["GET"]}}],"collection":[{"href":"https:\/\/redsemlac.com\/semmexico\/wp-json\/wp\/v2\/posts"}],"about":[{"href":"https:\/\/redsemlac.com\/semmexico\/wp-json\/wp\/v2\/types\/post"}],"author":[{"embeddable":true,"href":"https:\/\/redsemlac.com\/semmexico\/wp-json\/wp\/v2\/users\/3"}],"replies":[{"embeddable":true,"href":"https:\/\/redsemlac.com\/semmexico\/wp-json\/wp\/v2\/comments?post=76482"}],"version-history":[{"count":0,"href":"https:\/\/redsemlac.com\/semmexico\/wp-json\/wp\/v2\/posts\/76482\/revisions"}],"wp:featuredmedia":[{"embeddable":true,"href":"https:\/\/redsemlac.com\/semmexico\/wp-json\/wp\/v2\/media\/76483"}],"wp:attachment":[{"href":"https:\/\/redsemlac.com\/semmexico\/wp-json\/wp\/v2\/media?parent=76482"}],"wp:term":[{"taxonomy":"category","embeddable":true,"href":"https:\/\/redsemlac.com\/semmexico\/wp-json\/wp\/v2\/categories?post=76482"},{"taxonomy":"post_tag","embeddable":true,"href":"https:\/\/redsemlac.com\/semmexico\/wp-json\/wp\/v2\/tags?post=76482"}],"curies":[{"name":"wp","href":"https:\/\/api.w.org\/{rel}","templated":true}]}}