{"id":76471,"date":"2024-01-24T16:32:41","date_gmt":"2024-01-24T22:32:41","guid":{"rendered":"https:\/\/redsemlac.com\/semmexico\/?p=76471"},"modified":"2024-01-24T16:32:41","modified_gmt":"2024-01-24T22:32:41","slug":"denuncia-diputada-cony-rueda-que-la-prodennao-violenta-derechos-humanos-de-una-menor-de-edad-y-su-progenitora-en-oaxaca","status":"publish","type":"post","link":"https:\/\/redsemlac.com\/semmexico\/denuncia-diputada-cony-rueda-que-la-prodennao-violenta-derechos-humanos-de-una-menor-de-edad-y-su-progenitora-en-oaxaca\/","title":{"rendered":"Denuncia diputada Cony Rueda que la PRODENNAO violenta derechos humanos de una menor de edad y su progenitora en Oaxaca"},"content":{"rendered":"\n<ul class=\"wp-block-list\">\n<li>\u2022 Desde agosto de 2023 existe incertidumbre sobre la guarda y custodia de la menor de edad, luego de que el supuesto progenitor reclamara 10 a\u00f1os despu\u00e9s el reconocimiento de paternidad.<\/li>\n<\/ul>\n\n\n\n<ul class=\"wp-block-list\">\n<li>\u2022 La menor de edad a e encuentra en una casa hogar, en donde se ha constatado que sufre de depresi\u00f3n y de al menos un intento de suicidio por la separaci\u00f3n de su madre.<\/li>\n<\/ul>\n\n\n\n<p class=\"wp-block-paragraph\"><br>Redacci\u00f3n<br>SemM\u00e9xico, San Raymundo Jalpan, Oaxaca, 24 de enero, 2024.- La diputada de morena Cony Rueda G\u00f3mez denunci\u00f3 que la Procuradur\u00eda Estatal de Protecci\u00f3n de Derechos de Ni\u00f1as, Ni\u00f1os y Adolescentes de Oaxaca (PRODENNAO), violenta los derechos de una menor de edad al no otorgar certeza de su guarda y custodia a su madre, y mantenerla por m\u00e1s de 5 meses en una casa hogar.<\/p>\n\n\n\n<p class=\"wp-block-paragraph\">La legisladora inform\u00f3 que desde agosto de 2023 el supuesto progenitor reclam\u00f3 el reconocimiento de la paternidad de la menor de diez a\u00f1os de edad, quien hasta ese momento hab\u00eda sido criada por la madre sin ning\u00fan tipo de apoyo para su manutenci\u00f3n por parte del padre.<\/p>\n\n\n\n<p class=\"wp-block-paragraph\">Dijo que se ha iniciado un proceso legal en el que el la PRODENNAO ha actuado a favor del supuesto progenitor, quien a\u00fan no cuenta con la paternidad reconocida.<\/p>\n\n\n\n<p class=\"wp-block-paragraph\">\u201cLa madre de la menor no es de nacionalidad mexicana, tal vez por ello ha sido f\u00e1cil para el agresor e incluso para la PRODENNAO, violentarla, juzgarle su maternidad y pasar una y otra vez por encima de ella. Audiencia, tras audiencia, en estos \u00faltimos meses\u201d, se\u00f1al\u00f3.<\/p>\n\n\n\n<p class=\"wp-block-paragraph\">Cony Rueda exigi\u00f3 en tribuna del Congreso de Oaxaca a la PRODENNAO actuar con responsabilidad, cumplir con su trabajo hacer valer el derecho superior de la ni\u00f1ez, \u201cYa basta de incompetencias, insensibilidad y de utilizar a las instituciones para beneficio personal\u201d, se\u00f1al\u00f3.<\/p>\n","protected":false},"excerpt":{"rendered":"<p>Desde agosto de 2023 existe incertidumbre sobre la guarda y custodia de la menor de edad, luego de que el supuesto progenitor reclamara 10 a\u00f1os despu\u00e9s el reconocimiento de paternidad.<\/p>\n","protected":false},"author":3,"featured_media":76472,"comment_status":"open","ping_status":"open","sticky":false,"template":"","format":"standard","meta":{"_monsterinsights_skip_tracking":false,"footnotes":""},"categories":[48],"tags":[146,142],"class_list":["post-76471","post","type-post","status-publish","format-standard","has-post-thumbnail","category-no-mas-impunidad-no-mas-impunidad","tag-oaxaca","tag-violencia"],"_links":{"self":[{"href":"https:\/\/redsemlac.com\/semmexico\/wp-json\/wp\/v2\/posts\/76471","targetHints":{"allow":["GET"]}}],"collection":[{"href":"https:\/\/redsemlac.com\/semmexico\/wp-json\/wp\/v2\/posts"}],"about":[{"href":"https:\/\/redsemlac.com\/semmexico\/wp-json\/wp\/v2\/types\/post"}],"author":[{"embeddable":true,"href":"https:\/\/redsemlac.com\/semmexico\/wp-json\/wp\/v2\/users\/3"}],"replies":[{"embeddable":true,"href":"https:\/\/redsemlac.com\/semmexico\/wp-json\/wp\/v2\/comments?post=76471"}],"version-history":[{"count":0,"href":"https:\/\/redsemlac.com\/semmexico\/wp-json\/wp\/v2\/posts\/76471\/revisions"}],"wp:featuredmedia":[{"embeddable":true,"href":"https:\/\/redsemlac.com\/semmexico\/wp-json\/wp\/v2\/media\/76472"}],"wp:attachment":[{"href":"https:\/\/redsemlac.com\/semmexico\/wp-json\/wp\/v2\/media?parent=76471"}],"wp:term":[{"taxonomy":"category","embeddable":true,"href":"https:\/\/redsemlac.com\/semmexico\/wp-json\/wp\/v2\/categories?post=76471"},{"taxonomy":"post_tag","embeddable":true,"href":"https:\/\/redsemlac.com\/semmexico\/wp-json\/wp\/v2\/tags?post=76471"}],"curies":[{"name":"wp","href":"https:\/\/api.w.org\/{rel}","templated":true}]}}