{"id":76460,"date":"2024-01-24T16:13:18","date_gmt":"2024-01-24T22:13:18","guid":{"rendered":"https:\/\/redsemlac.com\/semmexico\/?p=76460"},"modified":"2024-01-24T16:13:18","modified_gmt":"2024-01-24T22:13:18","slug":"sara-lovera-recibira-reconocimiento-de-mente-mujer-dalia-empower","status":"publish","type":"post","link":"https:\/\/redsemlac.com\/semmexico\/sara-lovera-recibira-reconocimiento-de-mente-mujer-dalia-empower\/","title":{"rendered":"Sara Lovera recibir\u00e1 reconocimiento de Mente Mujer Dalia Empower"},"content":{"rendered":"\n<ul class=\"wp-block-list\">\n<li>Ser\u00e1 en la categor\u00eda de Impulsores de Equidad, por su destacada carrera en periodismo y promoci\u00f3n de la igualdad de g\u00e9nero<\/li>\n\n\n\n<li>Este evento reunir\u00e1 a l\u00edderes destacados, defensores y visionarios comprometidos con crear una sociedad m\u00e1s equitativa.<\/li>\n<\/ul>\n\n\n\n<p class=\"wp-block-paragraph\">Johnny Oliver Quintal*<br>SemM\u00e9xico, Ciudad de M\u00e9xico, 24 de enero, 2024.- La periodista feminista Sara Lovera L\u00f3pez recibir\u00e1 el pr\u00f3ximo 8 de febrero el reconocimiento \u201cMente Mujer Dalia Empower\u201d, en la categor\u00eda de Impulsores de Equidad por su destacada carrera en periodismo y promoci\u00f3n de la igualdad de g\u00e9nero.<\/p>\n\n\n\n<p class=\"wp-block-paragraph\"><br>&#8211;\u201cTu trabajo, dedicaci\u00f3n y entrega para cerrar la brecha de g\u00e9nero en el pa\u00eds, ha sido notable, por lo que para Heraldo Media Group y Dalia Empower eres un agente de cambio en nuestra sociedad\u201d, se\u00f1ala la notificaci\u00f3n a la directora de la Agencia Servicio de Noticias de la Mujer de Latinoam\u00e9rica y el Caribe (SEMlac M\u00e9xico) y Premio Nacional de Periodismo 2015 .<\/p>\n\n\n\n<p class=\"wp-block-paragraph\"><br>Como presidenta de la Casa de los Derechos de Periodistas (2018) y con amplia experiencia en medios y organizaciones feministas, has contribuido significativamente a la visibilizaci\u00f3n de los derechos de las mujeres, a\u00f1ade el documento.<\/p>\n\n\n\n<p class=\"wp-block-paragraph\"><br>Este evento reunir\u00e1 a l\u00edderes destacados, defensores y visionarios comprometidos con crear una sociedad m\u00e1s equitativa. \u201cCreemos firmemente que tu presencia en este evento es esencial para compartir experiencias inspiradoras y motivar a otros a seguir tus pasos\u201d, se\u00f1ala el documento firmado por Gina Diez Barroso, fundadora de Dalia Empower; y, Mar\u00eda Cristina Mieres Zimmermann, VP Desarrollo Cultural y Social de Heraldo Media Group.<\/p>\n\n\n\n<p class=\"wp-block-paragraph\"><br><strong>En Contexto<\/strong><br>Sara Lovera L\u00f3pez es columnista en Organizaci\u00f3n Editorial Mexicana (OEM). Integrante del Consejo Editorial de G\u00e9nero en Organizaci\u00f3n Editorial Mexicana (OEM).<br>Trabaj\u00f3. como comentarista en el Imer 10 a\u00f1os. Sali\u00f3 al llegar la 4t.<\/p>\n\n\n\n<p class=\"wp-block-paragraph\"><br>Fue asesora de la Secretaria de Gobierno del estado de Guerrero, 2018-2021<\/p>\n\n\n\n<p class=\"wp-block-paragraph\"><br>Fue conductora y escritora en Televisi\u00f3n Educativa y Capital 21<\/p>\n\n\n\n<p class=\"wp-block-paragraph\"><br>Directora en SemM\u00e9xico<\/p>\n\n\n\n<p class=\"wp-block-paragraph\"><br>Coordinadora Regional y Representante Legal en SEMlac, Servicio de Noticias de la Mujer de Latinoam\u00e9rica y del Caribe; responsable del podcast La Lovera, de la OEM.<\/p>\n\n\n\n<p class=\"wp-block-paragraph\"><br>Coordin\u00f3 la investigaci\u00f3n sobre feminicidio en la C\u00e1mara de Diputados M\u00e9xico, 2005-2006, que dio lugar a la Ley de Acceso de las Mujeres a una Vida sin Violencia (2007)<\/p>\n\n\n\n<p class=\"wp-block-paragraph\"><br>Trabaj\u00f3 como Jefa de Prensa y Comunicaci\u00f3n en C\u00e1mara de Diputados &#8211; H. Congreso de la Uni\u00f3n<br>Trabaj\u00f3 como Reportera en Peri\u00f3dico La Jornada, donde dirigi\u00f3 el suplemento feminista Doble Jornada, por 11 a\u00f1os.<\/p>\n\n\n\n<p class=\"wp-block-paragraph\"><br>Estudi\u00f3 en El Colegio Nacional<\/p>\n\n\n\n<p class=\"wp-block-paragraph\"><br>Estudi\u00f3 Educaci\u00f3n para Adultos en CREFAL y Trabajo Social en la T\u00e9cnica No. 7, de la SEP<\/p>\n\n\n\n<p class=\"wp-block-paragraph\"><br>Estudi\u00f3 comunicaci\u00f3n agr\u00edcola en Universidad Aut\u00f3noma Chapingo.<\/p>\n\n\n\n<p class=\"wp-block-paragraph\"><br>Estudi\u00f3 Periodismo . en Escuela de Periodismo Carlos Septi\u00e9n Garc\u00eda<\/p>\n\n\n\n<p class=\"wp-block-paragraph\"><br>Periodista mexicano. Publicado en su sitio personal<\/p>\n","protected":false},"excerpt":{"rendered":"<p>Este evento reunir\u00e1 a l\u00edderes destacados, defensores y visionarios comprometidos con crear una sociedad m\u00e1s equitativa.<\/p>\n","protected":false},"author":3,"featured_media":76461,"comment_status":"open","ping_status":"open","sticky":false,"template":"","format":"standard","meta":{"_monsterinsights_skip_tracking":false,"footnotes":""},"categories":[682],"tags":[],"class_list":["post-76460","post","type-post","status-publish","format-standard","has-post-thumbnail","category-noticias"],"_links":{"self":[{"href":"https:\/\/redsemlac.com\/semmexico\/wp-json\/wp\/v2\/posts\/76460","targetHints":{"allow":["GET"]}}],"collection":[{"href":"https:\/\/redsemlac.com\/semmexico\/wp-json\/wp\/v2\/posts"}],"about":[{"href":"https:\/\/redsemlac.com\/semmexico\/wp-json\/wp\/v2\/types\/post"}],"author":[{"embeddable":true,"href":"https:\/\/redsemlac.com\/semmexico\/wp-json\/wp\/v2\/users\/3"}],"replies":[{"embeddable":true,"href":"https:\/\/redsemlac.com\/semmexico\/wp-json\/wp\/v2\/comments?post=76460"}],"version-history":[{"count":0,"href":"https:\/\/redsemlac.com\/semmexico\/wp-json\/wp\/v2\/posts\/76460\/revisions"}],"wp:featuredmedia":[{"embeddable":true,"href":"https:\/\/redsemlac.com\/semmexico\/wp-json\/wp\/v2\/media\/76461"}],"wp:attachment":[{"href":"https:\/\/redsemlac.com\/semmexico\/wp-json\/wp\/v2\/media?parent=76460"}],"wp:term":[{"taxonomy":"category","embeddable":true,"href":"https:\/\/redsemlac.com\/semmexico\/wp-json\/wp\/v2\/categories?post=76460"},{"taxonomy":"post_tag","embeddable":true,"href":"https:\/\/redsemlac.com\/semmexico\/wp-json\/wp\/v2\/tags?post=76460"}],"curies":[{"name":"wp","href":"https:\/\/api.w.org\/{rel}","templated":true}]}}