{"id":76387,"date":"2024-01-22T15:41:51","date_gmt":"2024-01-22T21:41:51","guid":{"rendered":"https:\/\/redsemlac.com\/semmexico\/?p=76387"},"modified":"2024-01-22T15:41:52","modified_gmt":"2024-01-22T21:41:52","slug":"opinion-los-organismos-autonomos-no-son-una-ocurrencia","status":"publish","type":"post","link":"https:\/\/redsemlac.com\/semmexico\/opinion-los-organismos-autonomos-no-son-una-ocurrencia\/","title":{"rendered":"Opini\u00f3n| Los Organismos Aut\u00f3nomos no son una ocurrencia"},"content":{"rendered":"\n<p class=\"wp-block-paragraph\">Ang\u00e9lica de la Pe\u00f1a<\/p>\n\n\n\n<p class=\"wp-block-paragraph\">SemM\u00e9xico, Ciudad de M\u00e9xico, 22 de enero, 2024.- L\u00f3pez Obrador dice que los Organismos Constitucionales Aut\u00f3nomos OCA son facciosos y se crearon por los gobiernos neoliberales para afectar el inter\u00e9s p\u00fablico; nada m\u00e1s falso. Dice son onerosos, lo que evidencia su pretensi\u00f3n de quedarse con sus recursos y usarlos en la elecci\u00f3n de junio.<\/p>\n\n\n\n<p class=\"wp-block-paragraph\"><br>Cada OCA se ha constituido para cumplir un objetivo concreto; todos funcionan con recursos del Estado, y son aut\u00f3nomos respecto de los tres poderes. Su existencia es la expresi\u00f3n de un r\u00e9gimen democr\u00e1tico, de pesos y contrapesos, y se sustentan en un inter\u00e9s p\u00fablico. M\u00e9xico, ha avanzado en la democracia gracias a varios de los organismos aut\u00f3nomos inscritos en la Constituci\u00f3n Pol\u00edtica.<\/p>\n\n\n\n<p class=\"wp-block-paragraph\"><br>Le molestan al presidente, porque \u00e9l quiere todo el poder hoy acotado precisamente en materias d\u00f3nde \u00e9l no puede decidir a su arbitrio. Por ejemplo, la pretensi\u00f3n de desaparecer al Instituto Nacional Electoral INE, antes IFE, tiene que ver por su talante autoritario, regresar al siglo pasado donde el gobierno organizaba y simulaba resultados electorales para hacer \u201cganar\u201d a sus adeptos. Se imagina usted, retroceder a \u00e9pocas donde el Presidente, una sola persona, decid\u00eda gobernadores, diputados y senadores y ministros de la Corte totalmente; la oposici\u00f3n nunca pudo enfrentar y ganar las elecciones montadas desde el gobierno, donde se impon\u00eda candidatos en todo el pa\u00eds desde un partido dominante. Esto deriv\u00f3 en guerras regionales, represi\u00f3n contra m\u00e9dicos, ferrocarrileros, estudiantes, campesinos, guerrillas en distintos territorios, asesinatos de pol\u00edticos, desapariciones forzadas y una inestabilidad pol\u00edtica y social por la falta de elecciones libres. Urg\u00eda la paz, por eso el gobierno negoci\u00f3 con las oposiciones la transici\u00f3n democr\u00e1tica quit\u00e1ndole en primer lugar, al gobierno el control del voto.<\/p>\n\n\n\n<p class=\"wp-block-paragraph\"><br>As\u00ed naci\u00f3 el IFE\/INE, como Organismo Constitucional Aut\u00f3nomo.<br>El Presidente quiere desaparecer al INE para abolir las libertades democr\u00e1ticas, regresar al partido \u00fanico. Act\u00faa a semejanza de Antonio L\u00f3pez de Santa Anna y Porfirio D\u00edaz, aunque en su perorata demag\u00f3gica invoque a los h\u00e9roes que nos dieron patria.<\/p>\n\n\n\n<p class=\"wp-block-paragraph\"><br>Igual quiere desaparecer el Instituto Nacional de Transparencia, Acceso a la Informaci\u00f3n y Protecci\u00f3n de Datos Personales INAI, lo que nos dejar\u00eda sin la informaci\u00f3n a la que tenemos derecho sobre en qu\u00e9 y c\u00f3mo se gastan los recursos p\u00fablicos que reciben los gobiernos, instituciones, partidos pol\u00edticos o cualquier \u00e1mbito cuyo funcionamiento se sostenga con dineros p\u00fablicos. El INAI tambi\u00e9n protege los datos personales de todas las personas. Su desaparici\u00f3n derivar\u00eda en la total discrecionalidad y ocultamiento de los gastos del gobierno y se pondr\u00eda en una situaci\u00f3n de vulnerabilidad los datos de las personas.<\/p>\n\n\n\n<p class=\"wp-block-paragraph\"><br>Junto con el INE y el INAI Igualmente son piedras en sus zapatos del Presidente la Comisi\u00f3n Federal de Competencia Econ\u00f3mica, la Comisi\u00f3n Reguladora de Energ\u00eda y el Instituto Federal de Telecomunicaciones, en riesgo de desaparecer. Por supuesto quiere los recursos que el Estado dedica a estos organismos aut\u00f3nomos para usarlos en lo que le venga en gana.<\/p>\n\n\n\n<p class=\"wp-block-paragraph\"><br>L\u00f3pez Obrador no s\u00f3lo ha decidido el recorte de los presupuestos de los OCA, les ha impuesto funcionarios donde ha podido, y ha detenido en el Congreso el nombramiento de los integrantes de sus Consejos para paralizar su funcionamiento. Nadie tenga dudas del peligro inminente, lo tiene trazado.<\/p>\n","protected":false},"excerpt":{"rendered":"<p>L\u00f3pez Obrador dice que los Organismos Constitucionales Aut\u00f3nomos OCA son facciosos y se crearon por los gobiernos neoliberales para afectar el inter\u00e9s p\u00fablico; nada m\u00e1s falso. <\/p>\n","protected":false},"author":3,"featured_media":54829,"comment_status":"open","ping_status":"open","sticky":false,"template":"","format":"standard","meta":{"_monsterinsights_skip_tracking":false,"footnotes":""},"categories":[725,35],"tags":[],"class_list":["post-76387","post","type-post","status-publish","format-standard","has-post-thumbnail","category-angelica-de-la-pena","category-opinion"],"_links":{"self":[{"href":"https:\/\/redsemlac.com\/semmexico\/wp-json\/wp\/v2\/posts\/76387","targetHints":{"allow":["GET"]}}],"collection":[{"href":"https:\/\/redsemlac.com\/semmexico\/wp-json\/wp\/v2\/posts"}],"about":[{"href":"https:\/\/redsemlac.com\/semmexico\/wp-json\/wp\/v2\/types\/post"}],"author":[{"embeddable":true,"href":"https:\/\/redsemlac.com\/semmexico\/wp-json\/wp\/v2\/users\/3"}],"replies":[{"embeddable":true,"href":"https:\/\/redsemlac.com\/semmexico\/wp-json\/wp\/v2\/comments?post=76387"}],"version-history":[{"count":0,"href":"https:\/\/redsemlac.com\/semmexico\/wp-json\/wp\/v2\/posts\/76387\/revisions"}],"wp:featuredmedia":[{"embeddable":true,"href":"https:\/\/redsemlac.com\/semmexico\/wp-json\/wp\/v2\/media\/54829"}],"wp:attachment":[{"href":"https:\/\/redsemlac.com\/semmexico\/wp-json\/wp\/v2\/media?parent=76387"}],"wp:term":[{"taxonomy":"category","embeddable":true,"href":"https:\/\/redsemlac.com\/semmexico\/wp-json\/wp\/v2\/categories?post=76387"},{"taxonomy":"post_tag","embeddable":true,"href":"https:\/\/redsemlac.com\/semmexico\/wp-json\/wp\/v2\/tags?post=76387"}],"curies":[{"name":"wp","href":"https:\/\/api.w.org\/{rel}","templated":true}]}}