{"id":76383,"date":"2024-01-22T15:38:14","date_gmt":"2024-01-22T21:38:14","guid":{"rendered":"https:\/\/redsemlac.com\/semmexico\/?p=76383"},"modified":"2024-01-22T15:38:14","modified_gmt":"2024-01-22T21:38:14","slug":"aprueba-ine-formatos-de-debates-presidenciales-y-eleccion-paritaria-de-organismos-electorales-estatales","status":"publish","type":"post","link":"https:\/\/redsemlac.com\/semmexico\/aprueba-ine-formatos-de-debates-presidenciales-y-eleccion-paritaria-de-organismos-electorales-estatales\/","title":{"rendered":"Aprueba INE formatos de debates presidenciales y elecci\u00f3n paritaria de organismos electorales estatales"},"content":{"rendered":"\n<ul class=\"wp-block-list\">\n<li>En Chiapas ser\u00e1 exclusiva para mujeres<\/li>\n<\/ul>\n\n\n\n<ul class=\"wp-block-list\">\n<li>Guadalupe Taddei descarta desaparici\u00f3n del INE<\/li>\n<\/ul>\n\n\n\n<p class=\"wp-block-paragraph\">Elda Montiel<\/p>\n\n\n\n<p class=\"wp-block-paragraph\">SemM\u00e9xico, Ciudad de M\u00e9xico, 22 de enero, 2024.- En sesi\u00f3n extraordinaria del Instituto Nacional Electoral, la Consejera Presidenta de la Comisi\u00f3n de Vinculaci\u00f3n con Organismos P\u00fablicos Locales (OPL), Dania Ravel Cuevas, destac\u00f3 que se busca la integraci\u00f3n paritaria por lo que todas las convocatorias ser\u00e1n mixtas, excepto el caso espec\u00edfico de Chiapas que ser\u00e1 exclusiva para mujeres.<\/p>\n\n\n\n<p class=\"wp-block-paragraph\">Precis\u00f3 que se trat\u00f3 de hacer las convocatorias m\u00e1s atractivas para la ciudadan\u00eda, lo que permiti\u00f3 un incremento del 15.4 por ciento de los registros.<\/p>\n\n\n\n<p class=\"wp-block-paragraph\">En dicha sesi\u00f3n se aval\u00f3 que se incluya en los formatos si la o el aspirante habla alguna lengua y si pertenece a alg\u00fan grupo en situaci\u00f3n de vulnerabilidad, a propuesta de la consejera Rita L\u00f3pez Vences, quien destac\u00f3 que los OPL son pilares fundamentales de la democracia y se requiere de ciudadanas y ciudadanos dispuestos a trabajar a favor del sistema democr\u00e1tico.<br>De esta manera el INE aprob\u00f3 la convocatoria para designar a 56 consejeras y consejeros electorales de 21 OPL. S\u00f3lo en Chiapas la selecci\u00f3n es para Consejera Presidenta, en el resto son para consejeras o consejeros, en Baja California Sur, Campeche, Ciudad de M\u00e9xico, Colima, Estado de M\u00e9xico, Guanajuato, Guerrero, Jalisco, Michoac\u00e1n, Morelos, Nuevo Le\u00f3n, Oaxaca, Quer\u00e9taro, San Luis Potos\u00ed, Sonora, Tabasco, Tlaxcala, Veracruz, Yucat\u00e1n y Zacatecas.<\/p>\n\n\n\n<p class=\"wp-block-paragraph\">Dania Ravel Cuevas detallo que la selecci\u00f3n ha mejorado en el examen de conocimientos y los formatos 3 de 3 contra la violencia, de acuerdo a lo que establece la Constituci\u00f3n.<br>Se podr\u00e1 ingresar al Sistema de Registro de Aspirantes a partir del 18 de enero y hasta el 23 de febrero para realizar la carga de los formatos y de la documentaci\u00f3n requerida.<\/p>\n\n\n\n<p class=\"wp-block-paragraph\">En tanto, para el Organismo P\u00fablico Local Electoral de Zacatecas, la designaci\u00f3n tendr\u00e1 como fecha de inicio del encargo el 5 de enero de 2025, mientras que, en el OPL de Veracruz, ser\u00e1 el 20 de febrero de 2025.<\/p>\n\n\n\n<h2 class=\"wp-block-heading\">Guadalupe Taddei Zavala descarta desaparici\u00f3n del INE<\/h2>\n\n\n\n<p class=\"wp-block-paragraph\">M\u00e9xico no puede retroceder en materia electoral, ni en la certeza que dan las elecciones organizadas por un organismo aut\u00f3nomo como el Instituto Nacional Electoral, afirm\u00f3 categ\u00f3rica la consejera presidenta Guadalupe Taddei Zavala al descartar la desaparici\u00f3n de este organismo.<\/p>\n\n\n\n<p class=\"wp-block-paragraph\">Cuestionada por los medios de comunicaci\u00f3n respecto a la iniciativa presidencial para desaparecer organismos aut\u00f3nomos, anunciada por el mismo Ejecutivo.<\/p>\n\n\n\n<p class=\"wp-block-paragraph\">Guadalupe Taddei Zavala, dej\u00f3 en claro que M\u00e9xico siempre va a necesitar contar con un INE, desde que se cre\u00f3 el otrora Instituto Federal Electoral (IFE) en 1990, \u201cy ya no se puede retroceder en esa materia\u201d.<\/p>\n\n\n\n<p class=\"wp-block-paragraph\">El que una instituci\u00f3n aut\u00f3noma en el pa\u00eds organice las elecciones, es algo que ya es consustancial al Gobierno mexicano y \u201cno podemos dar marcha atr\u00e1s, por lo tanto, no esperar\u00eda ninguna desaparici\u00f3n del INE\u201d, expres\u00f3.<\/p>\n\n\n\n<p class=\"wp-block-paragraph\">Por otra parte, Taddei Zavala descart\u00f3 sanciones a las y los candidatos presidenciales que no se presenten a alguno de los debates que se llevar\u00e1n a cabo dentro del proceso electoral 2023-2024, pues no est\u00e1 establecido en la Ley General de Instituciones y Procedimientos Electorales.<\/p>\n\n\n\n<p class=\"wp-block-paragraph\">\u201cSe podr\u00eda iniciar alg\u00fan procedimiento de revisi\u00f3n de actuaci\u00f3n, una responsabilidad de actuaci\u00f3n, pero no est\u00e1 establecida ninguna sanci\u00f3n en la ley por no asistir a un debate\u201d, puntualiz\u00f3.<\/p>\n\n\n\n<p class=\"wp-block-paragraph\">Explico que se est\u00e1 pidiendo a las y los candidatos y a los partidos pol\u00edticos que cumplan con este ejercicio para garantizar la informaci\u00f3n a la ciudadan\u00eda.<\/p>\n\n\n\n<p class=\"wp-block-paragraph\">Resalt\u00f3 el compromiso que se plante\u00f3 en la Sesi\u00f3n del Consejo General por parte de todas las fuerzas pol\u00edticas representadas, de que s\u00ed acudir\u00e1n.<\/p>\n\n\n\n<p class=\"wp-block-paragraph\">La Consejera Presidenta del INE coment\u00f3 que a\u00fan falta establecer la metodolog\u00eda para la realizaci\u00f3n de los debates, que incluye el perfil de las o los moderadores. \u201cPrimero pensar\u00edamos en la paridad y, como siempre lo ha hecho el Instituto, buscar\u00e1 los mejores exponentes de los medios\u201d para realizar esta tarea.<\/p>\n\n\n\n<h2 class=\"wp-block-heading\">Fechas y sedes de los tres debates presidenciales propuestos por el INE<\/h2>\n\n\n\n<p class=\"wp-block-paragraph\">El Instituto Nacional Electora aprob\u00f3 a los formatos y sedes de los debates presidenciales del Proceso Electoral 2024 a trav\u00e9s de la Comisi\u00f3n Temporal de Debates.<br>Se dieron a conocer las fechas y sedes, as\u00ed como la modalidad en la que se llevaran a cabo los debates entre las candidaturas a la Presidencia de la Rep\u00fablica. Ser\u00e1n tres debates y en uno de ellos, los tres precandidatos presidenciales tendr\u00e1n que dialogar cara a cara, que ser\u00e1 en la sede de Tlatelolco.<\/p>\n\n\n\n<p class=\"wp-block-paragraph\"><br>Cabe recordar que se registraron como candidatos presidenciales Claudia Sheinbaum Pardo por Morena, PT y Partido Verde; X\u00f3chitl G\u00e1lvez Ru\u00edz por el Frente Amplio por M\u00e9xico, PRI-PAN-PRD y Jorge \u00c1lvarez M\u00e1ynez por Movimiento Ciudadano.<\/p>\n\n\n\n<p class=\"wp-block-paragraph\"><br>La Comisi\u00f3n Temporal de Debates estableci\u00f3 tres sedes, fechas y modalidades para los diferentes candidatos.<br>En el primer debate los candidatos responder\u00e1n preguntas de redes sociales hechas por la ciudadan\u00eda. S\u00e9 llevar\u00e1 a cabo en las oficinas centrales del INE el 7 de abril de 2024.<\/p>\n\n\n\n<p class=\"wp-block-paragraph\"><br>Para el segundo debate los candidatos tendr\u00e1n que responder preguntas realizadas directamente por la ciudadan\u00eda. La sede del segundo debate ser\u00e1 en los Estudios Churubusco el 28 de abril de 2024.<br>El \u00faltimo debate tendr\u00e1 sede en el Centro Cultural Universitario Tlatelolco, en este no habr\u00e1 participaci\u00f3n ciudadana. Las y los candidatos debatir\u00e1n \u201ccara a cara\u201d el 19 de mayo<br>Es importe mencionar que, el tercer debate pretende privilegiar la interacci\u00f3n entre las candidaturas, as\u00ed como mostrar la capacidad de respuesta y templanza de los debatientes.<\/p>\n\n\n\n<p class=\"wp-block-paragraph\">Tanto en el segundo y tercer debate ser\u00e1n obligatorios de transmitir para los concesionarios, de acuerdo con lo establecido en el Reglamento de Radio y Televisi\u00f3n.<\/p>\n","protected":false},"excerpt":{"rendered":"<p>Guadalupe Taddei descarta desaparici\u00f3n del INE<\/p>\n","protected":false},"author":3,"featured_media":76384,"comment_status":"open","ping_status":"open","sticky":false,"template":"","format":"standard","meta":{"_monsterinsights_skip_tracking":false,"footnotes":""},"categories":[141],"tags":[],"class_list":["post-76383","post","type-post","status-publish","format-standard","has-post-thumbnail","category-elecciones-2020-2021"],"_links":{"self":[{"href":"https:\/\/redsemlac.com\/semmexico\/wp-json\/wp\/v2\/posts\/76383","targetHints":{"allow":["GET"]}}],"collection":[{"href":"https:\/\/redsemlac.com\/semmexico\/wp-json\/wp\/v2\/posts"}],"about":[{"href":"https:\/\/redsemlac.com\/semmexico\/wp-json\/wp\/v2\/types\/post"}],"author":[{"embeddable":true,"href":"https:\/\/redsemlac.com\/semmexico\/wp-json\/wp\/v2\/users\/3"}],"replies":[{"embeddable":true,"href":"https:\/\/redsemlac.com\/semmexico\/wp-json\/wp\/v2\/comments?post=76383"}],"version-history":[{"count":0,"href":"https:\/\/redsemlac.com\/semmexico\/wp-json\/wp\/v2\/posts\/76383\/revisions"}],"wp:featuredmedia":[{"embeddable":true,"href":"https:\/\/redsemlac.com\/semmexico\/wp-json\/wp\/v2\/media\/76384"}],"wp:attachment":[{"href":"https:\/\/redsemlac.com\/semmexico\/wp-json\/wp\/v2\/media?parent=76383"}],"wp:term":[{"taxonomy":"category","embeddable":true,"href":"https:\/\/redsemlac.com\/semmexico\/wp-json\/wp\/v2\/categories?post=76383"},{"taxonomy":"post_tag","embeddable":true,"href":"https:\/\/redsemlac.com\/semmexico\/wp-json\/wp\/v2\/tags?post=76383"}],"curies":[{"name":"wp","href":"https:\/\/api.w.org\/{rel}","templated":true}]}}