{"id":76365,"date":"2024-01-22T12:53:10","date_gmt":"2024-01-22T18:53:10","guid":{"rendered":"https:\/\/redsemlac.com\/semmexico\/?p=76365"},"modified":"2024-01-22T12:53:15","modified_gmt":"2024-01-22T18:53:15","slug":"violeta-del-anahuac-silencian-voces-de-mujeres","status":"publish","type":"post","link":"https:\/\/redsemlac.com\/semmexico\/violeta-del-anahuac-silencian-voces-de-mujeres\/","title":{"rendered":"Violeta del An\u00e1huac| \u201c\u00bfSilencian voces de mujeres?\u201d"},"content":{"rendered":"\n<p class=\"wp-block-paragraph\"><strong>Isabel Ortega Morales<\/strong><\/p>\n\n\n\n<p class=\"wp-block-paragraph\">SemM\u00e9xico, Tlapa, Guerrero, 22 de enero, 2024.- \u201cPor su experiencia, talento y visi\u00f3n period\u00edstica, Denise (Maerker) es la persona id\u00f3nea para llevar a cabo el dise\u00f1o de la agencia period\u00edstica de este noticiero\u201d, as\u00ed se\u00f1al\u00f3 un comunicado de Televisa para dar a conocer que la conductora del noticiero En Punto, el estelar de la empresa, sal\u00eda el 15 de noviembre de 2022, para ir tras bambalinas, a hacer producci\u00f3n de programas de an\u00e1lisis.<\/p>\n\n\n\n<p class=\"wp-block-paragraph\">\u201cLa periodista nos comunic\u00f3 que en los pr\u00f3ximos d\u00edas asumir\u00e1 la conducci\u00f3n de un programa matutino en el cuadrante radiof\u00f3nico de alcance nacional. Le deseamos \u00e9xito\u201d, indica el comunicado interno de Milenio de 19 de enero de 2024 para dar a conocer la salida de Azucena Uresti del noticiero \u201cAzucena a las 10\u201d, el de mayor proyecci\u00f3n de esa empresa.<\/p>\n\n\n\n<p class=\"wp-block-paragraph\">En M\u00e9xico, durante muchos a\u00f1os, el liderazgo informativo estuvo en manos de varones. En ellos reca\u00eda tambi\u00e9n el liderazgo de opini\u00f3n. Los noticieros estelares de los canales de Televisi\u00f3n que entraban a todos los hogares ten\u00edan el comentario de los hechos seg\u00fan la percepci\u00f3n masculina. No fue f\u00e1cil romper esa estructura a pesar de que algunas mujeres entraban en el final del Siglo XX a los hogares pero en horarios con menos penetraci\u00f3n poblacional y en otros, en los de an\u00e1lisis, en horarios nocturnos, con mayor auditorio masculino, importantes, pero sin tanta audiencia.<\/p>\n\n\n\n<p class=\"wp-block-paragraph\">Cuando las pantallas de la televisi\u00f3n mexicana mostraron los rostros de las mujeres en noticieros de gran audiencia, de las primeras impresiones que generaron no estuvo del lado del trabajo period\u00edstico, sino de su vestuario, peinado y maquillaje; ellas tambi\u00e9n tuvieron que romper otra estructura mental para colocarse m\u00e1s all\u00e1 del contexto de su presencia f\u00edsica y colocar la informaci\u00f3n, la opini\u00f3n, desde una posici\u00f3n y una visi\u00f3n distinta, donde siempre estar\u00e1 por supuesto la pol\u00edtica editorial de las empresas, pero con un planteamiento de la realidad con otro liderazgo.<\/p>\n\n\n\n<p class=\"wp-block-paragraph\">Pero el gobierno federal que se cobij\u00f3 en su etapa de campa\u00f1a para su crecimiento en la opini\u00f3n ciudadana de periodistas como Ricardo Rocha, V\u00edctor Trujillo, Ciro G\u00f3mez Leyva, Carmen Aristegui, entre otros, siendo gobierno no toler\u00f3 la cr\u00edtica, fue claro desde el principio en usar la tribuna desde donde se presenta todos los d\u00edas para justificar el trabajo de Ejecutivo, que disent\u00eda de la opini\u00f3n de periodistas,&nbsp; y se dedic\u00f3, como lo ha hecho sistem\u00e1ticamente con Carlos Loret, a descalificarlos, menospreciarlos, difamarlos y dem\u00e1s, para quitarles liderazgo de opini\u00f3n. Incluso con el cierre de Notimex.<\/p>\n\n\n\n<p class=\"wp-block-paragraph\">Las mujeres en esos liderazgos en este gobierno federal fueron silenciadas y les cercenaron los espacios de opini\u00f3n con mayor audiencia.<\/p>\n\n\n\n<p class=\"wp-block-paragraph\">Denise moder\u00f3, con poco \u00e9xito, algunos programas deportivos. Azucena ir\u00e1 a ese otro gran auditorio que representa la radio para hacer trabajo period\u00edstico, los dem\u00e1s est\u00e1n desde las redes generando informaci\u00f3n nada c\u00f3moda para el gobierno en funciones.<\/p>\n\n\n\n<p class=\"wp-block-paragraph\">Sabemos que el periodismo serio no gusta. Que el periodismo serio incomoda. Que el periodismo serio ayuda a generar pol\u00edticas de gobierno en gobiernos de apertura, pero en gobiernos aut\u00f3cratas es un peligro pensar. El reto es sostener la prensa, y podr\u00e1 hacerse si la sociedad cobija todos esos esfuerzos.<\/p>\n","protected":false},"excerpt":{"rendered":"<p>Las mujeres en esos liderazgos en este gobierno federal fueron silenciadas y les cercenaron los espacios de opini\u00f3n con mayor audiencia.<\/p>\n","protected":false},"author":3,"featured_media":38368,"comment_status":"open","ping_status":"open","sticky":false,"template":"","format":"standard","meta":{"_monsterinsights_skip_tracking":false,"footnotes":""},"categories":[198,35,197],"tags":[149,459],"class_list":["post-76365","post","type-post","status-publish","format-standard","has-post-thumbnail","category-isabel-ortega-morales","category-opinion","category-violeta-del-anahuac","tag-mujeres","tag-opinion"],"_links":{"self":[{"href":"https:\/\/redsemlac.com\/semmexico\/wp-json\/wp\/v2\/posts\/76365","targetHints":{"allow":["GET"]}}],"collection":[{"href":"https:\/\/redsemlac.com\/semmexico\/wp-json\/wp\/v2\/posts"}],"about":[{"href":"https:\/\/redsemlac.com\/semmexico\/wp-json\/wp\/v2\/types\/post"}],"author":[{"embeddable":true,"href":"https:\/\/redsemlac.com\/semmexico\/wp-json\/wp\/v2\/users\/3"}],"replies":[{"embeddable":true,"href":"https:\/\/redsemlac.com\/semmexico\/wp-json\/wp\/v2\/comments?post=76365"}],"version-history":[{"count":0,"href":"https:\/\/redsemlac.com\/semmexico\/wp-json\/wp\/v2\/posts\/76365\/revisions"}],"wp:featuredmedia":[{"embeddable":true,"href":"https:\/\/redsemlac.com\/semmexico\/wp-json\/wp\/v2\/media\/38368"}],"wp:attachment":[{"href":"https:\/\/redsemlac.com\/semmexico\/wp-json\/wp\/v2\/media?parent=76365"}],"wp:term":[{"taxonomy":"category","embeddable":true,"href":"https:\/\/redsemlac.com\/semmexico\/wp-json\/wp\/v2\/categories?post=76365"},{"taxonomy":"post_tag","embeddable":true,"href":"https:\/\/redsemlac.com\/semmexico\/wp-json\/wp\/v2\/tags?post=76365"}],"curies":[{"name":"wp","href":"https:\/\/api.w.org\/{rel}","templated":true}]}}