{"id":76361,"date":"2024-01-22T12:51:55","date_gmt":"2024-01-22T18:51:55","guid":{"rendered":"https:\/\/redsemlac.com\/semmexico\/?p=76361"},"modified":"2024-01-22T12:51:55","modified_gmt":"2024-01-22T18:51:55","slug":"mujeres-dedicadas-al-quehacer-artistico-fortalecen-su-obra-en-recintos-culturales-de-oaxaca","status":"publish","type":"post","link":"https:\/\/redsemlac.com\/semmexico\/mujeres-dedicadas-al-quehacer-artistico-fortalecen-su-obra-en-recintos-culturales-de-oaxaca\/","title":{"rendered":"Mujeres dedicadas al quehacer art\u00edstico fortalecen su obra en recintos culturales de Oaxaca"},"content":{"rendered":"\n<p class=\"wp-block-paragraph\"><strong>Patricia Brise\u00f1o<\/strong><\/p>\n\n\n\n<p class=\"wp-block-paragraph\">SemM\u00e9xico, Oaxaca de Ju\u00e1rez, Oax., 22 de enero, 2024.- &nbsp;A fin de reconocer, promover y difundir los procesos creativos de las artistas oaxaque\u00f1as, inici\u00f3 la jornada de talleres y conversatorios del proyecto Mujeres en las Artes Visuales, en las instalaciones del Museo de los Pintores Oaxaque\u00f1os (MUPO), la Real Alh\u00f3ndiga de Antequera y en el Estudio Gr\u00e1fico Zapote Negro, en esta ciudad.<\/p>\n\n\n\n<p class=\"wp-block-paragraph\">De acuerdo con las instituciones convocantes las actividades buscan brindar herramientas que permitan a las mujeres fortalecer sus trabajos creativos. Se realizan con el respaldo del Programa de Apoyo a Instituciones Estatales de Cultura (AIEC), apoyado con recursos federales y coordinado por &nbsp;la Secretar\u00eda de las Culturas y Artes del Gobierno del Estado.<\/p>\n\n\n\n<p class=\"wp-block-paragraph\">V\u00edctor Cata, titular de la dependencia coment\u00f3 que hist\u00f3ricamente las mujeres han tenido un papel sumamente importante en la promoci\u00f3n y difusi\u00f3n del arte y la cultura que emerge desde las comunidades.<\/p>\n\n\n<div class=\"wp-block-image\">\n<figure class=\"aligncenter size-full\"><a href=\"https:\/\/redsemlac.com\/semmexico\/wp-content\/uploads\/2024\/01\/Imagen5-9.jpg\"><img loading=\"lazy\" decoding=\"async\" width=\"635\" height=\"386\" src=\"https:\/\/redsemlac.com\/semmexico\/wp-content\/uploads\/2024\/01\/Imagen5-9.jpg\" alt=\"\" class=\"wp-image-76362\"\/><\/a><\/figure>\n<\/div>\n\n\n<p class=\"wp-block-paragraph\">\u201cNo obstante, es parte de la deuda hist\u00f3rica que los gobiernos tienen que subsanar, el reconocimiento a su labor y el impulso a su trabajo. Hoy, tenemos esa \u00e1rea de oportunidad\u201d, asent\u00f3.<\/p>\n\n\n\n<p class=\"wp-block-paragraph\">A partir del 15 y hasta el 26 de enero, se realizan siete talleres &nbsp;de artes pl\u00e1sticas y cinco conversatorios. Las alumnas reciben clases gratuitas en dos horarios: de 10:00 a 14:00 horas y de 16:00 a 20:00 horas.<\/p>\n\n\n\n<p class=\"wp-block-paragraph\">El taller de escultura es impartido por Francisco Merino Valencia; de pintura por C\u00e9sar Rodr\u00edguez Mart\u00ednez; de dibujo, la formaci\u00f3n est\u00e1 a cargo de Orlando \u00c1vila V\u00e1squez; el taller de gr\u00e1fica por Cristopher Ram\u00edrez D\u00edaz; de grabado en metal por Diana Lizbeth G\u00f3mez C\u00f3rdoba; el curso de fotograf\u00eda por Julio C\u00e9sar Saavedra Castro y de museograf\u00eda lo ofrece Citlallic Rosales D\u00edaz.<\/p>\n\n\n\n<p class=\"wp-block-paragraph\">Los conversatorios son impartidos por Tamara Garina Le\u00f3n, Emilia Sandoval Gonz\u00e1lez, Frida Alejandra Morales Mej\u00eda, Karelly Manuel Mart\u00ednez e Ivonne Lartigue Mendoza, en los que se abordan diversos temas relacionados a las artes visuales.<\/p>\n","protected":false},"excerpt":{"rendered":"<p>V\u00edctor Cata, titular de la dependencia coment\u00f3 que hist\u00f3ricamente las mujeres han tenido un papel sumamente importante en la promoci\u00f3n y difusi\u00f3n del arte y la cultura que emerge desde las comunidades.<\/p>\n","protected":false},"author":3,"featured_media":76363,"comment_status":"open","ping_status":"open","sticky":false,"template":"","format":"standard","meta":{"_monsterinsights_skip_tracking":false,"footnotes":""},"categories":[748],"tags":[146],"class_list":["post-76361","post","type-post","status-publish","format-standard","has-post-thumbnail","category-cultura-feminista","tag-oaxaca"],"_links":{"self":[{"href":"https:\/\/redsemlac.com\/semmexico\/wp-json\/wp\/v2\/posts\/76361","targetHints":{"allow":["GET"]}}],"collection":[{"href":"https:\/\/redsemlac.com\/semmexico\/wp-json\/wp\/v2\/posts"}],"about":[{"href":"https:\/\/redsemlac.com\/semmexico\/wp-json\/wp\/v2\/types\/post"}],"author":[{"embeddable":true,"href":"https:\/\/redsemlac.com\/semmexico\/wp-json\/wp\/v2\/users\/3"}],"replies":[{"embeddable":true,"href":"https:\/\/redsemlac.com\/semmexico\/wp-json\/wp\/v2\/comments?post=76361"}],"version-history":[{"count":0,"href":"https:\/\/redsemlac.com\/semmexico\/wp-json\/wp\/v2\/posts\/76361\/revisions"}],"wp:featuredmedia":[{"embeddable":true,"href":"https:\/\/redsemlac.com\/semmexico\/wp-json\/wp\/v2\/media\/76363"}],"wp:attachment":[{"href":"https:\/\/redsemlac.com\/semmexico\/wp-json\/wp\/v2\/media?parent=76361"}],"wp:term":[{"taxonomy":"category","embeddable":true,"href":"https:\/\/redsemlac.com\/semmexico\/wp-json\/wp\/v2\/categories?post=76361"},{"taxonomy":"post_tag","embeddable":true,"href":"https:\/\/redsemlac.com\/semmexico\/wp-json\/wp\/v2\/tags?post=76361"}],"curies":[{"name":"wp","href":"https:\/\/api.w.org\/{rel}","templated":true}]}}