{"id":76356,"date":"2024-01-22T12:50:55","date_gmt":"2024-01-22T18:50:55","guid":{"rendered":"https:\/\/redsemlac.com\/semmexico\/?p=76356"},"modified":"2024-01-22T12:50:56","modified_gmt":"2024-01-22T18:50:56","slug":"muere-piedad-cordoba-la-politica-que-encarno-la-izquierda-liberal-y-la-apuesta-por-la-paz-de-colombia","status":"publish","type":"post","link":"https:\/\/redsemlac.com\/semmexico\/muere-piedad-cordoba-la-politica-que-encarno-la-izquierda-liberal-y-la-apuesta-por-la-paz-de-colombia\/","title":{"rendered":"Muere Piedad C\u00f3rdoba, la pol\u00edtica que encarn\u00f3 la izquierda liberal y la apuesta por la paz de Colombia"},"content":{"rendered":"\n<ul class=\"wp-block-list\">\n<li><strong>La reconocida pol\u00edtica falleci\u00f3 de un infarto este s\u00e1bado en su apartamento en Medell\u00edn.<\/strong><\/li>\n\n\n\n<li><strong>Se destac\u00f3 por la defensa de los m\u00e1s excluidos, las minor\u00edas, la defensa de los derechos humanos y sobre todo, la paz y la soluci\u00f3n pol\u00edtica al conflicto colombiano<\/strong><\/li>\n\n\n\n<li><strong>Sus ideales le costaron una permanente persecuci\u00f3n por parte de Estado colombiano impulsado por sectores de la derecha<em>.<\/em><\/strong><\/li>\n<\/ul>\n\n\n\n<p class=\"wp-block-paragraph\"><strong><em>Redacci\u00f3n<\/em><\/strong><\/p>\n\n\n\n<p class=\"wp-block-paragraph\">SemM\u00e9xico\/agencias y portales, Bogot\u00e1, Colombia, 22 de enero, 2024.- Esta s\u00e1bado muri\u00f3 &nbsp;Piedad C\u00f3rdoba, lo que cimbr\u00f3 a toda la conciencia latinoamericana por la paz. Ella &nbsp;encarn\u00f3 la izquierda liberal y la apuesta por la paz de Colombia.&nbsp;Conocida por su lucha para lograr una salida negociada al conflicto armado con la entonces guerrilla de las FARC y por haber participado en las negociaciones con este grupo armado, que deriv\u00f3 en la liberaci\u00f3n de varios secuestrados, fue siempre una figura controvertida<\/p>\n\n\n\n<p class=\"wp-block-paragraph\">Fue&nbsp; la congresista del Pacto Hist\u00f3rico. Muri\u00f3&nbsp; en Medell\u00edn, d\u00edas antes de cumplir 69 a\u00f1os, por causa de un infarto.<\/p>\n\n\n\n<p class=\"wp-block-paragraph\">Luch\u00f3 por la libertad de las mujeres, ella descubri\u00f3 en su tarea legislativa, c\u00f3mo los gobiernos crearon los falsos positivos, para no informar de la lucha contra el narcotr\u00e1fico.&nbsp; Era una mujer cabal.&nbsp;<\/p>\n\n\n\n<p class=\"wp-block-paragraph\">La pol\u00edtica colombiana fue &nbsp;una de sus figuras m\u00e1s representativas. Afrocolombiana&nbsp; desde el Congreso fue protagonista de los hechos m\u00e1s importantes de las \u00faltimas tres d\u00e9cadas.<\/p>\n\n\n\n<p class=\"wp-block-paragraph\">La hallaron &nbsp;sin vida&nbsp; sus escoltas. Cuando fue ingresada a la cl\u00ednica Los Conquistadores, en Medell\u00edn, su ciudad natal, ya hab\u00eda muerto por un infarto.<\/p>\n\n\n\n<p class=\"wp-block-paragraph\">El presidente Gustavo Petro fue uno de los primeros en reaccionar a su muerte. \u201cComo congresista la conoc\u00ed y como senadora muri\u00f3. Una verdadera liberal ha muerto\u201d, dijo el mandatario a trav\u00e9s de un trino.<\/p>\n\n\n\n<p class=\"wp-block-paragraph\">Al momento de su fallecimiento, Piedad era senadora del &nbsp;partido con el que Petro lleg\u00f3 a la presidencia. Pas\u00f3 pr\u00e1cticamente la mitad de su vida en el Congreso, a donde primero lleg\u00f3 como representante a la C\u00e1mara por su departamento, Antioquia, en 1992, y donde luego fue senadora, hasta el 2010.<\/p>\n\n\n\n<p class=\"wp-block-paragraph\">La mayor parte de su carrera la hizo dentro del Partido Liberal. Ven\u00eda de una familia que lideraba desde hace d\u00e9cadas una corriente de este partido en el Choc\u00f3, de donde proviene su l\u00ednea paterna. Sin embargo, se fue distanciando de los toldos rojos por sus ideas progresistas y m\u00e1s cercanas a la izquierda, lo que la llevar\u00eda a fundar el movimiento Poder Ciudadano Siglo XXI, como una disidencia interna.<\/p>\n\n\n\n<p class=\"wp-block-paragraph\">\u201cPiedad C\u00f3rdoba fue una mujer golpeada por un \u00e9poca y una sociedad. Luch\u00f3 toda su vida madura por una sociedad m\u00e1s democr\u00e1tica. Su cuerpo y su mente no resistieron la presi\u00f3n de una sociedad anacr\u00f3nica, que aplaud\u00eda los ajustamientos de j\u00f3venes, que odiaba el di\u00e1logo y la paz, que odiaba a los negros, a los ind\u00edgenas y a los pobres, que la trataba como una criminal. Un procurador fascista la expuls\u00f3 del Senado y se burl\u00f3 de sus electores, quise resarcir el da\u00f1o y ayud\u00e9 a que hiciera parte de la lista del Pacto Hist\u00f3rico, sent\u00ed que lo merec\u00eda\u201d, a\u00f1ade el trino de Petro.<\/p>\n\n\n\n<p class=\"wp-block-paragraph\">El mandatario se refiere a uno de los episodios en los que fue frenada la carrera pol\u00edtica de C\u00f3rdoba. En 2010, fue destituida como senadora por la Procuradur\u00eda, en cabeza de Alejandro Ord\u00f3\u00f1ez, quien tambi\u00e9n inhabilit\u00f3 a Petro cuando era alcalde de Bogot\u00e1, decisi\u00f3n que luego fue revertida por una sentencia de la Corte Interamericana de Derechos Humanos. C\u00f3rdoba fue acusada de colaborar con las FARC, e inhabilitada para ejercer cualquier cargo p\u00fablico por 18 a\u00f1os. Seis a\u00f1os despu\u00e9s, el Consejo del Estado le retir\u00f3 ambas inhabilidades por falta de pruebas.<\/p>\n\n\n\n<h2 class=\"wp-block-heading\"><strong><em>Los or\u00edgenes de Piedad C\u00f3rdoba<\/em><\/strong><\/h2>\n\n\n\n<p class=\"wp-block-paragraph\">C\u00f3rdoba naci\u00f3 en Medell\u00edn en 1955, en el seno de una familia de clase media y militancia liberal. Desde joven se destac\u00f3 por su activismo social y su defensa de los derechos humanos, especialmente de las comunidades afrodescendientes, ind\u00edgenas y campesinas.<\/p>\n\n\n\n<p class=\"wp-block-paragraph\">Estudi\u00f3 derecho en la Universidad Pontificia Bolivariana de Medell\u00edn y se especializ\u00f3 en derecho organizacional en la misma universidad.<\/p>\n\n\n\n<h2 class=\"wp-block-heading\"><strong><em>Sus luchas por la paz y contra el paramilitarismo<\/em><\/strong><\/h2>\n\n\n\n<p class=\"wp-block-paragraph\">Su carrera pol\u00edtica comenz\u00f3 en 1984, cuando fue elegida concejal de Medell\u00edn por el Partido Liberal. En 1990 lleg\u00f3 al Congreso como representante a la C\u00e1mara y en 1994 fue elegida senadora, cargo que ocup\u00f3 hasta 2010, cuando fue inhabilitada por Alejandro Ord\u00f3\u00f1ez, quien entonces el Procurador General de la Naci\u00f3n y reconocido por sus posturas de extrema derecha.<\/p>\n\n\n\n<p class=\"wp-block-paragraph\">Durante su trayectoria legislativa, C\u00f3rdoba se caracteriz\u00f3 por su oposici\u00f3n al gobierno de \u00c1lvaro Uribe y su apoyo al proceso de paz con los grupos insurgentes. As\u00ed mismo, fue una de las gestoras de la Ley de Justicia y Paz, que buscaba facilitar la desmovilizaci\u00f3n de los grupos paramilitares.<\/p>\n\n\n\n<p class=\"wp-block-paragraph\">Tambi\u00e9n lider\u00f3 con \u00e9xito varias misiones humanitarias para liberar a personas retenidas por las FARC, lo que le vali\u00f3 el reconocimiento internacional. Igualmente, impuls\u00f3 iniciativas legislativas en favor de las v\u00edctimas del conflicto armado, la equidad de g\u00e9nero, los derechos de las personas LGBTIQ+ y la reforma agraria.<\/p>\n\n\n<div class=\"wp-block-image\">\n<figure class=\"aligncenter size-full\"><a href=\"https:\/\/redsemlac.com\/semmexico\/wp-content\/uploads\/2024\/01\/Imagen2-13.jpg\"><img loading=\"lazy\" decoding=\"async\" width=\"608\" height=\"342\" src=\"https:\/\/redsemlac.com\/semmexico\/wp-content\/uploads\/2024\/01\/Imagen2-13.jpg\" alt=\"\" class=\"wp-image-76358\"\/><\/a><\/figure>\n<\/div>\n\n\n<h2 class=\"wp-block-heading\"><strong><em>Persecuci\u00f3n de la extrema derecha<\/em><\/strong><\/h2>\n\n\n\n<p class=\"wp-block-paragraph\">Fue secuestrada por los paramilitares de las Autodefensas Unidas de Colombia en 1999. Despu\u00e9s de 14 d\u00edas de cautiverio fue liberada tras negociaciones entre liberales y el entonces jefe Carlos Casta\u00f1o. Tras este hecho, Piedad comenz\u00f3 a denunciar ante el pa\u00eds y el mundo sobre la expansi\u00f3n del paramilitarismo y lo que despu\u00e9s se conocer\u00eda como Parapol\u00edtica.<\/p>\n\n\n\n<p class=\"wp-block-paragraph\">Sus esfuerzos en la b\u00fasqueda de la paz, su amistad con l\u00edderes como Hugo Ch\u00e1vez y Nicol\u00e1s Maduro, as\u00ed como sus cr\u00edticas al modelo econ\u00f3mico y social colombiano, le valieron el rechazo y la estigmatizaci\u00f3n de amplios sectores conservadores y de derecha, que la acusaron de ser\u00a0\u201cC\u00f3mplice\u00a0del terrorismo, traidora de la patria y enemiga de la democracia\u201d.<\/p>\n\n\n<div class=\"wp-block-image\">\n<figure class=\"aligncenter size-full\"><a href=\"https:\/\/redsemlac.com\/semmexico\/wp-content\/uploads\/2024\/01\/Imagen3-11.jpg\"><img loading=\"lazy\" decoding=\"async\" width=\"709\" height=\"425\" src=\"https:\/\/redsemlac.com\/semmexico\/wp-content\/uploads\/2024\/01\/Imagen3-11.jpg\" alt=\"\" class=\"wp-image-76357\"\/><\/a><figcaption class=\"wp-element-caption\">El l\u00edder de las Fuerzas Armadas Revolucionarias de Colombia, o FARC, Ra\u00fal Reyes, durante una reuni\u00f3n con la senadora colombiana Piedad C\u00f3rdoba, el viernes 14 de septiembre de 2007.JORGE ENRIQUE BOTERO (ASSOCIATED PRESS)<\/figcaption><\/figure>\n<\/div>\n\n\n<h2 class=\"wp-block-heading\"><strong><em>La incansable luchadora<\/em><\/strong><\/h2>\n\n\n\n<p class=\"wp-block-paragraph\">C\u00f3rdoba siempre neg\u00f3 las acusaciones en su contra y denunci\u00f3 ser v\u00edctima de una persecuci\u00f3n pol\u00edtica y judicial.<\/p>\n\n\n\n<p class=\"wp-block-paragraph\">En 2018 logr\u00f3 recuperar sus derechos pol\u00edticos tras una decisi\u00f3n del Consejo de Estado que anul\u00f3 su inhabilidad. Desde entonces, se mantuvo activa en la escena p\u00fablica, participando en movimientos sociales y apoyando candidaturas alternativas.<\/p>\n\n\n\n<p class=\"wp-block-paragraph\">En 2022 fue elegida nuevamente como senadora, esta vez en la lista del Pacto Hist\u00f3rico, coalici\u00f3n que llev\u00f3 al Gustavo Petro a ser el primer presidente progresista en el pa\u00eds. Su muerte provoc\u00f3 reacciones en todas las orillas pol\u00edticas, incluso sus principales contradictores la destacaron como una mujer que luch\u00f3 hasta el final por sus ideas.<\/p>\n\n\n\n<p class=\"wp-block-paragraph\">&nbsp;El presidente Gustavo Petro la describi\u00f3 como una mujer perseguida y no comprendida:\u201c era mujer y negra y liberal de izquierdas y amante de la paz y hablaba con guerrilleros y militares y propon\u00eda la paz y no la guerra y no quer\u00eda una sociedad paramilitar ni un gobierno de asesinos\u201d.<\/p>\n\n\n\n<p class=\"wp-block-paragraph\">Piedad C\u00f3rdoba deja un vac\u00edo en la pol\u00edtica colombiana, que dif\u00edcilmente ser\u00e1 llenado por alguien con su carisma y su controversia. Su vida fue una constante lucha por sus ideales, que le granjearon admiraci\u00f3n y odio de sus adversarios.<\/p>\n\n\n\n<p class=\"wp-block-paragraph\">Fuente: Colombia Informa<\/p>\n\n\n\n<p class=\"wp-block-paragraph\">.<\/p>\n","protected":false},"excerpt":{"rendered":"<p>La reconocida pol\u00edtica falleci\u00f3 de un infarto este s\u00e1bado en su apartamento en Medell\u00edn.<\/p>\n","protected":false},"author":3,"featured_media":76359,"comment_status":"open","ping_status":"open","sticky":false,"template":"","format":"standard","meta":{"_monsterinsights_skip_tracking":false,"footnotes":""},"categories":[53],"tags":[],"class_list":["post-76356","post","type-post","status-publish","format-standard","has-post-thumbnail","category-internacional"],"_links":{"self":[{"href":"https:\/\/redsemlac.com\/semmexico\/wp-json\/wp\/v2\/posts\/76356","targetHints":{"allow":["GET"]}}],"collection":[{"href":"https:\/\/redsemlac.com\/semmexico\/wp-json\/wp\/v2\/posts"}],"about":[{"href":"https:\/\/redsemlac.com\/semmexico\/wp-json\/wp\/v2\/types\/post"}],"author":[{"embeddable":true,"href":"https:\/\/redsemlac.com\/semmexico\/wp-json\/wp\/v2\/users\/3"}],"replies":[{"embeddable":true,"href":"https:\/\/redsemlac.com\/semmexico\/wp-json\/wp\/v2\/comments?post=76356"}],"version-history":[{"count":0,"href":"https:\/\/redsemlac.com\/semmexico\/wp-json\/wp\/v2\/posts\/76356\/revisions"}],"wp:featuredmedia":[{"embeddable":true,"href":"https:\/\/redsemlac.com\/semmexico\/wp-json\/wp\/v2\/media\/76359"}],"wp:attachment":[{"href":"https:\/\/redsemlac.com\/semmexico\/wp-json\/wp\/v2\/media?parent=76356"}],"wp:term":[{"taxonomy":"category","embeddable":true,"href":"https:\/\/redsemlac.com\/semmexico\/wp-json\/wp\/v2\/categories?post=76356"},{"taxonomy":"post_tag","embeddable":true,"href":"https:\/\/redsemlac.com\/semmexico\/wp-json\/wp\/v2\/tags?post=76356"}],"curies":[{"name":"wp","href":"https:\/\/api.w.org\/{rel}","templated":true}]}}