{"id":76346,"date":"2024-01-22T08:10:00","date_gmt":"2024-01-22T14:10:00","guid":{"rendered":"https:\/\/redsemlac.com\/semmexico\/?p=76346"},"modified":"2024-01-21T19:55:08","modified_gmt":"2024-01-22T01:55:08","slug":"ser-mujer-negra-emprendedora-obstaculos-experiencias-y-posibilidades","status":"publish","type":"post","link":"https:\/\/redsemlac.com\/semmexico\/ser-mujer-negra-emprendedora-obstaculos-experiencias-y-posibilidades\/","title":{"rendered":"Ser mujer negra emprendedora, obst\u00e1culos, experiencias y posibilidades"},"content":{"rendered":"\n<ul class=\"wp-block-list\">\n<li><strong>Te ayudo a ver el mundo a trav\u00e9s de las gafas del antirracismo<\/strong><strong><\/strong><\/li>\n<\/ul>\n\n\n\n<ul class=\"wp-block-list\">\n<li><strong>Estamos redibujando el mapa del mundo empresarial.<\/strong><strong><\/strong><\/li>\n<\/ul>\n\n\n\n<p class=\"wp-block-paragraph\"><strong>Edna Liliana Valencia y Angie Mercado<\/strong><strong><\/strong><\/p>\n\n\n\n<p class=\"wp-block-paragraph\">SemM\u00e9xico, Ciudad de M\u00e9xico, 22 de enero, 2024.- Hace alg\u00fan tiempo, tuve la oportunidad de participar en un directo sobre mujeres negras emprendedoras organizado por Afrocolectiva.<\/p>\n\n\n\n<p class=\"wp-block-paragraph\">En este texto <a href=\"https:\/\/www.linkedin.com\/in\/desireebela\/\">Desir\u00e9e Bela-Lobedde Boleche<\/a> comparte &nbsp;<strong>experiencias y consejos sobre c\u00f3mo empezar a emprender siendo mujeres negras.<\/strong><\/p>\n\n\n\n<p class=\"wp-block-paragraph\">Despu\u00e9s de una relaci\u00f3n y conversaci\u00f3n directa, dice \u201cme qued\u00e9 pensando en <strong>lo importante que es hablar abiertamente sobre los desaf\u00edos y triunfos que enfrentamos<\/strong> como mujeres negras emprendedoras. As\u00ed que hoy, quiero compartir contigo algunas reflexiones sobre este tema\u201d.<\/p>\n\n\n\n<p class=\"wp-block-paragraph\">Estamos redibujando el mapa del mundo empresarial. Lo hacemos con ideas audaces y con una determinaci\u00f3n inquebrantable. Pero, como puedes imaginar, el nuestro no ha sido, ni es, un camino de rosas.<\/p>\n\n\n\n<h2 class=\"wp-block-heading\"><strong>Obst\u00e1culos en el camino<\/strong><strong><\/strong><\/h2>\n\n\n\n<p class=\"wp-block-paragraph\">Seg\u00fan J.P. Morgan, aunque hay una alta tasa de emprendimiento entre mujeres negras, solo el 3\u202fpor ciento &nbsp;dirige empresas maduras, es decir, negocios de m\u00e1s de cinco a\u00f1os de vida. Estos son algunos de los retos m\u00e1s significativos con los que nos encontramos:<\/p>\n\n\n\n<p class=\"wp-block-paragraph\"><strong>\ud83d\udd12<\/strong><strong> Financiaci\u00f3n inaccesible.<\/strong> Las mujeres negras enfrentan enormes dificultades para obtener fondos. El informe \u201cState of Women-Owned Businesses Report\u201d de American Express en 2019 revel\u00f3 que los ingresos medios de las mujeres negras empresarias eran solo de 24.000 $, una cifra muy por debajo de los 142.900 de f\u00e9minas blancas. Adem\u00e1s, en Estados Unidos, las mujeres negras reciben menos del 1\u202f% del capital de riesgo. La desigualdad de acceso al dinero est\u00e1 marcada por prejuicios y discriminaci\u00f3n. Y restringe de forma importante las posibilidades de iniciar o expandir los negocios.<\/p>\n\n\n\n<p class=\"wp-block-paragraph\"><strong>\ud83c\udf10<\/strong><strong> Redes de contactos limitadas<\/strong>. Las mujeres negras a menudo tenemos un acceso restringido a redes profesionales, lo que reduce nuestras oportunidades de crecimiento y mentor\u00eda. De esto habl\u00e9 tiempo en un bolet\u00edn sobre la meritocracia. La falta de modelos a seguir en posiciones de liderazgo tambi\u00e9n impacta en la confianza y la creencia en sus propias habilidades para tener \u00e9xito.<\/p>\n\n\n\n<p class=\"wp-block-paragraph\"><strong>\ud83d\udeab<\/strong><strong> Prejuicios y estereotipos.<\/strong> El racismo y el sexismo se entrelazan creando barreras adicionales en el acceso a oportunidades de negocio, contratos y mercados. Estos prejuicios afectan la credibilidad y el ingreso de las mujeres negras al mundo empresarial.<\/p>\n\n\n\n<h2 class=\"wp-block-heading\"><strong>Triunfos Inspiradores<\/strong><strong><\/strong><\/h2>\n\n\n\n<p class=\"wp-block-paragraph\">Ahora, d\u00e9jame contarte sobre la otra cara de la moneda, los triunfos. A pesar de los obst\u00e1culos, estamos dejando una huella imborrable en el mundo empresarial. Y no es poca cosa lo que estamos logrando.<\/p>\n\n\n\n<p class=\"wp-block-paragraph\"><strong>\ud83c\udf1f<\/strong><strong> Innovaci\u00f3n destacada.<\/strong> Muchas emprendedoras sobresalimos por nuestras ideas originales. Llenamos nichos de mercado y cubrimos necesidades desatendidas.<\/p>\n\n\n\n<p class=\"wp-block-paragraph\"><strong>\ud83d\udcaa\ud83c\udffe<\/strong><strong> Resiliencia impresionante<\/strong>. La habilidad para superar desaf\u00edos es un rasgo com\u00fan y admirable en nosotras. As\u00ed es como inspiran y motivan a otras.<\/p>\n\n\n\n<p class=\"wp-block-paragraph\"><strong>\ud83c\udf0d<\/strong><strong> Impacto social positivo<\/strong>. Los emprendimientos femeninos negros marcan una diferencia importante. No solo buscan el \u00e9xito personal, sino que tambi\u00e9n se enfocan en mejorar nuestras comunidades. Lo hacemos a trav\u00e9s de iniciativas econ\u00f3micas y proyectos sociales.<\/p>\n\n\n\n<h2 class=\"wp-block-heading\"><strong>Estrategias Clave para el \u00c9xito<\/strong><strong><\/strong><\/h2>\n\n\n\n<p class=\"wp-block-paragraph\">No creas que todo esto es solo suerte o casualidad. Detr\u00e1s de cada \u00e9xito hay estrategias bien pensadas. Aqu\u00ed te comparto algunas:<\/p>\n\n\n\n<h2 class=\"wp-block-heading\"><strong>Construyendo comunidades de apoyo.<\/strong><strong><\/strong><\/h2>\n\n\n\n<p class=\"wp-block-paragraph\">&nbsp;La creaci\u00f3n de redes con otras mujeres y emprendedoras negras es esencial. Estas conexiones ofrecen oportunidades de mentor\u00eda. Participar en eventos de networking, unirse a grupos en l\u00ednea y buscar colaboraciones pueden abrir muchas puertas.<\/p>\n\n\n\n<p class=\"wp-block-paragraph\"><strong>\ud83d\udcda<\/strong><strong> Inversi\u00f3n en educaci\u00f3n y capacitaci\u00f3n.<\/strong> Mantenerse al d\u00eda con las \u00faltimas tendencias y habilidades empresariales es crucial. Esto puede incluir desde cursos en l\u00ednea hasta talleres y conferencias. La formaci\u00f3n continua no solo mejora las habilidades empresariales, sino que tambi\u00e9n ayuda a construir confianza y credibilidad.<\/p>\n\n\n\n<p class=\"wp-block-paragraph\"><strong>\ud83c\udf08<\/strong><strong> Desarrollo de una marca personal s\u00f3lida.<\/strong> En un mundo donde la imagen cuenta, desarrollar una marca personal fuerte es fundamental. Esto implica tener una presencia activa en redes sociales, crear contenido relevante y participar en eventos del sector. Una marca personal bien establecida puede atraer clientela, asociaciones y oportunidades de financiaci\u00f3n.<\/p>\n\n\n\n<h2 class=\"wp-block-heading\"><strong>Reflexiones Finales<\/strong><strong><\/strong><\/h2>\n\n\n\n<p class=\"wp-block-paragraph\">Nuestra historia de emprendimiento est\u00e1 marcada por el empoderamiento y la transformaci\u00f3n. Cada una de nosotras, con nuestra empresa, no solo creamos un negocio. Tambi\u00e9n redefinimos las reglas del juego en el mundo empresarial. Somos pioneras en un terreno que hist\u00f3ricamente ha sido desafiante y, a menudo, poco acogedor para nosotras.<\/p>\n\n\n\n<p class=\"wp-block-paragraph\">Las mujeres negras que emprendemos enfrentamos y superamos obst\u00e1culos. En este proceso, intentamos alcanzar el \u00e9xito personal y profesional. Al mismo tiempo, abrimos puertas para las generaciones futuras. Nuestra tenacidad y resiliencia sientas las bases para un futuro m\u00e1s inclusivo y equitativo en el mundo de los negocios.<\/p>\n\n\n\n<p class=\"wp-block-paragraph\">Adem\u00e1s, nuestro impacto va m\u00e1s all\u00e1 de los logros individuales. Cambiamos la narrativa. Desafiamos los estereotipos sobre qui\u00e9n puede emprender y c\u00f3mo se manifiesta el \u00e9xito empresarial. Demostramos que la diversidad de pensamiento, experiencia y perspectiva es solo valiosa y esencial para el crecimiento y la innovaci\u00f3n en el mundo de los negocios.<\/p>\n\n\n\n<p class=\"wp-block-paragraph\">Inspiramos a otras mujeres negras a iniciar sus emprendimientos, mostr\u00e1ndoles que es posible y que hay un camino. Construimos comunidades, creamos redes de apoyo y mentor\u00eda. Abogamos por cambios en las pol\u00edticas y pr\u00e1cticas empresariales que tradicionalmente nos han excluido.<\/p>\n\n\n\n<p class=\"wp-block-paragraph\">El viaje de las mujeres negras emprendedoras es un testimonio de resistencia, creatividad y visi\u00f3n. Su capacidad para convertir los desaf\u00edos en oportunidades no solo est\u00e1 modelando sus propios destinos, sino tambi\u00e9n el tejido de la sociedad y la econom\u00eda. Continuamos rompiendo barreras y construyendo legados duraderos. Al hacerlo, nuestra influencia va m\u00e1s all\u00e1 de nuestras comunidades inmediatas. Estamos transformando el panorama empresarial para mejor.<\/p>\n\n\n\n<p class=\"wp-block-paragraph\">As\u00ed, en este viaje lleno de desaf\u00edos y \u00e9xitos, las mujeres negras emprendedoras no solo alcanzamos nuestras metas. Tambi\u00e9n estamos liderando un movimiento de cambio y progreso. Somos una fuente de inspiraci\u00f3n y un recordatorio poderoso de lo que es posible cuando la pasi\u00f3n, la determinaci\u00f3n y la visi\u00f3n se unen para crear algo significativo a pesar de los obst\u00e1culos.<\/p>\n\n\n\n<h2 class=\"wp-block-heading\"><strong>Para terminar, te invito a reflexionar sobre las siguientes cuestiones.<\/strong><strong><\/strong><\/h2>\n\n\n\n<p class=\"wp-block-paragraph\">\ud83c\udf0d \u00bfC\u00f3mo se podr\u00eda fortalecer el apoyo a las mujeres negras emprendedoras?<\/p>\n\n\n\n<p class=\"wp-block-paragraph\">\ud83d\udcbc \u00bfQu\u00e9 impacto podr\u00eda tener el emprendimiento femenino negro en la econom\u00eda y la sociedad?<\/p>\n\n\n\n<p class=\"wp-block-paragraph\">\ud83d\udd17 \u00bfPor qu\u00e9 son esenciales las redes de apoyo para estas empresarias?<\/p>\n\n\n\n<p class=\"wp-block-paragraph\">\ud83d\udca1 \u00bfC\u00f3mo pueden las emprendedoras negras desafiar los estereotipos en el mundo empresarial?<\/p>\n\n\n\n<p class=\"wp-block-paragraph\">\ud83d\ude80 \u00bfQu\u00e9 estrategias podr\u00edan facilitar el acceso a financiamiento y recursos?<\/p>\n\n\n\n<p class=\"wp-block-paragraph\">\ud83c\udf1f \u00bfCu\u00e1l es el impacto de las historias de \u00e9xito de estas mujeres en las futuras generaciones?<\/p>\n\n\n\n<p class=\"wp-block-paragraph\">Espero que estas reflexiones te inspiren y te proporcionen una nueva perspectiva sobre el valor y la importancia de las mujeres negras en el mundo del emprendimiento. Nuestro viaje es una historia de lucha, pero tambi\u00e9n de logros notables y estrategias inteligentes de las que muchas personas pueden aprender.<\/p>\n\n\n\n<p class=\"has-small-font-size wp-block-paragraph\">*<a href=\"https:\/\/www.linkedin.com\/in\/desireebela\/\">Desir\u00e9e Bela-Lobedde Boleche<\/a> Escritora, divulgadora, activista antirracista y afrofeminista, formadora, conferenciante.<\/p>\n\n\n\n<p class=\"has-small-font-size wp-block-paragraph\">Dice: Te ayudo a ver el mundo a trav\u00e9s de las gafas del antirracismo. | Escritora, divulgadora, activista antirracista y afrofeminista, formadora, conferenciante. T\u00e9 ayudo a ver el mundo a trav\u00e9s de las gafas del antirracismo. | Escritora, divulgadora, activista antirracista y afrofeminista, formadora, conferenciante.<\/p>\n\n\n\n<p class=\"has-small-font-size wp-block-paragraph\">Me animo a crear una newsletter para compartir, con m\u00e1s extensi\u00f3n, reflexiones relacionadas para invitarte a considerar el antirracismo como una parte necesaria de las pr\u00e1cticas y pol\u00edticas de DEI \ud83d\ude0a<\/p>\n","protected":false},"excerpt":{"rendered":"<p>Hace alg\u00fan tiempo, tuve la oportunidad de participar en un directo sobre mujeres negras emprendedoras organizado por Afrocolectiva.<\/p>\n","protected":false},"author":3,"featured_media":76347,"comment_status":"open","ping_status":"open","sticky":false,"template":"","format":"standard","meta":{"_monsterinsights_skip_tracking":false,"footnotes":""},"categories":[748],"tags":[],"class_list":["post-76346","post","type-post","status-publish","format-standard","has-post-thumbnail","category-cultura-feminista"],"_links":{"self":[{"href":"https:\/\/redsemlac.com\/semmexico\/wp-json\/wp\/v2\/posts\/76346","targetHints":{"allow":["GET"]}}],"collection":[{"href":"https:\/\/redsemlac.com\/semmexico\/wp-json\/wp\/v2\/posts"}],"about":[{"href":"https:\/\/redsemlac.com\/semmexico\/wp-json\/wp\/v2\/types\/post"}],"author":[{"embeddable":true,"href":"https:\/\/redsemlac.com\/semmexico\/wp-json\/wp\/v2\/users\/3"}],"replies":[{"embeddable":true,"href":"https:\/\/redsemlac.com\/semmexico\/wp-json\/wp\/v2\/comments?post=76346"}],"version-history":[{"count":0,"href":"https:\/\/redsemlac.com\/semmexico\/wp-json\/wp\/v2\/posts\/76346\/revisions"}],"wp:featuredmedia":[{"embeddable":true,"href":"https:\/\/redsemlac.com\/semmexico\/wp-json\/wp\/v2\/media\/76347"}],"wp:attachment":[{"href":"https:\/\/redsemlac.com\/semmexico\/wp-json\/wp\/v2\/media?parent=76346"}],"wp:term":[{"taxonomy":"category","embeddable":true,"href":"https:\/\/redsemlac.com\/semmexico\/wp-json\/wp\/v2\/categories?post=76346"},{"taxonomy":"post_tag","embeddable":true,"href":"https:\/\/redsemlac.com\/semmexico\/wp-json\/wp\/v2\/tags?post=76346"}],"curies":[{"name":"wp","href":"https:\/\/api.w.org\/{rel}","templated":true}]}}