{"id":76341,"date":"2024-01-22T08:00:00","date_gmt":"2024-01-22T14:00:00","guid":{"rendered":"https:\/\/redsemlac.com\/semmexico\/?p=76341"},"modified":"2024-01-21T19:49:46","modified_gmt":"2024-01-22T01:49:46","slug":"proyecto-tlacuilo-del-macg-ofrece-la-posibilidad-de-convivir-con-arte-y-musica-en-el-espacio-domestico","status":"publish","type":"post","link":"https:\/\/redsemlac.com\/semmexico\/proyecto-tlacuilo-del-macg-ofrece-la-posibilidad-de-convivir-con-arte-y-musica-en-el-espacio-domestico\/","title":{"rendered":"Proyecto Tlacuilo\u00a0del MACG ofrece la posibilidad de convivir con arte y m\u00fasica en el espacio dom\u00e9stico"},"content":{"rendered":"\n<ul class=\"wp-block-list\">\n<li><strong>El objetivo es&nbsp;compartir gustos y conocimiento&nbsp;a trav\u00e9s del pr\u00e9stamo de obras, libros y discos pertenecientes al acervo bibliogr\u00e1fico y art\u00edstico del recinto del Inbal&nbsp;<\/strong><strong><\/strong><\/li>\n<\/ul>\n\n\n\n<p class=\"wp-block-paragraph\"><strong>Redacci\u00f3n <\/strong><strong><\/strong><\/p>\n\n\n\n<p class=\"wp-block-paragraph\">SemM\u00e9xico, Ciudad de M\u00e9xico, 22 de enero, 2024.- Con el objetivo &nbsp;de \u201csocializar el arte y el conocimiento\u201d, en el Museo de Arte&nbsp;<em>Carrillo Gil<\/em>&nbsp;se &nbsp;puso en marcha &nbsp;el proyecto&nbsp;<em>Tlacuilo MACG<\/em>, al que desde abril de 2022 han acudido m\u00e1s de 700 personas.&nbsp;<\/p>\n\n\n\n<p class=\"wp-block-paragraph\">Se trata de emular a las bibliotecas p\u00fablicas, solo que en este caso se prestan a domicilio libros de arte, discos de vinil de m\u00fasica experimental contempor\u00e1nea y obras art\u00edsticas. El tiempo m\u00e1ximo es de un mes.&nbsp;<\/p>\n\n\n\n<p class=\"wp-block-paragraph\">Tlacuilo tiene como prop\u00f3sito ofrecer la posibilidad de observar, reflexionar o simplemente convivir con una obra de arte en el espacio dom\u00e9stico, de trabajo o de estudio. &nbsp;<\/p>\n\n\n\n<p class=\"wp-block-paragraph\">La coordinadora de esta actividad, Lorena Botello, dijo que la gente interesada en este proyecto lo \u00fanico que tiene que hacer es registrarse y luego solicitar el pr\u00e9stamo de un libro, un disco o una obra de arte para llevarla a su casa.&nbsp;<\/p>\n\n\n\n<p class=\"wp-block-paragraph\">El objetivo de Tlacuilo es socializar las colecciones de libros de arte, en este caso, los que posee el MACG. \u201cMucha gente sabe que el acervo de este museo se especializa en arte moderno y contempor\u00e1neo, el cual se ha enriquecido con el paso de los a\u00f1os\u201d. &nbsp;<\/p>\n\n\n\n<p class=\"wp-block-paragraph\">Record\u00f3 que Tlacuilo fue una iniciativa del artista Pedro Reyes, quien no solo es un apasionado del arte contempor\u00e1neo latinoamericano y mundial, sino que, adem\u00e1s, posee su propio acervo bibliogr\u00e1fico, el cual es muy amplio. El proyecto surgi\u00f3 como una especie de&nbsp;biblioteca p\u00fablica que busca promover no solo el pr\u00e9stamo de libros, sino la posibilidad de compartir gustos y conocimiento.&nbsp;<\/p>\n\n\n\n<p class=\"wp-block-paragraph\">Las obras de arte que se ofrecen en pr\u00e9stamo forman parte de la&nbsp;<em>Artoteca Tlacuilo MACG<\/em>, conformada por piezas de pintura, grabado, fotograf\u00eda y cartel de diversos artistas. Este acervo inici\u00f3 con una selecci\u00f3n de obras de la colecci\u00f3n personal de Pedro Reyes, que actualmente est\u00e1 en continuo crecimiento gracias a la generosa donaci\u00f3n de artistas invitados para conformar una colecci\u00f3n sin fines de lucro, cuyo \u00fanico fundamento es facilitar el pr\u00e9stamo a domicilio.&nbsp;&nbsp;<\/p>\n\n\n\n<p class=\"wp-block-paragraph\">A decir de Lorena Botello, los objetivos de Tlacuilo se han ampliado en estos meses. Por ejemplo, en el MACG cada vez que se inaugura una exposici\u00f3n individual invitan a los artistas expositores a que hagan su propia selecci\u00f3n con material propio o del acervo del museo.&nbsp;<\/p>\n\n\n<div class=\"wp-block-image\">\n<figure class=\"alignleft size-full is-resized\"><a href=\"https:\/\/redsemlac.com\/semmexico\/wp-content\/uploads\/2024\/01\/Imagen3-10.jpg\"><img loading=\"lazy\" decoding=\"async\" width=\"501\" height=\"729\" src=\"https:\/\/redsemlac.com\/semmexico\/wp-content\/uploads\/2024\/01\/Imagen3-10.jpg\" alt=\"\" class=\"wp-image-76342\" style=\"width:356px;height:auto\"\/><\/a><\/figure>\n<\/div>\n\n\n<p class=\"wp-block-paragraph\">\u201cNuestro sistema de pr\u00e9stamo es muy cuidadoso y est\u00e1 controlado. Tenemos una base de datos en la cual aparecen los registros personales de los usuarios, que pueden identificarse con una credencial oficial vigente. Tlacuilo, al igual que cualquier biblioteca p\u00fablica, tiene sus propias reglas: la persona obtiene el pr\u00e9stamo de un libro y tiene un periodo de entrega, de lo contrario es sancionada.&nbsp;&nbsp;&nbsp;&nbsp;&nbsp;&nbsp;&nbsp; &nbsp;<\/p>\n\n\n\n<p class=\"wp-block-paragraph\">Dijo que los libros y las obras pueden prestarse por un periodo m\u00e1ximo de tres meses y los discos solamente por un mes. Incluso el museo puede prestar tornamesas si el usuario no tiene una en su casa. &nbsp;<\/p>\n\n\n\n<p class=\"wp-block-paragraph\">Coment\u00f3 que el acervo de Tlacuilo cuenta con 90 discos de m\u00fasica experimental, electr\u00f3nica y de vanguardia. Fluxus o John Cage son dos casos destacados. El MACG cuenta con aut\u00e9nticas joyas de la m\u00fasica de los a\u00f1os sesenta.&nbsp; &nbsp;<\/p>\n\n\n\n<p class=\"wp-block-paragraph\">La&nbsp;colecci\u00f3n de vinilos tambi\u00e9n&nbsp;ofrece&nbsp;una serie de registros de&nbsp;<em>Voz Viva<\/em>, lecturas que escritores han hecho de sus textos, dif\u00edcil de encontrar en materiales o aplicaciones de reproducci\u00f3n digital.&nbsp;&nbsp;&nbsp;<\/p>\n\n\n\n<p class=\"wp-block-paragraph\">Finalmente, Botello asegur\u00f3 que el&nbsp;<em>Proyecto Tlacuilo<\/em>&nbsp;ha sido muy exitoso entre la gente. \u201cM\u00e1s de 700 personas en casi dos a\u00f1os se han acercado a nosotros, por lo que este proyecto continuar\u00e1 todo este a\u00f1o\u201d.&nbsp;<\/p>\n\n\n\n<p class=\"wp-block-paragraph\">Asimismo, coment\u00f3 que el a\u00f1o pasado&nbsp;se llevaron a cabo cuatro&nbsp;<em>Listening parties<\/em>, donde expertos y expertas en m\u00fasica y artistas sonoros seleccionaron algunos de los discos disponibles para pr\u00e9stamo a fin de vincular al p\u00fablico del museo con compositores, corrientes musicales y experimentaciones presentes en estos materiales, entre ellos Amor Mu\u00f1oz, Esteban King, Ricardo Rend\u00f3n y Guillermo Santamarina.&nbsp;<\/p>\n\n\n\n<p class=\"wp-block-paragraph\">Para m\u00e1s informaci\u00f3n sobre Tlacuilo comunicarse al tel\u00e9fono: 55-8647-5450.&nbsp;<\/p>\n","protected":false},"excerpt":{"rendered":"<p>El objetivo es\u00a0compartir gustos y conocimiento\u00a0a trav\u00e9s del pr\u00e9stamo de obras, libros y discos pertenecientes al acervo bibliogr\u00e1fico y art\u00edstico del recinto del Inbal\u00a0<\/p>\n","protected":false},"author":3,"featured_media":76344,"comment_status":"open","ping_status":"open","sticky":false,"template":"","format":"standard","meta":{"_monsterinsights_skip_tracking":false,"footnotes":""},"categories":[682],"tags":[],"class_list":["post-76341","post","type-post","status-publish","format-standard","has-post-thumbnail","category-noticias"],"_links":{"self":[{"href":"https:\/\/redsemlac.com\/semmexico\/wp-json\/wp\/v2\/posts\/76341","targetHints":{"allow":["GET"]}}],"collection":[{"href":"https:\/\/redsemlac.com\/semmexico\/wp-json\/wp\/v2\/posts"}],"about":[{"href":"https:\/\/redsemlac.com\/semmexico\/wp-json\/wp\/v2\/types\/post"}],"author":[{"embeddable":true,"href":"https:\/\/redsemlac.com\/semmexico\/wp-json\/wp\/v2\/users\/3"}],"replies":[{"embeddable":true,"href":"https:\/\/redsemlac.com\/semmexico\/wp-json\/wp\/v2\/comments?post=76341"}],"version-history":[{"count":0,"href":"https:\/\/redsemlac.com\/semmexico\/wp-json\/wp\/v2\/posts\/76341\/revisions"}],"wp:featuredmedia":[{"embeddable":true,"href":"https:\/\/redsemlac.com\/semmexico\/wp-json\/wp\/v2\/media\/76344"}],"wp:attachment":[{"href":"https:\/\/redsemlac.com\/semmexico\/wp-json\/wp\/v2\/media?parent=76341"}],"wp:term":[{"taxonomy":"category","embeddable":true,"href":"https:\/\/redsemlac.com\/semmexico\/wp-json\/wp\/v2\/categories?post=76341"},{"taxonomy":"post_tag","embeddable":true,"href":"https:\/\/redsemlac.com\/semmexico\/wp-json\/wp\/v2\/tags?post=76341"}],"curies":[{"name":"wp","href":"https:\/\/api.w.org\/{rel}","templated":true}]}}