{"id":76337,"date":"2024-01-22T07:45:00","date_gmt":"2024-01-22T13:45:00","guid":{"rendered":"https:\/\/redsemlac.com\/semmexico\/?p=76337"},"modified":"2024-01-21T19:45:25","modified_gmt":"2024-01-22T01:45:25","slug":"propone-pt-fortalecer-la-ley-general-de-victimas-para-garantizar-el-respeto-de-los-derechos-humanos","status":"publish","type":"post","link":"https:\/\/redsemlac.com\/semmexico\/propone-pt-fortalecer-la-ley-general-de-victimas-para-garantizar-el-respeto-de-los-derechos-humanos\/","title":{"rendered":"Propone PT fortalecer la Ley General de V\u00edctimas para garantizar el respeto de los derechos humanos"},"content":{"rendered":"\n<ul class=\"wp-block-list\">\n<li><strong>Partido oficialista preocupado por la violaci\u00f3n a los derechos humanos<\/strong><\/li>\n<\/ul>\n\n\n\n<ul class=\"wp-block-list\">\n<li><strong>Propone modificaciones para mejorar la ley de v\u00edctimas y que se incorpore la ciudadan\u00eda<\/strong><\/li>\n<\/ul>\n\n\n\n<p class=\"wp-block-paragraph\"><strong>Redacci\u00f3n<\/strong><\/p>\n\n\n\n<p class=\"wp-block-paragraph\">SemM\u00e9xico, Ciudad de M\u00e9xico, 22 de enero, 2024.- El Partido del Trabajo, aliado de la 4T propuso una iniciativa para modificar la Ley de V\u00edctimas, para garantizar los derechos humanos, resquebrajados en la presente administraci\u00f3n, y en sus argumentos, se\u00f1alan que la indiferencia, \u201cser\u00eda una omisi\u00f3n\u201d, en cr\u00edtica clara a los sucesos recrudecidos en enero de 2024.<\/p>\n\n\n\n<p class=\"wp-block-paragraph\">Las senadoras Geovanna Ba\u00f1uelos, Martha M\u00e1rquez, Cora Pinedo Alonso y el senador Joel Padilla del partido oficialista del trabajo &nbsp;propusieron incorporar en la Ley General de V\u00edctimas el principio de gradualidad para el dise\u00f1o de los mecanismos, medidas y procedimientos se\u00f1alados en la norma; fortalecer el principio de la participaci\u00f3n conjunta para que el Estado impulse la participaci\u00f3n ciudadana en atenci\u00f3n a v\u00edctimas y sustituir el t\u00e9rmino \u201cmedidas de no repetici\u00f3n\u201d por el de \u201cgarant\u00edas de no repetici\u00f3n\u201d.<\/p>\n\n\n\n<p class=\"wp-block-paragraph\">\u201cEl papel del Estado frente a las v\u00edctimas es de vital importancia para garantizar el respeto de sus derechos, proporcionales protecci\u00f3n, asistencia y apoyo para asegurar que obtengan acceso a la justicia y a mecanismos de reparaci\u00f3n\u201d, expuso la senadora Geovanna Ba\u00f1uelos, coordinadora del Grupo Parlamentario del Partido del Trabajo.<\/p>\n\n\n\n<p class=\"wp-block-paragraph\">Por ello, explic\u00f3 que el objetivo de su iniciativa busca reformar diversos art\u00edculos de la Ley General de V\u00edctimas con tres ideas centrales:<\/p>\n\n\n\n<p class=\"wp-block-paragraph\">La primera de ellas es establecer el Principio de Gradualidad, que implica la responsabilidad Estatal de dise\u00f1ar herramientas operativas de alcance definido en tiempo, espacio y recursos presupuestales que permitan la implementaci\u00f3n de los programas, planes y proyectos de atenci\u00f3n, asistencia y reparaci\u00f3n, de manera paulatina y creciente.<\/p>\n\n\n\n<p class=\"wp-block-paragraph\">La segunda idea es fortalecer el Principio de Participaci\u00f3n Conjunta, para que el Estado impulse la participaci\u00f3n ciudadana y popular en las actividades de atenci\u00f3n a v\u00edctimas; a trav\u00e9s de medidas de ayuda, atenci\u00f3n, asistencia y reparaci\u00f3n integral, con el apoyo y colaboraci\u00f3n activa de la sociedad civil y el sector privado.<\/p>\n\n\n\n<p class=\"wp-block-paragraph\">Y por \u00faltimo, modificar el t\u00e9rmino de medidas de no repetici\u00f3n a garant\u00edas de no repetici\u00f3n, lo anterior porque las \u00abmedidas\u00bb podr\u00edan interpretarse como acciones m\u00e1s limitadas, que se centran en resolver los casos individuales de v\u00edctimas o en sancionar a los responsables de las violaciones, mientras que las garant\u00edas tienen un alcance m\u00e1s amplio, ya que buscan transformar las condiciones que permitieron que las violaciones se produjeran.<\/p>\n\n\n\n<p class=\"wp-block-paragraph\">\u201cAnte los hechos tr\u00e1gicos que son una cotidianidad, la indiferencia ser\u00eda una omisi\u00f3n. No podemos ser ajenos a la angustia que viven las familias que atraviesan p\u00e9rdidas o dolor ante la inseguridad que se vive en el estado\u201d, asever\u00f3 la legisladora.<\/p>\n\n\n\n<p class=\"wp-block-paragraph\">La iniciativa fue presentada a la Comisi\u00f3n Permanente y posteriormente remitida a la C\u00e1mara de Senadores.<\/p>\n","protected":false},"excerpt":{"rendered":"<p>Partido oficialista preocupado por la violaci\u00f3n a los derechos humanos<\/p>\n","protected":false},"author":3,"featured_media":76338,"comment_status":"open","ping_status":"open","sticky":false,"template":"","format":"standard","meta":{"_monsterinsights_skip_tracking":false,"footnotes":""},"categories":[50],"tags":[],"class_list":["post-76337","post","type-post","status-publish","format-standard","has-post-thumbnail","category-congreso"],"_links":{"self":[{"href":"https:\/\/redsemlac.com\/semmexico\/wp-json\/wp\/v2\/posts\/76337","targetHints":{"allow":["GET"]}}],"collection":[{"href":"https:\/\/redsemlac.com\/semmexico\/wp-json\/wp\/v2\/posts"}],"about":[{"href":"https:\/\/redsemlac.com\/semmexico\/wp-json\/wp\/v2\/types\/post"}],"author":[{"embeddable":true,"href":"https:\/\/redsemlac.com\/semmexico\/wp-json\/wp\/v2\/users\/3"}],"replies":[{"embeddable":true,"href":"https:\/\/redsemlac.com\/semmexico\/wp-json\/wp\/v2\/comments?post=76337"}],"version-history":[{"count":0,"href":"https:\/\/redsemlac.com\/semmexico\/wp-json\/wp\/v2\/posts\/76337\/revisions"}],"wp:featuredmedia":[{"embeddable":true,"href":"https:\/\/redsemlac.com\/semmexico\/wp-json\/wp\/v2\/media\/76338"}],"wp:attachment":[{"href":"https:\/\/redsemlac.com\/semmexico\/wp-json\/wp\/v2\/media?parent=76337"}],"wp:term":[{"taxonomy":"category","embeddable":true,"href":"https:\/\/redsemlac.com\/semmexico\/wp-json\/wp\/v2\/categories?post=76337"},{"taxonomy":"post_tag","embeddable":true,"href":"https:\/\/redsemlac.com\/semmexico\/wp-json\/wp\/v2\/tags?post=76337"}],"curies":[{"name":"wp","href":"https:\/\/api.w.org\/{rel}","templated":true}]}}