{"id":76331,"date":"2024-01-21T15:00:44","date_gmt":"2024-01-21T21:00:44","guid":{"rendered":"https:\/\/redsemlac.com\/semmexico\/?p=76331"},"modified":"2024-01-21T15:00:45","modified_gmt":"2024-01-21T21:00:45","slug":"frida-una-pelicula-que-vale-la-pena-ver-promovida-por-docs-mx","status":"publish","type":"post","link":"https:\/\/redsemlac.com\/semmexico\/frida-una-pelicula-que-vale-la-pena-ver-promovida-por-docs-mx\/","title":{"rendered":"FRIDA una pel\u00edcula que vale la pena ver, promovida por Docs Mx"},"content":{"rendered":"\n<p class=\"wp-block-paragraph\">Redacci\u00f3n<\/p>\n\n\n\n<p class=\"wp-block-paragraph\">SemM\u00e9xico, Ciudad de M\u00e9xico, 21 de enero, 2024.- &nbsp;Un viaje \u00edntimamente crudo y m\u00e1gico a trav\u00e9s de la vida, la mente y el coraz\u00f3n de la ic\u00f3nica artista Frida Kahlo. Contada a trav\u00e9s de sus propias palabras por primera vez, extra\u00eddas de su diario, cartas reveladoras, ensayos y entrevistas impresas, y cobrando vida v\u00edvidamente mediante una animaci\u00f3n l\u00edrica inspirada en su inolvidable obra de arte.<\/p>\n\n\n\n<p class=\"wp-block-paragraph\">Carla Guti\u00e9rrez, reconocida por su magistral edici\u00f3n de pel\u00edculas, incluidos los proyectos del Festival de Cine de Sundance, <em>RBG<\/em> (2018), <em>When Two Worlds Collide<\/em> (2016) y <em>Cesar&#8217;s Last Fast<\/em> (2014), aporta su arte y una profunda comprensi\u00f3n de su tema a una direcci\u00f3n sorprendente. debut.<\/p>\n\n\n\n<p class=\"wp-block-paragraph\">&nbsp;A trav\u00e9s de una cacofon\u00eda de ricas im\u00e1genes de archivo, m\u00fasica y anotaciones de diarios que cobran vida con alegr\u00eda, nos sumergimos en el mundo interior de Frida, sus miedos, sus arduas relaciones y los eventos que impulsaron sus indelebles creaciones art\u00edsticas. Guti\u00e9rrez nos gu\u00eda vibrantemente a trav\u00e9s de la compleja relaci\u00f3n de Frida con su propio trabajo, navegando por la tensi\u00f3n entre el arte como comercio y la pintura por placer y autoconocimiento.<\/p>\n\n\n\n<p class=\"wp-block-paragraph\">Con reverencia, consideraci\u00f3n y el color de la pura emoci\u00f3n, <em>FRIDA<\/em> nos invita a conocer a uno de los m\u00e1s grandes artistas del siglo XX de una manera completamente nueva.\u2014AS<\/p>\n\n\n\n<p class=\"wp-block-paragraph\"><em>Esta pel\u00edcula contiene desnudos.<\/em><\/p>\n\n\n\n<p class=\"wp-block-paragraph\"><em>Disponible en persona. Tambi\u00e9n disponible en l\u00ednea para el p\u00fablico (del 25 al 28 de enero) y para la prensa y la industria acreditadas (del 24 al 28 de enero).<\/em><\/p>\n\n\n\n<p class=\"wp-block-paragraph\">El cine, con su potencia y car\u00e1cter masivo, alimenta el imaginario colectivo. En \u00e9l, como resultado de una estructura ideol\u00f3gica tan conservadora como patriarcal, la heteronorma impone su mirada. La misma que desplaza y peyora a las identidades que escapan de su limitante configuraci\u00f3n del mundo. La promoci\u00f3n cinematogr\u00e1fica y documental es e DocsMx, cuya direcci\u00f3n ejecutiva est\u00e1 a cargo de Inti Cordera.<\/p>\n\n\n\n<p class=\"wp-block-paragraph\">DocsMx, es responsable del festival documental de la Ciudad de M\u00e9xico, que se realiza cada a\u00f1o.<\/p>\n","protected":false},"excerpt":{"rendered":"<p>Un viaje \u00edntimamente crudo y m\u00e1gico a trav\u00e9s de la vida, la mente y el coraz\u00f3n de la ic\u00f3nica artista Frida Kahlo. Contada a trav\u00e9s de sus propias palabras por primera vez, extra\u00eddas de su diario, cartas reveladoras, ensayos y entrevistas impresas, y cobrando vida v\u00edvidamente mediante una animaci\u00f3n l\u00edrica inspirada en su inolvidable obra de arte.<\/p>\n","protected":false},"author":3,"featured_media":76332,"comment_status":"open","ping_status":"open","sticky":false,"template":"","format":"standard","meta":{"_monsterinsights_skip_tracking":false,"footnotes":""},"categories":[748],"tags":[],"class_list":["post-76331","post","type-post","status-publish","format-standard","has-post-thumbnail","category-cultura-feminista"],"_links":{"self":[{"href":"https:\/\/redsemlac.com\/semmexico\/wp-json\/wp\/v2\/posts\/76331","targetHints":{"allow":["GET"]}}],"collection":[{"href":"https:\/\/redsemlac.com\/semmexico\/wp-json\/wp\/v2\/posts"}],"about":[{"href":"https:\/\/redsemlac.com\/semmexico\/wp-json\/wp\/v2\/types\/post"}],"author":[{"embeddable":true,"href":"https:\/\/redsemlac.com\/semmexico\/wp-json\/wp\/v2\/users\/3"}],"replies":[{"embeddable":true,"href":"https:\/\/redsemlac.com\/semmexico\/wp-json\/wp\/v2\/comments?post=76331"}],"version-history":[{"count":0,"href":"https:\/\/redsemlac.com\/semmexico\/wp-json\/wp\/v2\/posts\/76331\/revisions"}],"wp:featuredmedia":[{"embeddable":true,"href":"https:\/\/redsemlac.com\/semmexico\/wp-json\/wp\/v2\/media\/76332"}],"wp:attachment":[{"href":"https:\/\/redsemlac.com\/semmexico\/wp-json\/wp\/v2\/media?parent=76331"}],"wp:term":[{"taxonomy":"category","embeddable":true,"href":"https:\/\/redsemlac.com\/semmexico\/wp-json\/wp\/v2\/categories?post=76331"},{"taxonomy":"post_tag","embeddable":true,"href":"https:\/\/redsemlac.com\/semmexico\/wp-json\/wp\/v2\/tags?post=76331"}],"curies":[{"name":"wp","href":"https:\/\/api.w.org\/{rel}","templated":true}]}}