{"id":76327,"date":"2024-01-21T14:54:40","date_gmt":"2024-01-21T20:54:40","guid":{"rendered":"https:\/\/redsemlac.com\/semmexico\/?p=76327"},"modified":"2024-01-21T14:54:41","modified_gmt":"2024-01-21T20:54:41","slug":"juego-de-palabras-libertad-de-expresion-en-tiempos-electorales","status":"publish","type":"post","link":"https:\/\/redsemlac.com\/semmexico\/juego-de-palabras-libertad-de-expresion-en-tiempos-electorales\/","title":{"rendered":"Juego de Palabras| Libertad de expresi\u00f3n en tiempos electorales."},"content":{"rendered":"\n<p class=\"wp-block-paragraph\"><strong>Yaneth Tamayo \u00c1valos<\/strong><\/p>\n\n\n\n<p class=\"wp-block-paragraph\">SemM\u00e9xico, Quer\u00e9taro, Qro., 21 de enero, 2024.- En los pr\u00f3ximos meses, los partidos pol\u00edticos comenzar\u00e1n a revelar sus cartas y empezar\u00e1n a hacerle frente a la eterna campa\u00f1a de Andr\u00e9s Manuel L\u00f3pez Obrador, la pugna por el poder traer\u00e1 consigo una serie de transgresiones a la democracia y a los derechos civiles y pol\u00edticos de los mexicanos.<\/p>\n\n\n\n<p class=\"wp-block-paragraph\">En especial, con aquellos grupos que aun cuando no forman parte de la oposici\u00f3n pol\u00edtica, transparentan y hacen visible el abuso de poder, la corrupci\u00f3n, la violaci\u00f3n a derechos humanos y la impunidad.<\/p>\n\n\n\n<p class=\"wp-block-paragraph\">Y no es que sea algo nuevo, pero la informaci\u00f3n juega un papel importante en los procesos electorales.<\/p>\n\n\n\n<p class=\"wp-block-paragraph\">Por una parte, su funci\u00f3n es dotar al ciudadano de instrumentos que le faciliten tomar decisiones informadas y libres; y por otra, funge como un arma que puede jugar a favor o en contra de los grupos de poder.<\/p>\n\n\n\n<p class=\"wp-block-paragraph\">Por ello, es com\u00fan ver a personajes pol\u00edticos comport\u00e1ndose como celebridades frente a los medios de comunicaci\u00f3n, emitiendo discursos estridentes y agresivos cuando se les cuestiona por ocultar o minimizar la informaci\u00f3n sobre sus actos o al despertar suspicacias en torno a sus intereses privados, ya sean econ\u00f3micos o pol\u00edticos.<\/p>\n\n\n\n<p class=\"wp-block-paragraph\">Personajes que al sentirse expuestos, usan el servilismo de las instituciones para censurar, intimidar o violentar a aquellos periodistas, activistas y ciudadanos que los cuestionan.<\/p>\n\n\n\n<p class=\"wp-block-paragraph\">Violando y restringiendo el derecho de libertad de expresi\u00f3n de todos aquellos que ejercen su ciudadan\u00eda, provocando un aumento en el n\u00famero de agresiones f\u00edsicas e institucionales, as\u00ed como la impunidad en la que se mantienen las violaciones a los derechos humanos de las personas que deciden cuestionar los actos de estos funcionarios y pol\u00edticos.<\/p>\n\n\n\n<p class=\"wp-block-paragraph\">La utilizaci\u00f3n de controles indirectos, el sometimiento de la discrecionalidad de los impartidores de justicia, la influencia del poder y el dinero, han puesto en evidencia a un Estado d\u00e9bil y deficiente en el ejercicio de la democracia, en donde grupos de poder imponen sus criterios a una ciudadan\u00eda poco informada y participativa, neg\u00e1ndoles el ejercicio de un peso real en el \u00e1mbito de las tomas de decisiones.<\/p>\n\n\n\n<p class=\"wp-block-paragraph\">Lo anterior, se debe a la escasa tolerancia que tienen frente a las cr\u00edticas y la innegable pobreza en la calidad del debate y la cultura pol\u00edtica, en donde, sus actores se convierten en un producto que se comercializa a trav\u00e9s de la simplificaci\u00f3n de sus mensajes, para hacerlos atractivos y consumibles.<\/p>\n\n\n\n<p class=\"wp-block-paragraph\">O en que su actuaci\u00f3n pol\u00edtica sea calificada por su capacidad de persuasi\u00f3n y seducci\u00f3n de un grupo minoritario y no por una evaluaci\u00f3n racional de propuestas y de la informaci\u00f3n que emite.<\/p>\n\n\n\n<p class=\"wp-block-paragraph\">Lo que permite deducir que, estos personajes pol\u00edticos y funcionarios p\u00fablicos, consideran a la ciudadan\u00eda como un grupo de electores que solo pueden intervenir y tomar decisiones al momento de emitir un voto y no al momento de exigirles responsabilidad a estos pol\u00edticos; arrebat\u00e1ndoles con ello su calidad de ciudadanos al dejarlos solo como espectadores.&nbsp;&nbsp;&nbsp;<\/p>\n\n\n\n<p class=\"wp-block-paragraph\">Tal restricci\u00f3n no solo atenta contra la democracia, la participaci\u00f3n social y el compromiso c\u00edvico, sino que, contribuye a una situaci\u00f3n de impunidad y corrupci\u00f3n, al no permitir que la ciudadan\u00eda vigile el actuar y cuestione la responsabilidad de los sujetos que se comprometieron a administrar al Estado.<\/p>\n\n\n\n<p class=\"wp-block-paragraph\">De seguir colocando obst\u00e1culos en la democracia, solo se mantendr\u00e1 un Estado de Derecho limitado envuelto en serios problemas sociales, culturales y econ\u00f3micos.<\/p>\n\n\n\n<p class=\"wp-block-paragraph\">Es por lo anterior, que el Estado se debe comprometer a respetar y garantizar el ejercicio de la libertad de expresi\u00f3n, en el cual, los ciudadanos puedan expresarse sin el peligro de ser expuestos a severos castigos, por emitir cr\u00edticas sobre cuestiones pol\u00edticas, cr\u00edticas a funcionarios, al gobierno, al r\u00e9gimen, al orden socioecon\u00f3mico y a la ideolog\u00eda prevaleciente.<\/p>\n\n\n\n<p class=\"wp-block-paragraph\">En conclusi\u00f3n, respetar la libertad de expresi\u00f3n y posicionar al ciudadano como un sujeto con posibilidades jur\u00eddicas de exigir informaci\u00f3n, manifestar libremente sus ideas y, en ocasiones, participar en la conformaci\u00f3n de la opini\u00f3n p\u00fablica, otorgar\u00e1 credibilidad al Estado y a las instituciones, en el sentido de legitimar sus acciones frente a una sociedad que solo espera que sus demandas sociales contribuyan al bienestar social.<\/p>\n","protected":false},"excerpt":{"rendered":"<p>En los pr\u00f3ximos meses, los partidos pol\u00edticos comenzar\u00e1n a revelar sus cartas y empezar\u00e1n a hacerle frente a la eterna campa\u00f1a de Andr\u00e9s Manuel L\u00f3pez Obrador, la pugna por el poder traer\u00e1 consigo una serie de transgresiones a la democracia y a los derechos civiles y pol\u00edticos de los mexicanos.<\/p>\n","protected":false},"author":3,"featured_media":38546,"comment_status":"open","ping_status":"open","sticky":false,"template":"","format":"standard","meta":{"_monsterinsights_skip_tracking":false,"footnotes":""},"categories":[103,35,93],"tags":[],"class_list":["post-76327","post","type-post","status-publish","format-standard","has-post-thumbnail","category-juego-de-palabras","category-opinion","category-yaneth-tamayo-avalos"],"_links":{"self":[{"href":"https:\/\/redsemlac.com\/semmexico\/wp-json\/wp\/v2\/posts\/76327","targetHints":{"allow":["GET"]}}],"collection":[{"href":"https:\/\/redsemlac.com\/semmexico\/wp-json\/wp\/v2\/posts"}],"about":[{"href":"https:\/\/redsemlac.com\/semmexico\/wp-json\/wp\/v2\/types\/post"}],"author":[{"embeddable":true,"href":"https:\/\/redsemlac.com\/semmexico\/wp-json\/wp\/v2\/users\/3"}],"replies":[{"embeddable":true,"href":"https:\/\/redsemlac.com\/semmexico\/wp-json\/wp\/v2\/comments?post=76327"}],"version-history":[{"count":0,"href":"https:\/\/redsemlac.com\/semmexico\/wp-json\/wp\/v2\/posts\/76327\/revisions"}],"wp:featuredmedia":[{"embeddable":true,"href":"https:\/\/redsemlac.com\/semmexico\/wp-json\/wp\/v2\/media\/38546"}],"wp:attachment":[{"href":"https:\/\/redsemlac.com\/semmexico\/wp-json\/wp\/v2\/media?parent=76327"}],"wp:term":[{"taxonomy":"category","embeddable":true,"href":"https:\/\/redsemlac.com\/semmexico\/wp-json\/wp\/v2\/categories?post=76327"},{"taxonomy":"post_tag","embeddable":true,"href":"https:\/\/redsemlac.com\/semmexico\/wp-json\/wp\/v2\/tags?post=76327"}],"curies":[{"name":"wp","href":"https:\/\/api.w.org\/{rel}","templated":true}]}}