{"id":76308,"date":"2024-01-20T13:55:37","date_gmt":"2024-01-20T19:55:37","guid":{"rendered":"https:\/\/redsemlac.com\/semmexico\/?p=76308"},"modified":"2024-01-20T13:56:21","modified_gmt":"2024-01-20T19:56:21","slug":"si-a-las-mujeres-nos-va-bien-le-ira-bien-a-mexico-afirma-rocio-nahle","status":"publish","type":"post","link":"https:\/\/redsemlac.com\/semmexico\/si-a-las-mujeres-nos-va-bien-le-ira-bien-a-mexico-afirma-rocio-nahle\/","title":{"rendered":"Si a las Mujeres nos va bien, le ir\u00e1 bien a M\u00e9xico afirma Roc\u00edo Nahle"},"content":{"rendered":"\n<p class=\"wp-block-paragraph\">Es tiempo de mujeres, su influencia ser\u00e1 fundamental para la victoria, pero, defendi\u00f3 a la familia<\/p>\n\n\n\n<p class=\"wp-block-paragraph\">Como oficialista, aclar\u00f3: pero tambi\u00e9n es tiempo de caminar en equidad e igualdad con los hombres: nadie es m\u00e1s, pero tampoco menos.<\/p>\n\n\n\n<p class=\"wp-block-paragraph\">Redacci\u00f3n<\/p>\n\n\n\n<p class=\"wp-block-paragraph\">SemM\u00e9xico\/BillieParkerNoticias, Chacaltianguis, Veracruz&nbsp; 20 de enero, 2024.- Las mujeres son protagonistas de una etapa hist\u00f3rica donde cada vez acceden a mejores oportunidades por su capacidad, preparaci\u00f3n y porque est\u00e1n conscientes que el trabajo en equipo y la solidaridad entre ellas mismas ser\u00e1 un factor preponderante para la victoria, asegur\u00f3 la precandidata \u00fanica a la gubernatura de Morena, PT, Partido Verde y Fuerza por M\u00e9xico en Veracruz, Roc\u00edo Nahle Garc\u00eda.<\/p>\n\n\n\n<p class=\"wp-block-paragraph\">En Chacaltianguis, \u201cLa Esmeralda del Papaloapan\u201d, Roc\u00edo Nahle dirigi\u00f3 un mensaje emotivo y con gran significado para el g\u00e9nero femenino donde subray\u00f3 que vivimos una etapa especialmente importante para las mujeres de M\u00e9xico y de Veracruz al tiempo que aclar\u00f3 que esto no significa que los hombres est\u00e9n excluidos de este proyecto transformador, al contrario, caminar juntos, con respeto es garant\u00eda porque el trabajo en equipo da mejores resultados.<\/p>\n\n\n\n<p class=\"wp-block-paragraph\">Record\u00f3 que en el seno de la familia mexicana, base de nuestra sociedad, si una mujer est\u00e1 bien, el entorno familiar tambi\u00e9n lo estar\u00e1.<\/p>\n\n\n\n<p class=\"wp-block-paragraph\">\u201cCuando una mujer est\u00e1 bien, toda la familia est\u00e1 bien, el entorno del hogar est\u00e1 bien, si una mujer tiene lo m\u00e1s elemental, sus actividades, aqu\u00ed es una zona de artesanos, aqu\u00ed hacen unas prendas de lujo, son las mujeres, entonces las mujeres requerimos entre nosotras, se le llama ahora sororidad pero yo le digo solidaridad porque si nos va bien a nosotras nos va bien a todos, a nuestros hijos, a nuestro entorno, a nuestra pareja y podemos caminar con los hombres, esto no se trata de yo soy m\u00e1s o yo soy menos, no, esto se trata de equidad, de caminar juntos para que nuestra sociedad sea una mejor comunidad, de eso se trata\u201d, expres\u00f3.<\/p>\n\n\n\n<p class=\"wp-block-paragraph\">Aqu\u00ed, en la Cuenca del Papaloapan, Roc\u00edo Nahle subray\u00f3 que sue\u00f1a con un Veracruz que utilice todo su potencial y en este trayecto \u201clas mujeres y los hombres nos van a ayudar\u201d, asegur\u00f3.<\/p>\n\n\n\n<p class=\"wp-block-paragraph\">Esta visi\u00f3n humanista solo es posible con la Cuarta Transformaci\u00f3n cuya l\u00ednea de acci\u00f3n es eminentemente social.<\/p>\n\n\n\n<p class=\"wp-block-paragraph\">\u201cLas mujeres tienen una participaci\u00f3n activa cosa que me da much\u00edsimo gusto y ellas y ustedes los hombres, los varones nos van a ayudar en esta organizaci\u00f3n para mantener la unidad, para mantener la Cuarta Transformaci\u00f3n\u201d, agreg\u00f3.<\/p>\n\n\n\n<p class=\"wp-block-paragraph\">Por este motivo, a\u00f1adi\u00f3, asumi\u00f3 con pasi\u00f3n y una gran responsabilidad esta encomienda porque el movimiento, los veracruzanos, las veracruzanas y nuestros simpatizantes la han colocado en este sitio para abanderar el proyecto rumbo a la gubernatura de Veracruz.<\/p>\n\n\n\n<p class=\"wp-block-paragraph\">Sin embargo, el m\u00e9rito femenino no debe relegarse, porque si se han abierto puertas antes eternamente cerradas, se debe a que se han preparado para este momento que la historia les deb\u00eda.<\/p>\n\n\n\n<p class=\"wp-block-paragraph\">\u201cLas mujeres nos hemos preparado, nos hemos preparado pol\u00edtica y profesionalmente para dirigir una naci\u00f3n, para dirigir un estado y tener la sensibilidad social con todos pero en especial entre nosotras\u201d, concluy\u00f3.<\/p>\n","protected":false},"excerpt":{"rendered":"<p>Las mujeres son protagonistas de una etapa hist\u00f3rica donde cada vez acceden a mejores oportunidades por su capacidad, preparaci\u00f3n y porque est\u00e1n conscientes que el trabajo en equipo y la solidaridad entre ellas mismas ser\u00e1 un factor preponderante para la victoria<\/p>\n","protected":false},"author":3,"featured_media":76309,"comment_status":"open","ping_status":"open","sticky":false,"template":"","format":"standard","meta":{"_monsterinsights_skip_tracking":false,"footnotes":""},"categories":[27,141],"tags":[],"class_list":["post-76308","post","type-post","status-publish","format-standard","has-post-thumbnail","category-cobertura-especial","category-elecciones-2020-2021"],"_links":{"self":[{"href":"https:\/\/redsemlac.com\/semmexico\/wp-json\/wp\/v2\/posts\/76308","targetHints":{"allow":["GET"]}}],"collection":[{"href":"https:\/\/redsemlac.com\/semmexico\/wp-json\/wp\/v2\/posts"}],"about":[{"href":"https:\/\/redsemlac.com\/semmexico\/wp-json\/wp\/v2\/types\/post"}],"author":[{"embeddable":true,"href":"https:\/\/redsemlac.com\/semmexico\/wp-json\/wp\/v2\/users\/3"}],"replies":[{"embeddable":true,"href":"https:\/\/redsemlac.com\/semmexico\/wp-json\/wp\/v2\/comments?post=76308"}],"version-history":[{"count":0,"href":"https:\/\/redsemlac.com\/semmexico\/wp-json\/wp\/v2\/posts\/76308\/revisions"}],"wp:featuredmedia":[{"embeddable":true,"href":"https:\/\/redsemlac.com\/semmexico\/wp-json\/wp\/v2\/media\/76309"}],"wp:attachment":[{"href":"https:\/\/redsemlac.com\/semmexico\/wp-json\/wp\/v2\/media?parent=76308"}],"wp:term":[{"taxonomy":"category","embeddable":true,"href":"https:\/\/redsemlac.com\/semmexico\/wp-json\/wp\/v2\/categories?post=76308"},{"taxonomy":"post_tag","embeddable":true,"href":"https:\/\/redsemlac.com\/semmexico\/wp-json\/wp\/v2\/tags?post=76308"}],"curies":[{"name":"wp","href":"https:\/\/api.w.org\/{rel}","templated":true}]}}