{"id":76303,"date":"2024-01-19T16:14:34","date_gmt":"2024-01-19T22:14:34","guid":{"rendered":"https:\/\/redsemlac.com\/semmexico\/?p=76303"},"modified":"2024-01-19T16:14:34","modified_gmt":"2024-01-19T22:14:34","slug":"resuelve-el-info-cdmx-25-de-casos-a-favor-de-los-sujetos-obligados","status":"publish","type":"post","link":"https:\/\/redsemlac.com\/semmexico\/resuelve-el-info-cdmx-25-de-casos-a-favor-de-los-sujetos-obligados\/","title":{"rendered":"Resuelve el INFO CDMX 25 % de casos a favor de los sujetos obligados"},"content":{"rendered":"\n<ul class=\"wp-block-list\">\n<li><strong>Presenta comisionado presidente informe de labores<\/strong><\/li>\n<\/ul>\n\n\n\n<ul class=\"wp-block-list\">\n<li><strong>Entre los m\u00e1s relevante el env\u00edo de una iniciativa de ley y carta de derechos en el entorno digital<\/strong><\/li>\n<\/ul>\n\n\n\n<p class=\"wp-block-paragraph\"><strong>Micaela M\u00e1rquez<\/strong><\/p>\n\n\n\n<p class=\"wp-block-paragraph\">SemM\u00e9xico. Ciudad de M\u00e9xico, 19 de enero 2024.- Solo en 27 (25 %) casos de los 105 resueltos fueron resueltos a favor del sujeto obligado, se inform\u00f3 en la primera sesi\u00f3n del pleno del Instituto de Transparencia, Acceso a la Informaci\u00f3n P\u00fablica, Protecci\u00f3n de Datos Personales y Rendici\u00f3n de Cuentas de la Ciudad de M\u00e9xico (INFO CDMX) en su primera sesi\u00f3n ordinaria del 2024.<\/p>\n\n\n\n<p class=\"wp-block-paragraph\">El comisionado presidente del \u00f3rgano garante, Ar\u00edstides Rodrigo Guerrero Garc\u00eda, precis\u00f3 que \u00fanicamente en 10 casos se confirm\u00f3 la respuesta otorgada por el sujeto obligado, mientras que en 17 se sobresey\u00f3 por quedar sin materia, ya que la informaci\u00f3n requerida fue entregada al solicitante.<\/p>\n\n\n\n<p class=\"wp-block-paragraph\">Asimismo, en 46 se determin\u00f3 modificar la respuesta; en 18 se revoc\u00f3 y en un caso se orden\u00f3 dar vista al \u00f3rgano interno de control.<\/p>\n\n\n\n<h2 class=\"wp-block-heading\"><strong>Iniciativa de Ley y Carta de Derechos en el entorno digital<\/strong><\/h2>\n\n\n\n<p class=\"wp-block-paragraph\">En el informe del comisionado presidente se indic\u00f3 que en el \u00faltimo trienio del 2023, se present\u00f3 ante el Congreso de la Ciudad de M\u00e9xico, la Iniciativa de Ley que para que los Portales de los Sujetos Obligados de la CDMX sean cien por ciento accesibles, as\u00ed como la presentaci\u00f3n de la Carta de Derechos de la Persona en el Entorno Digital, que fue aprobada por el Consejo Nacional del Sistema Nacional de Transparencia.<\/p>\n\n\n\n<p class=\"wp-block-paragraph\">En octubre se present\u00f3 la iniciativa en el Congreso de la Ciudad de M\u00e9xico tiene como objetivo fundamental asegurar que los 146 sujetos obligados de la ciudad implementen herramientas de accesibilidad web para todas las personas, especialmente aquellas con discapacidad, que representa un paso adelante en materia de derechos humanos.<\/p>\n\n\n\n<p class=\"wp-block-paragraph\">La Carta de Derechos de las Personas en el Entorno Digital es un c\u00f3digo de buenas pr\u00e1cticas, no vinculante, que contiene conductas, valores y principios deseables para la protecci\u00f3n de los derechos humanos de las personas usuarias de Internet y las TIC.<\/p>\n\n\n\n<p class=\"wp-block-paragraph\">Destaca el cap\u00edtulo dedicado a los derechos de las personas en situaci\u00f3n de vulnerabilidad, particularmente a personas con discapacidad, adultas mayores, infancia y juventudes, mujeres y personas pertenecientes a pueblos originarios.<\/p>\n\n\n\n<p class=\"wp-block-paragraph\">Incluye aspectos novedosos, como neuroderechos, derechos de personas en situaci\u00f3n de vulnerabilidad y \u00e9tica en el uso de la Inteligencia Artificial.<\/p>\n\n\n\n<p class=\"wp-block-paragraph\">La primer sesi\u00f3n del pleno presidida por Guerrero Garc\u00eda, y las personas comisionadas ciudadanas Julio C\u00e9sar Bonilla Guti\u00e9rrez, Laura Lizette Enr\u00edquez Rodr\u00edguez, Mar\u00eda del Carmen Nava Polina y Marina San Mart\u00edn Rebolloso, resolvieron un total de 95 recursos de revisi\u00f3n en materia de solicitudes de acceso a la informaci\u00f3n p\u00fablica, y 10 en materia de derechos de acceso, rectificaci\u00f3n, cancelaci\u00f3n y oposici\u00f3n (ARCO) a datos personales, adem\u00e1s de desahogar dos proyectos de resoluci\u00f3n en cumplimiento a recursos de inconformidad y 11 denuncias.<\/p>\n\n\n\n<p class=\"wp-block-paragraph\">La comisionada Enr\u00edquez Rodr\u00edguez coment\u00f3 que en lo que va de este mes, con corte al d\u00eda 15 de enero, se han recibido 983 medios de impugnaci\u00f3n, de los cuales 112 corresponden a recursos de revisi\u00f3n en materia de acceso a la informaci\u00f3n p\u00fablica.<\/p>\n\n\n\n<p class=\"wp-block-paragraph\">Mientras que la comisionada Nava Polina, entreg\u00f3 el reporte correspondiente al periodo del 18 al 22 de diciembre de 2023. Asimismo, record\u00f3 a las instancias p\u00fablicas que obtuvieron menos de cien puntos en la Evaluaci\u00f3n Censal 2023, que el plazo para atender las recomendaciones realizadas por este Instituto, concluye el pr\u00f3ximo 25 de enero.<\/p>\n\n\n\n<p class=\"wp-block-paragraph\">En Asuntos Generales rindieron los cuartos informes trimestrales de 2023 la comisionada San Mart\u00edn Rebolloso, en las que destac\u00f3 sus actividades como integrante del Sistema Nacional de Transparencia, as\u00ed como coordinadora del \u00e1rea de capacitaci\u00f3n del Instituto. &nbsp;<\/p>\n\n\n\n<p class=\"wp-block-paragraph\">El comisionado Bonilla Guti\u00e9rrez hizo menci\u00f3n especial a las Jornadas Universitarias por la Transparencia y la Privacidad, as\u00ed como la Segunda Feria de la Transparencia en la Alcald\u00eda Milpa Alta y las Caravanas por la Transparencia y la Privacidad.<\/p>\n\n\n\n<p class=\"wp-block-paragraph\">SEM\/mm\/sj<\/p>\n","protected":false},"excerpt":{"rendered":"<p>Entre los m\u00e1s relevante el env\u00edo de una iniciativa de ley y carta de derechos en el entorno digital<\/p>\n","protected":false},"author":3,"featured_media":76304,"comment_status":"open","ping_status":"open","sticky":false,"template":"","format":"standard","meta":{"_monsterinsights_skip_tracking":false,"footnotes":""},"categories":[682],"tags":[],"class_list":["post-76303","post","type-post","status-publish","format-standard","has-post-thumbnail","category-noticias"],"_links":{"self":[{"href":"https:\/\/redsemlac.com\/semmexico\/wp-json\/wp\/v2\/posts\/76303","targetHints":{"allow":["GET"]}}],"collection":[{"href":"https:\/\/redsemlac.com\/semmexico\/wp-json\/wp\/v2\/posts"}],"about":[{"href":"https:\/\/redsemlac.com\/semmexico\/wp-json\/wp\/v2\/types\/post"}],"author":[{"embeddable":true,"href":"https:\/\/redsemlac.com\/semmexico\/wp-json\/wp\/v2\/users\/3"}],"replies":[{"embeddable":true,"href":"https:\/\/redsemlac.com\/semmexico\/wp-json\/wp\/v2\/comments?post=76303"}],"version-history":[{"count":0,"href":"https:\/\/redsemlac.com\/semmexico\/wp-json\/wp\/v2\/posts\/76303\/revisions"}],"wp:featuredmedia":[{"embeddable":true,"href":"https:\/\/redsemlac.com\/semmexico\/wp-json\/wp\/v2\/media\/76304"}],"wp:attachment":[{"href":"https:\/\/redsemlac.com\/semmexico\/wp-json\/wp\/v2\/media?parent=76303"}],"wp:term":[{"taxonomy":"category","embeddable":true,"href":"https:\/\/redsemlac.com\/semmexico\/wp-json\/wp\/v2\/categories?post=76303"},{"taxonomy":"post_tag","embeddable":true,"href":"https:\/\/redsemlac.com\/semmexico\/wp-json\/wp\/v2\/tags?post=76303"}],"curies":[{"name":"wp","href":"https:\/\/api.w.org\/{rel}","templated":true}]}}