{"id":76299,"date":"2024-01-19T16:09:29","date_gmt":"2024-01-19T22:09:29","guid":{"rendered":"https:\/\/redsemlac.com\/semmexico\/?p=76299"},"modified":"2024-01-19T16:09:29","modified_gmt":"2024-01-19T22:09:29","slug":"conmemoran-con-mural-75-anos-de-la-declaracion-universal-de-los-derechos-humanos","status":"publish","type":"post","link":"https:\/\/redsemlac.com\/semmexico\/conmemoran-con-mural-75-anos-de-la-declaracion-universal-de-los-derechos-humanos\/","title":{"rendered":"Conmemoran con mural 75 a\u00f1os de la Declaraci\u00f3n Universal de los Derechos Humanos"},"content":{"rendered":"\n<ul class=\"wp-block-list\">\n<li><strong>Participan estudiantes y profesorado de la Facultad de Artes y Dise\u00f1o de la UNAM<\/strong><\/li>\n<\/ul>\n\n\n\n<ul class=\"wp-block-list\">\n<li><strong>Utilizan 25 tipograf\u00edas diferentes como reflejo de la diversidad<\/strong><\/li>\n<\/ul>\n\n\n\n<p class=\"wp-block-paragraph\"><strong>Redacci\u00f3n<\/strong><\/p>\n\n\n\n<p class=\"wp-block-paragraph\">SemM\u00e9xico, Ciudad de M\u00e9xico, 19 de enero, 2024.- Estudiantes de la Facultad de Artes y Dise\u00f1o utilizaron 25 tipograf\u00edas diferentes en un mural en el que representan un ejemplo de la diversidad de las personas que se benefician de los derechos inscritos en la Declaraci\u00f3n Universal de los Derechos Humanos.<\/p>\n\n\n\n<p class=\"wp-block-paragraph\">En un esfuerzo por promover la&nbsp;<a href=\"https:\/\/www.ohchr.org\/es\/universal-declaration-of-human-rights\" target=\"_blank\" rel=\"noreferrer noopener\">Declaraci\u00f3n Universal de los Derechos Humanos<\/a>&nbsp;en su 75 aniversario, estudiantes de la Facultad de Artes y Dise\u00f1o de la Universidad Nacional Aut\u00f3noma de M\u00e9xico (UNAM) han creado un mural de gran formato en las instalaciones de este campus, en el que, con representaciones caligraf\u00edas y tipogr\u00e1ficas, reflexionan sobre la importancia y vigencia de este instrumento internacional.<\/p>\n\n\n\n<p class=\"wp-block-paragraph\">Alrededor de 80 alumnos y alumnas de la Facultad de Artes y Dise\u00f1o participaron en la elaboraci\u00f3n de este mural, asesorados por el artista internacional&nbsp;<a href=\"https:\/\/lettreurandgold.com\/\" target=\"_blank\" rel=\"noreferrer noopener\">Vincent Audoin<\/a>, que ha incursionado con su talento en el campo del cine, su trabajo de caligraf\u00eda ha sido fundamental para capturar la est\u00e9tica y el estilo distintivo de varias pel\u00edculas.<\/p>\n\n\n\n<p class=\"wp-block-paragraph\">Tambi\u00e9n contaron con el acompa\u00f1amiento de la Oficina del Alto Comisionado de las Naciones Unidas para los Derechos Humanos en M\u00e9xico, que imparti\u00f3 un taller en la Universidad sobre la importancia de la Declaraci\u00f3n.<\/p>\n\n\n\n<p class=\"wp-block-paragraph\">El director de la Facultad, Mauricio de Jes\u00fas Ju\u00e1rez Serv\u00edn, se\u00f1al\u00f3 que esta actividad en la que particip\u00f3 profesorado, estudiantes y artistas profesionales, abre el abanico para una gran cantidad de mensajes intr\u00ednsecos en las im\u00e1genes.<\/p>\n\n\n\n<figure class=\"wp-block-image size-large\"><a href=\"https:\/\/redsemlac.com\/semmexico\/wp-content\/uploads\/2024\/01\/ONU-MEXICO-1.jpeg\"><img decoding=\"async\" src=\"https:\/\/redsemlac.com\/semmexico\/wp-content\/uploads\/2024\/01\/ONU-MEXICO-1-1024x464.jpeg\" alt=\"\" class=\"wp-image-76300\"\/><\/a><\/figure>\n\n\n\n<p class=\"wp-block-paragraph\">La instalaci\u00f3n art\u00edstica demuestra c\u00f3mo, a trav\u00e9s de la colaboraci\u00f3n y el compromiso, es posible generar un impacto positivo en la sociedad para que conozca sus derechos y pueda ejercerlos.<\/p>\n\n\n\n<p class=\"wp-block-paragraph\">Este proyecto inspirador no solo fomenta los Derechos Humanos, sino que tambi\u00e9n impulsa a esta importante instituci\u00f3n acad\u00e9mica a ser garante de estos ya que, como dijo Mauricio de Jes\u00fas \u201clo que tiene que regirnos es un par\u00e1metro \u00e9tico de responsabilidad social\u201d.<\/p>\n\n\n\n<p class=\"wp-block-paragraph\">En ese sentido, la profesora Paulina Cort\u00e9s coment\u00f3 que \u201ceso es lo que el arte apoya, a trav\u00e9s de las historias, de lo sensible y de lo est\u00e9tico\u201d.<\/p>\n\n\n\n<p class=\"wp-block-paragraph\">Para Vincent Audoin, \u201clo m\u00e1s importante es recordarle a la gente que todos debemos ser iguales, sin importar la raza, el color, el g\u00e9nero\u2026 que todos somos humanos despu\u00e9s de todo\u201d.<\/p>\n\n\n\n<p class=\"wp-block-paragraph\">El reconocido artista dijo que lo que pretend\u00eda con el mural era \u201ctransmitir ese mensaje a trav\u00e9s de las letras, dibujos y pinturas\u201d.<\/p>\n\n\n\n<p class=\"wp-block-paragraph\">SEM\/sj<\/p>\n","protected":false},"excerpt":{"rendered":"<p>Utilizan 25 tipograf\u00edas diferentes como reflejo de la diversidad<\/p>\n","protected":false},"author":3,"featured_media":76301,"comment_status":"open","ping_status":"open","sticky":false,"template":"","format":"standard","meta":{"_monsterinsights_skip_tracking":false,"footnotes":""},"categories":[682],"tags":[],"class_list":["post-76299","post","type-post","status-publish","format-standard","has-post-thumbnail","category-noticias"],"_links":{"self":[{"href":"https:\/\/redsemlac.com\/semmexico\/wp-json\/wp\/v2\/posts\/76299","targetHints":{"allow":["GET"]}}],"collection":[{"href":"https:\/\/redsemlac.com\/semmexico\/wp-json\/wp\/v2\/posts"}],"about":[{"href":"https:\/\/redsemlac.com\/semmexico\/wp-json\/wp\/v2\/types\/post"}],"author":[{"embeddable":true,"href":"https:\/\/redsemlac.com\/semmexico\/wp-json\/wp\/v2\/users\/3"}],"replies":[{"embeddable":true,"href":"https:\/\/redsemlac.com\/semmexico\/wp-json\/wp\/v2\/comments?post=76299"}],"version-history":[{"count":0,"href":"https:\/\/redsemlac.com\/semmexico\/wp-json\/wp\/v2\/posts\/76299\/revisions"}],"wp:featuredmedia":[{"embeddable":true,"href":"https:\/\/redsemlac.com\/semmexico\/wp-json\/wp\/v2\/media\/76301"}],"wp:attachment":[{"href":"https:\/\/redsemlac.com\/semmexico\/wp-json\/wp\/v2\/media?parent=76299"}],"wp:term":[{"taxonomy":"category","embeddable":true,"href":"https:\/\/redsemlac.com\/semmexico\/wp-json\/wp\/v2\/categories?post=76299"},{"taxonomy":"post_tag","embeddable":true,"href":"https:\/\/redsemlac.com\/semmexico\/wp-json\/wp\/v2\/tags?post=76299"}],"curies":[{"name":"wp","href":"https:\/\/api.w.org\/{rel}","templated":true}]}}