{"id":76289,"date":"2024-01-19T13:53:14","date_gmt":"2024-01-19T19:53:14","guid":{"rendered":"https:\/\/redsemlac.com\/semmexico\/?p=76289"},"modified":"2024-01-19T13:53:15","modified_gmt":"2024-01-19T19:53:15","slug":"inseguridad-afecta-el-gasto-de-familias-mexicanas","status":"publish","type":"post","link":"https:\/\/redsemlac.com\/semmexico\/inseguridad-afecta-el-gasto-de-familias-mexicanas\/","title":{"rendered":"Inseguridad afecta el gasto de familias mexicanas"},"content":{"rendered":"\n<p class=\"wp-block-paragraph\"><strong>* Mujeres quienes m\u00e1s se sienten inseguras<\/strong><\/p>\n\n\n\n<p class=\"wp-block-paragraph\"><strong>* La sociedad modifica h\u00e1bitos y rutinas para protegerse<\/strong><\/p>\n\n\n\n<p class=\"wp-block-paragraph\"><strong>Redacci\u00f3n&nbsp;<\/strong><\/p>\n\n\n\n<p class=\"wp-block-paragraph\">SemM\u00e9xico, Cd. de M\u00e9xico, 19 de enero, 2024.- La inseguridad afect\u00f3 el gasto de los hogares mexicanos, pese a que la macroeconom\u00eda cerr\u00f3 de manera positiva y son las mujeres quienes m\u00e1s se sienten inseguras en el pa\u00eds.<\/p>\n\n\n\n<p class=\"wp-block-paragraph\">La Encuesta Nacional de Seguridad P\u00fablica Urbana (ENSU) correspondiente al cuarto trimestre de 2023 arroja que en diciembre de 2023 a nivel nacional el 59.1 por ciento de la poblaci\u00f3n de 18 a\u00f1os y m\u00e1s consider\u00f3 inseguro vivir en su ciudad, consideraci\u00f3n que se aplica en 75 ciudades del pa\u00eds.<\/p>\n\n\n\n<p class=\"wp-block-paragraph\">Lo anterior representa un cambio estad\u00edsticamente significativo con relaci\u00f3n a los porcentajes registrados en septiembre de 2023 que fue de 61.4 por ciento.<\/p>\n\n\n\n<p class=\"wp-block-paragraph\">Durante diciembre de 2023, 64.8 por ciento de las mujeres y 52.3 por ciento de los hombres consideraron que es inseguro vivir en su ciudad.<\/p>\n\n\n\n<p class=\"wp-block-paragraph\">La percepci\u00f3n de inseguridad ha modificado la cotidianeidad de la sociedad. Durante el cuarto trimestre de 2023, 48.1 por ciento de la poblaci\u00f3n de 18 a\u00f1os y m\u00e1s, residente en las ciudades objeto de estudio, manifest\u00f3 que modific\u00f3 sus h\u00e1bitos respecto a llevar cosas de valor, como joyas, dinero o tarjetas de cr\u00e9dito, por temor a sufrir alg\u00fan delito.<\/p>\n\n\n\n<p class=\"wp-block-paragraph\">Adem\u00e1s, 42.5 por ciento cambi\u00f3 rutinas en cuanto a permitir que sus hijos o hijas menores salgan de su vivienda, 42.1 por ciento reconoci\u00f3 haber variado h\u00e1bitos de caminar por los alrededores de su vivienda<\/p>\n\n\n\n<p class=\"wp-block-paragraph\">despu\u00e9s de las ocho de la noche y 27.4 por ciento modific\u00f3 rutinas relacionadas con visitar parientes o amistades.<\/p>\n\n\n\n<p class=\"wp-block-paragraph\">En cuanto a la percepci\u00f3n de inseguridad en espacios f\u00edsicos espec\u00edficos, en diciembre de 2023, 70.6 por ciento de la poblaci\u00f3n manifest\u00f3 sentirse insegura en los cajeros autom\u00e1ticos localizados en la v\u00eda p\u00fablica; 64.1 por ciento, en el transporte p\u00fablico; 55 por ciento en el banco y 53.2 por ciento, en las calles que habitualmente transita.<\/p>\n\n\n\n<p class=\"wp-block-paragraph\">El incremento de la inseguridad afect\u00f3 el comportamiento mensual del consumo privado en el \u00faltimo trimestre del a\u00f1o reci\u00e9n terminado. Ello a pesar de que en diciembre hubo sobre sueldos resultado de aguinaldos, cajas de ahorros, tandas, etc\u00e9tera.<\/p>\n\n\n\n<p class=\"wp-block-paragraph\">El Indicador Oportuno del Consumo Privado (IOCP) evalu\u00f3 que el gasto que realizaron empresas, familias e individuos en M\u00e9xico mostr\u00f3 una desaceleraci\u00f3n, al estimar un avance anual de 5.1 por ciento en noviembre y de 4.5 por ciento en diciembre pasados.<\/p>\n\n\n\n<p class=\"wp-block-paragraph\">La evoluci\u00f3n del Indicador Mensual del Consumo Privado en el mercado interno arroj\u00f3 que en octubre disminuy\u00f3 0.3 por ciento; en noviembre se estim\u00f3 un avance mensual de 0.1 por ciento, no obstante, en diciembre se gener\u00f3 un estancamiento al no reportar crecimiento.<\/p>\n\n\n\n<p class=\"wp-block-paragraph\">Adem\u00e1s, en diciembre 384 mil 882 personas perdieron su empleo formal por el cierre de plantas de producci\u00f3n, el t\u00e9rmino de trabajos en obras temporales, cierres productivos y ventas de temporada, relacionados con sectores como manufactura, comercio y servicios.<\/p>\n\n\n\n<p class=\"wp-block-paragraph\">Por otro lado, en diciembre de 2023, el \u00cdndice Nacional de Precios al Consumidor (INPC) registr\u00f3 un incremento de 0.71 puntos porcentuales respecto a noviembre de 2023 que fue de 0.64 por ciento con relaci\u00f3n a octubre que tuvo un comportamiento de 0.38 por ciento.<\/p>\n\n\n\n<p class=\"wp-block-paragraph\">Es importante destacar que el \u00cdndice de Confianza del Consumidor de diciembre de 2023 destaca que la situaci\u00f3n econ\u00f3mica esperada de los miembros del hogar dentro de 12 meses, respecto a la actual es de 57.3 puntos, por lo que las posibilidades en el momento actual de las y los integrantes del hogar, comparadas con las de hace un a\u00f1o, para realizar compras de muebles, televisor, lavadora, otros aparatos electrodom\u00e9sticos, etc. es de 31.4 puntos.<\/p>\n\n\n\n<p class=\"wp-block-paragraph\">En tanto, el 32.9 por ciento de la poblaci\u00f3n de 18 a\u00f1os y m\u00e1s consider\u00f3 que, en los pr\u00f3ximos 12 meses, la situaci\u00f3n de la delincuencia e inseguridad en su ciudad seguir\u00e1 igual de mal. Por otra parte, 23.4 puntos porcentuales de la poblaci\u00f3n refiri\u00f3 que la situaci\u00f3n empeorar\u00e1 en los pr\u00f3ximos 12 meses. En contraste, 19.5 por ciento de<\/p>\n\n\n\n<p class=\"wp-block-paragraph\">la poblaci\u00f3n de 18 a\u00f1os y m\u00e1s dijo que la situaci\u00f3n de la delincuencia e inseguridad en su ciudad seguir\u00e1 igual de bien y 22.7 por ciento manifest\u00f3 que mejorar\u00e1.<\/p>\n\n\n\n<p class=\"wp-block-paragraph\">En s\u00edntesis, inseguridad, inflaci\u00f3n y desempleo inciden en la reducci\u00f3n del ingreso laboral y disminuci\u00f3n del gasto monetario de los hogares, adem\u00e1s de las elevadas tasas de inter\u00e9s, que afectan poder adquisitivo de 38 millones 453 mil personas que representan el 66.53 puntos porcentuales de la poblaci\u00f3n econ\u00f3micamente ocupada que perciben entre uno y dos salarios m\u00ednimos y no alcanzan a cubrir el m\u00ednimo de la canasta b\u00e1sica, que en diciembre tuvo un alza mensual de 0.74 y de 4.30 por ciento a tasa anual.<\/p>\n","protected":false},"excerpt":{"rendered":"<p>Durante diciembre de 2023, 64.8 por ciento de las mujeres y 52.3 por ciento de los hombres consideraron que es inseguro vivir en su ciudad.<\/p>\n","protected":false},"author":3,"featured_media":76290,"comment_status":"open","ping_status":"open","sticky":false,"template":"","format":"standard","meta":{"_monsterinsights_skip_tracking":false,"footnotes":""},"categories":[702],"tags":[],"class_list":["post-76289","post","type-post","status-publish","format-standard","has-post-thumbnail","category-economia"],"_links":{"self":[{"href":"https:\/\/redsemlac.com\/semmexico\/wp-json\/wp\/v2\/posts\/76289","targetHints":{"allow":["GET"]}}],"collection":[{"href":"https:\/\/redsemlac.com\/semmexico\/wp-json\/wp\/v2\/posts"}],"about":[{"href":"https:\/\/redsemlac.com\/semmexico\/wp-json\/wp\/v2\/types\/post"}],"author":[{"embeddable":true,"href":"https:\/\/redsemlac.com\/semmexico\/wp-json\/wp\/v2\/users\/3"}],"replies":[{"embeddable":true,"href":"https:\/\/redsemlac.com\/semmexico\/wp-json\/wp\/v2\/comments?post=76289"}],"version-history":[{"count":0,"href":"https:\/\/redsemlac.com\/semmexico\/wp-json\/wp\/v2\/posts\/76289\/revisions"}],"wp:featuredmedia":[{"embeddable":true,"href":"https:\/\/redsemlac.com\/semmexico\/wp-json\/wp\/v2\/media\/76290"}],"wp:attachment":[{"href":"https:\/\/redsemlac.com\/semmexico\/wp-json\/wp\/v2\/media?parent=76289"}],"wp:term":[{"taxonomy":"category","embeddable":true,"href":"https:\/\/redsemlac.com\/semmexico\/wp-json\/wp\/v2\/categories?post=76289"},{"taxonomy":"post_tag","embeddable":true,"href":"https:\/\/redsemlac.com\/semmexico\/wp-json\/wp\/v2\/tags?post=76289"}],"curies":[{"name":"wp","href":"https:\/\/api.w.org\/{rel}","templated":true}]}}