{"id":76259,"date":"2024-01-19T11:24:39","date_gmt":"2024-01-19T17:24:39","guid":{"rendered":"https:\/\/redsemlac.com\/semmexico\/?p=76259"},"modified":"2024-01-19T11:24:41","modified_gmt":"2024-01-19T17:24:41","slug":"regidoras-indigenas-blanco-de-violencia-politica-de-genero-en-morelos","status":"publish","type":"post","link":"https:\/\/redsemlac.com\/semmexico\/regidoras-indigenas-blanco-de-violencia-politica-de-genero-en-morelos\/","title":{"rendered":"Regidoras ind\u00edgenas, blanco de violencia pol\u00edtica de g\u00e9nero en Morelos"},"content":{"rendered":"\n<ul class=\"wp-block-list\">\n<li><strong>Una acci\u00f3n afirmativa decretada por el Tribunal Electoral del Poder Judicial de la Federaci\u00f3n se desvirtu\u00f3 por parte de las autoridades y los partidos locales<\/strong><\/li>\n<\/ul>\n\n\n\n<ul class=\"wp-block-list\">\n<li><strong>Resultado: violencia pol\u00edtica y discriminaci\u00f3n contra las funcionarias municipales, por eso se preparan para 2024, en red y para no dejarse<\/strong><\/li>\n<\/ul>\n\n\n\n<p class=\"wp-block-paragraph\"><strong>Estrella Pedroza&nbsp;<\/strong><strong><\/strong><\/p>\n\n\n\n<p class=\"wp-block-paragraph\">SemM\u00e9xico, Cuernavaca, Morelos, 19 de enero, 2024.- Era la tarde del 23 de marzo de 2023, al t\u00e9rmino del Cabildo, la regidora ind\u00edgena Elpidia Torres Ram\u00edrez entr\u00f3 apresurada a la sala de juntas de la presidencia municipal de Tlalnepantla, en el estado de Morelos, para entregar al alcalde \u00c1ngel Estrada Rubio un justificante m\u00e9dico y la receta que explicaba la causa de su inasistencia a la sesi\u00f3n de ese d\u00eda.&nbsp;<\/p>\n\n\n\n<p class=\"wp-block-paragraph\">\u00c1ngel, alto, moreno y robusto, tom\u00f3 los documentos. Tras leerlos, solt\u00f3 una carcajada y enseguida hizo un comentario con el que vincul\u00f3, de la nada, un tema de salud de la regidora con su sexualidad. La burla fue secundada por los regidores \u00d3scar Ram\u00edrez Primo y Armando Lascano Granda, as\u00ed como algunos de sus colaboradores que a\u00fan estaban presentes. A Elpidia le invadieron varios sentimientos: pena, coraje e impotencia, despu\u00e9s sinti\u00f3 un dolor en el est\u00f3mago y antes de que las l\u00e1grimas salieran de sus ojos, sali\u00f3 del lugar de forma apresurada.&nbsp;<\/p>\n\n\n\n<p class=\"wp-block-paragraph\">Lo que le pas\u00f3 a Elpidia se considera violencia pol\u00edtica de g\u00e9nero, pues de acuerdo con la<a href=\"https:\/\/www.diputados.gob.mx\/LeyesBiblio\/pdf\/LGAMVLV.pdf\"> Ley General de Acceso de las Mujeres a una Vida libre de Violencia <\/a>&nbsp;una de las conductas de c\u00f3mo puede expresarse es \u201crealizar cualquier expresi\u00f3n que denigre o descalifique a las mujeres en ejercicio de sus funciones pol\u00edticas, con base en estereotipos de g\u00e9nero, con el objetivo o el resultado de menoscabar su imagen p\u00fablica o limitar o anular sus derechos\u201d.&nbsp;<\/p>\n\n\n\n<p class=\"wp-block-paragraph\">Elpidia no es la \u00fanica regidora ind\u00edgena que ha sido objeto de este tipo de violencia. A Rafaela Maldonado Morales la gente del presidente municipal de Tlaltizap\u00e1n, Morelos, Alfredo Dom\u00ednguez Mandujano, la orill\u00f3 a inscribirse en la planilla y luego tuvo que trabajar en las escaleras del ayuntamiento. Mientras que a X\u00f3chitl Tepoztl\u00e1n Palacios, regidora ind\u00edgena del ayuntamiento de Cuautla, el Partido Morelos Progresa le pidi\u00f3 dinero antes de que asumiera el cargo.&nbsp;<\/p>\n\n\n\n<p class=\"wp-block-paragraph\">Para la realizaci\u00f3n del reportaje se habl\u00f3 con 8 de las 22 regidoras ind\u00edgenas electas y todas las consultadas hab\u00edan sido objeto de violencia pol\u00edtica, es decir, al menos al 36 por ciento de estas funcionarias fueron objeto de burlas, minimizaci\u00f3n de sus acciones, no ser convocadas a reuniones o un control excesivo por parte de las y los alcaldes, entre otras violencias.<\/p>\n\n\n\n<p class=\"wp-block-paragraph\">Y esto se deber\u00eda, en buena medida, a una acci\u00f3n afirmativa decretada por el Tribunal Electoral del Poder Judicial de la Federaci\u00f3n y que fue llevada de forma incorrecta por el Instituto Morelense de Procesos Electorales y Participaci\u00f3n Ciudadana (Impepac) y los partidos pol\u00edticos con representaci\u00f3n en Morelos.<\/p>\n\n\n<div class=\"wp-block-image\">\n<figure class=\"aligncenter size-full\"><a href=\"https:\/\/redsemlac.com\/semmexico\/wp-content\/uploads\/2024\/01\/Imagen2-11.jpg\"><img loading=\"lazy\" decoding=\"async\" width=\"656\" height=\"492\" src=\"https:\/\/redsemlac.com\/semmexico\/wp-content\/uploads\/2024\/01\/Imagen2-11.jpg\" alt=\"\" class=\"wp-image-76270\"\/><\/a><figcaption class=\"wp-element-caption\">\u00a0Elpidia Torres Ram\u00edrez, regidora ind\u00edgena de Tlalnepantla, ha enfrentado violencia pol\u00edtica por raz\u00f3n de g\u00e9nero en distintos momentos desde que le entregaron su constancia de mayor\u00eda, previo a tomar protesta y en el ejercicio de su cargo<\/figcaption><\/figure>\n<\/div>\n\n\n<h2 class=\"wp-block-heading\"><strong><em>La acci\u00f3n afirmativa<\/em><\/strong><strong><em><\/em><\/strong><\/h2>\n\n\n\n<p class=\"wp-block-paragraph\">En marzo del 2018, un grupo de personas encabezadas por Hip\u00f3lito Arriaga Pote, quien se ostent\u00f3 como gobernador indigena, lleg\u00f3 al Impepac para solicitar que los pueblos originarios tuvieran representaci\u00f3n en los espacios de poder en la entidad. La respuesta fue negativa, bajo el argumento de que dichas candidaturas no fueron presentadas bajo los lineamientos de los partidos pol\u00edticos.&nbsp;<\/p>\n\n\n\n<p class=\"wp-block-paragraph\">Sin embargo, el Tribunal Electoral del Poder Judicial de la Federaci\u00f3n (TEPJF)<a href=\"https:\/\/www.te.gob.mx\/salasreg\/ejecutoria\/sentencias\/df\/SCM-JDC-0403-2018.pdf\"> dict\u00f3 una sentencia<\/a> en junio de 2018 ordenando implementar acciones afirmativas a favor de las comunidades ind\u00edgenas. A partir de all\u00ed transcurrieron m\u00e1s de dos a\u00f1os y pese a contar con un presupuesto de<a href=\"http:\/\/impepac.mx\/wp-content\/uploads\/2014\/11\/InfOficial\/Acuerdos\/2020\/01%20Ene\/Acuerdo%20004%2022%2001%202020%20E.pdf\"> 650 mil pesos<\/a>, el Consejo del Impepac no logr\u00f3 hacer un estudio sobre sistemas normativos ind\u00edgenas y s\u00f3lo aprob\u00f3 un cat\u00e1logo de comunidades ind\u00edgenas, donde se aplicar\u00eda la acci\u00f3n afirmativa.<\/p>\n\n\n<div class=\"wp-block-image\">\n<figure class=\"alignleft size-full is-resized\"><a href=\"https:\/\/redsemlac.com\/semmexico\/wp-content\/uploads\/2024\/01\/Imagen3-9.jpg\"><img loading=\"lazy\" decoding=\"async\" width=\"271\" height=\"658\" src=\"https:\/\/redsemlac.com\/semmexico\/wp-content\/uploads\/2024\/01\/Imagen3-9.jpg\" alt=\"\" class=\"wp-image-76269\" style=\"width:318px;height:auto\"\/><\/a><\/figure>\n<\/div>\n\n\n<p class=\"wp-block-paragraph\">Fue el 13 de agosto de 2020 que el<a href=\"http:\/\/impepac.mx\/wp-content\/uploads\/2014\/11\/InfOficial\/Acuerdos\/2020\/SCM-JDC-0088-2020.pdf\"> TEPJF revoc\u00f3<\/a> estas acciones realizadas por el Impepac y orden\u00f3 implementar acciones compensatorias en municipios no ind\u00edgenas para su aplicaci\u00f3n en el Proceso Electoral 2020-2021. Adem\u00e1s de solicitar que se consultara a las poblaciones ind\u00edgenas respecto a las medidas.<\/p>\n\n\n\n<p class=\"wp-block-paragraph\">La disposici\u00f3n no fue muy bien recibida por las autoridades electorales de Morelos. En la 28 de agosto del 2020, consejera Xitlali G\u00f3mez Ter\u00e1n<a href=\"https:\/\/www.youtube.com\/watch?v=gYK4n0Su9co\"> lament\u00f3 que a unos d\u00edas de arrancar el proceso electoral se tuvieran que cambiar las reglas<\/a> del juego e imponer una acci\u00f3n afirmativa, solo porque un ciudadano que se adjudic\u00f3 como gobernador ind\u00edgena present\u00f3 una queja, cuando este \u00f3rgano cumpli\u00f3 con implementar las acciones afirmativas \u201cprocedentes y conducentes\u201d.&nbsp;<\/p>\n\n\n\n<p class=\"wp-block-paragraph\">En esa misma sesi\u00f3n se aprob\u00f3 el acuerdo<a href=\"http:\/\/impepac.mx\/wp-content\/uploads\/2014\/11\/InfOficial\/Acuerdos\/2020\/08%20Agosto\/Acuerdo-118-EUP-28-06-2020.pdf\"> IMPEPAC\/CEE\/118\/2020<\/a>, en el cual se establecieron los lineamientos para el registro y asignaci\u00f3n de candidaturas ind\u00edgenas a diputaciones y regidur\u00edas que participan en el Proceso Electoral 2020-2021. Estos lineamientos fueron obligatorios para los partidos pol\u00edticos, coaliciones, candidaturas comunes e independientes, de tal forma que las planillas deber\u00edan considerar candidaturas a las regidur\u00edas de forma proporcional a la poblaci\u00f3n ind\u00edgena de los municipios, siendo el m\u00e1ximo 3 regidur\u00edas.<\/p>\n\n\n\n<p class=\"wp-block-paragraph\">Perla Pedroza, defensora electoral habilitada por la Defensor\u00eda P\u00fablica del Tribunal Electoral del Poder Judicial de la Federaci\u00f3n (TEPJF), explic\u00f3 que estos lineamientos representaron una sacudida para los institutos pol\u00edticos. \u201cRepresent\u00f3 una problem\u00e1tica importante debido a que no contemplaron a personas ind\u00edgenas y en sus filas no ten\u00edan este tipo de perfil para poder cumplir con los requisitos establecidos para los registros\u201d, agreg\u00f3 la especialista.<\/p>\n\n\n\n<p class=\"wp-block-paragraph\">Por su parte, Martha Elena Mej\u00eda, magistrada del Tribunal Electoral del Estado de Morelos (TEEM), reconoci\u00f3 que la aplicaci\u00f3n de la acci\u00f3n afirmativa para las comunidades ind\u00edgenas tuvo fallas de origen y de fondo. \u201cSe sac\u00f3 (en el Impepac) un acuerdo de manera prematura, sin un estudio de las poblaciones a las que quer\u00edamos beneficiar para representaci\u00f3n, sin ese estudio, no se sabe el n\u00famero espec\u00edfico de poblaci\u00f3n en cada municipio\u201d, dijo.<\/p>\n\n\n\n<p class=\"wp-block-paragraph\">Esta acci\u00f3n afirmativa oblig\u00f3 a que los partidos pol\u00edticos buscaran a perfiles que cumplieran con los requisitos y una vez que consiguieron las regidur\u00edas ind\u00edgenas, ejercieron violencia pol\u00edtica para someter a las funcionarias electas a su voluntad.<\/p>\n\n\n\n<h2 class=\"wp-block-heading\"><strong><em>Regidoras violentadas<\/em><\/strong><strong><em><\/em><\/strong><\/h2>\n\n\n\n<p class=\"wp-block-paragraph\">Un domingo por la ma\u00f1ana, mientras Elpidia preparaba en el patio de su casa el&nbsp; nixtamal para la venta de pozole, una colaboradora del presidente electo \u00c1ngel Estrada Rubio llamada Mari ingres\u00f3 sin previo aviso a su hogar.<\/p>\n\n\n\n<p class=\"wp-block-paragraph\">&#8211; Hola, pinche Chicota, ya pensaste en lo que te dije. Te conviene, vas a ganar 2 mil pesos m\u00e1s que los otros regidores- le dijo la enviada del presidente.<\/p>\n\n\n\n<p class=\"wp-block-paragraph\">Elpidia hab\u00eda recibido varias visitas del mismo tipo para tratar de convencerla de que como regidora apoyara a Estrada cuando asumiera el cargo, pero ella se neg\u00f3 y eso le vali\u00f3 amenazas.<\/p>\n\n\n\n<p class=\"wp-block-paragraph\">&#8211; Yo me voy a encargar de decirle a todo el pueblo que no quieres trabajar y que si no hay obras aqu\u00ed ser\u00e1 por tu culpa-, le dijo Mari.<\/p>\n\n\n\n<p class=\"wp-block-paragraph\">En otra ocasi\u00f3n, el alcalde electo de Tlalnepantla, \u00c1ngel&nbsp; Estrada Rubio, hizo una reuni\u00f3n en su casa con tres regidores electos, incluyendo a Elpidia. Sin embargo, en todo momento se dirigi\u00f3 a los regidores hombres, ignor\u00e1ndola por completo. Cuando Elpidia manifest\u00f3 que necesitaba contratar a personal de confianza, Estrada respondi\u00f3:&nbsp;&nbsp;<\/p>\n\n\n\n<p class=\"wp-block-paragraph\">&#8211; T\u00fa qu\u00e9 vas a saber que hacer, eres una tlacoyera, lo que t\u00fa tienes que hacer es comprarte unas botas para irte al campo, eso te toca.&nbsp;<\/p>\n\n\n<div class=\"wp-block-image\">\n<figure class=\"aligncenter size-full\"><a href=\"https:\/\/redsemlac.com\/semmexico\/wp-content\/uploads\/2024\/01\/Imagen4-9.jpg\"><img loading=\"lazy\" decoding=\"async\" width=\"660\" height=\"437\" src=\"https:\/\/redsemlac.com\/semmexico\/wp-content\/uploads\/2024\/01\/Imagen4-9.jpg\" alt=\"\" class=\"wp-image-76268\"\/><\/a><figcaption class=\"wp-element-caption\">Elpidia Torres, regidora Ind\u00edgena de Tlalnepantla, desde la explanada de la presidencia municipal se dice convencida de que luchar por su derechos pol\u00edticos es el camino para vivir libre de violencia.<\/figcaption><\/figure>\n<\/div>\n\n\n<p class=\"wp-block-paragraph\">Mireya Gally Jord\u00e1, presidenta consejera del Impepac, reconoci\u00f3 que una mujer ind\u00edgena se enfrenta a una doble discriminaci\u00f3n y por ende es susceptible a mayor violencia pol\u00edtica por raz\u00f3n de g\u00e9nero. Incluso conoci\u00f3 a dos funcionarias municipales habr\u00edan renunciado al cargo debido a la violencia en su contra.<\/p>\n\n\n\n<p class=\"wp-block-paragraph\">\u201cRecibimos en su momento varias quejas de mujeres ind\u00edgenas que una vez que fueron designadas por el principio de representaci\u00f3n proporcional, y que les toc\u00f3 a ellas representar al partido y a su comunidad, enfrentaron actitudes en contra de ellas que cayeron en situaciones de violencia, amenaza y hostigamiento\u201d, se\u00f1al\u00f3 la funcionaria.<\/p>\n\n\n\n<p class=\"wp-block-paragraph\">Historias como la de Elpidia hay bastantes. Una noche, mientras Rafaela Maldonado descansaba en el sof\u00e1 de su casa, escuch\u00f3 que alguien llam\u00f3 a la puerta. Era Gabriel Moreno Bruno, entonces alcalde electo de Tlaltizapan, quien entr\u00f3 hasta la sala y&nbsp; pidi\u00f3&nbsp; hablar a solas con&nbsp; ella. Sin pre\u00e1mbulos, Gabriel le solicit\u00f3 que le firmar\u00e1 un documento con el que le daba el poder y respaldo para tomar decisiones, a cambio ella recibir\u00eda un pago adicional a su sueldo \u201csin tener que trabajar\u201d. Rafaela respondi\u00f3 con un tajante no.&nbsp;<\/p>\n\n\n\n<p class=\"wp-block-paragraph\">No fue la \u00fanica violencia que vivi\u00f3 Rafaela, pues una vez en el cargo se vio obligada a despachar en las escaleras del ayuntamiento, ya que la oficina que le correspond\u00eda estaba invadida por el \u00e1rea de comunicaci\u00f3n social. Los medios de comunicaci\u00f3n dieron cuenta de ello y en consecuencia Humberto Salgado Escobar, director general del Ayuntamiento, la sujet\u00f3 fuertemente del hombro y le dijo:<\/p>\n\n\n\n<p class=\"wp-block-paragraph\">&#8211; Ya se sali\u00f3 con la suya, vaya all\u00e1 est\u00e1 su oficina, deje de estar como iguana encaramada en el barandal.&nbsp;<\/p>\n\n\n\n<p class=\"wp-block-paragraph\">Rafaela se aguant\u00f3 el coraje: estuvo a punto de soltar una cachetada, pero su secretaria la detuvo. Cuando lleg\u00f3 a la oficina estaba totalmente vac\u00eda.<\/p>\n\n\n\n<p class=\"wp-block-paragraph\">Se busc\u00f3 una postura del edil de Tlaltizap\u00e1n v\u00eda comunicaci\u00f3n social pero hasta el cierre de esta informaci\u00f3n no hubo respuesta.<\/p>\n\n\n\n<figure class=\"wp-block-image size-full\"><a href=\"https:\/\/redsemlac.com\/semmexico\/wp-content\/uploads\/2024\/01\/Imagen5-7.jpg\"><img loading=\"lazy\" decoding=\"async\" width=\"784\" height=\"441\" src=\"https:\/\/redsemlac.com\/semmexico\/wp-content\/uploads\/2024\/01\/Imagen5-7.jpg\" alt=\"\" class=\"wp-image-76266\"\/><\/a><figcaption class=\"wp-element-caption\">\u00a0Rafaela Maldonado, regidora Ind\u00edgena de Tlaltizap\u00e1n, ha enfrentado distintos tipos de violencia previo a la toma de protesta y al ejercer su cargo.<\/figcaption><\/figure>\n\n\n\n<p class=\"wp-block-paragraph\">La<a href=\"https:\/\/igualdad.ine.mx\/wp-content\/uploads\/2021\/03\/MICROSITIO_Engrose_Gui%CC%81a_VPG_25_febrero_2021_1.pdf\"> Gu\u00eda para la prevenci\u00f3n, atenci\u00f3n, sanci\u00f3n y reparaci\u00f3n integral de la Violencia Pol\u00edtica contra las Mujeres en raz\u00f3n de G\u00e9nero<\/a>, emitida por el Instituto Nacional Electoral (INE), establece que la violencia pol\u00edtica en raz\u00f3n de g\u00e9nero se configura con \u201ctodas aquellas acciones u omisiones, que se dirigen a la persona en raz\u00f3n de su g\u00e9nero, y que tienen un impacto diferenciado ante las dem\u00e1s personas, afect\u00e1ndolas (o) desproporcionadamente, menoscabando o anulando sus derechos pol\u00edtico-electorales, incluso, en el ejercicio de un cargo p\u00fablico\u201d.<\/p>\n\n\n\n<p class=\"wp-block-paragraph\">De acuerdo con datos recabados durante el \u201cForo Comparte tu experiencia como mujer integrante de los primeros cabildos conformadas con perspectiva de g\u00e9nero e intercultural\u201d, realizado el 6 de octubre por el Instituto de Desarrollo y Fortalecimiento Municipal del Estado de Morelos (Idefomm) y la organizaci\u00f3n Santa Democracia, 7 de las 22 regidoras ind\u00edgenas en funciones en Morelos han vivido alg\u00fan tipo de violencia pol\u00edtica o violencia pol\u00edtica por raz\u00f3n de g\u00e9nero.<\/p>\n\n\n\n<p class=\"wp-block-paragraph\">Adem\u00e1s, en M\u00e9xico el 70 por ciento &nbsp;de las mujeres que&nbsp; son v\u00edctimas de violencia pol\u00edtica por raz\u00f3n de g\u00e9nero son ind\u00edgenas, mientras que el 38 por ciento de las mujeres violentadas ocupan el cargo de regidoras, de acuerdo al<a href=\"https:\/\/www.ine.mx\/actores-politicos\/registro-nacional-de-personas-sancionadas\/\"> Registro Nacional de Personas Sancionadas en Materia de Violencia Pol\u00edtica contra las Mujeres en Raz\u00f3n de G\u00e9nero<\/a> (RNPS).<\/p>\n\n\n\n<h2 class=\"wp-block-heading\"><strong><em>Ind\u00edgenas fueron utilizadas<\/em><\/strong><strong><em><\/em><\/strong><\/h2>\n\n\n\n<p class=\"wp-block-paragraph\">Martha Elena Mej\u00eda, magistrada del TEEM, consider\u00f3 que las mujeres ind\u00edgenas fueron utilizadas por los partidos pol\u00edticos y justo por su vulnerabilidad hay bajo n\u00famero de juicios de impugnaci\u00f3n para defenderse. \u201cSon muy pocos juicios de violencia pol\u00edtica por raz\u00f3n de g\u00e9nero que han presentado por parte de las mujeres ind\u00edgenas y eso no quiere decir que no est\u00e1n viviendo la violencia, quiz\u00e1 no tiene informaci\u00f3n y el apoyo para defenderse\u201d, coment\u00f3.&nbsp;&nbsp;<\/p>\n\n\n\n<p class=\"wp-block-paragraph\">Seg\u00fan lo documentado por la organizaci\u00f3n Santa Democracia, integrada por abogadas electorales, una vez que se conocieron los nombres de las personas electas algunas de las mujeres ind\u00edgenas empezaron a enfrentar episodios de violencia pol\u00edtica, desde acoso hasta extorsiones por los partidos pol\u00edticos, integrantes de f\u00f3rmula, abogados o presidentes municipales electos.<\/p>\n\n\n\n<p class=\"wp-block-paragraph\">Otras regidoras enfrentaron violencia inmediatamente despu\u00e9s de protestar el cargo, durante su gesti\u00f3n, antes de registrarse como candidatas, una vez que fue designada, al tomar protesta y durante todo el tiempo que llevan al frente de la regidur\u00eda.<\/p>\n\n\n\n<p class=\"wp-block-paragraph\">Un ejemplo de c\u00f3mo la violencia pol\u00edtica de g\u00e9nero ocurre en diferentes momentos, desde la campa\u00f1a electoral y en el cargo, es el caso de X\u00f3chitl Tepoztl\u00e1n. Inicialmente un grupo de personas le pidi\u00f3 a la madre de X\u00f3chitl, Isabel conocida como Chabela, que se integrara a la planilla de Jes\u00fas Alberto Mart\u00ednez Borr\u00f3n, conocido como \u201cEl Profe Nato\u201d, quien buscaba la presidencia municipal de Cuautla por el Partido Morelos Progresa.<\/p>\n\n\n\n<p class=\"wp-block-paragraph\">Chabela&nbsp; es muy conocida en la comunidad de Tetelcingo y siempre apoya en las campa\u00f1as al primero que llega a pedirle el favor. Sin embargo, por la pandemia por Covid-19 decidi\u00f3 que fuera su hija X\u00f3chitl quien estuviera en la planilla.<\/p>\n\n\n\n<p class=\"wp-block-paragraph\">Aunque X\u00f3chitl entreg\u00f3 los documentos y fue registrada con la regidur\u00eda cinco, durante la campa\u00f1a electoral fue ignorada por el partido, no le dieron ni propaganda para hacer proselitismo. Sin embargo, un d\u00eda despu\u00e9s de que recibi\u00f3 su constancia como regidora ind\u00edgena electa, representantes de Morelos Progresa le pidieron que les pagara lo que hab\u00edan invertido supuestamente para que obtuviera la regidur\u00eda.<\/p>\n\n\n\n<p class=\"wp-block-paragraph\">X\u00f3chitl les dijo que ella no pod\u00eda pagar primero porque no ten\u00eda dinero y porque a ella nunca se le inform\u00f3 que se ten\u00eda que pagar algo. Las personas se molestaron y la amenazaron con dejarla sola, es decir, sin apoyo cuando ejerciera el cargo, pero ella se mantuvo firme y prefiri\u00f3 contratar a un abogado particular.<\/p>\n\n\n<div class=\"wp-block-image\">\n<figure class=\"aligncenter size-full\"><a href=\"https:\/\/redsemlac.com\/semmexico\/wp-content\/uploads\/2024\/01\/Imagen6-8.jpg\"><img loading=\"lazy\" decoding=\"async\" width=\"729\" height=\"547\" src=\"https:\/\/redsemlac.com\/semmexico\/wp-content\/uploads\/2024\/01\/Imagen6-8.jpg\" alt=\"\" class=\"wp-image-76265\"\/><\/a><figcaption class=\"wp-element-caption\">X\u00f3chitl Tepoztl\u00e1n, regidora Ind\u00edgena de Cuautla, fue blanco de intento de extorsi\u00f3n por parte de integrantes de Morelos Progresa que quer\u00edan que les pagar\u00e1n lo que supuestamente invirtieron en ella.\u00a0<\/figcaption><\/figure>\n<\/div>\n\n\n<p class=\"wp-block-paragraph\">Posteriormente el 26 de abril de 2023, un grupo de hombres armados, a bordo de una motocicleta, dispararon contra la vivienda de X\u00f3chitl y por fortuna no hubo lesionados. Le dejaron una cartulina con un mensaje en el aparec\u00eda un n\u00famero de tel\u00e9fono y le dec\u00edan que en&nbsp; 15 minutos se comunicar\u00e1 para que le dijeran lo que deb\u00eda hacer. La regidora ind\u00edgena avis\u00f3 a la secretar\u00eda de seguridad p\u00fablica y a la fiscal\u00eda de Morelos, por ello le fueron activadas medidas de seguridad.&nbsp;&nbsp;<\/p>\n\n\n\n<p class=\"wp-block-paragraph\">Perla Pedroza, defensora electoral, document\u00f3 que a ra\u00edz de las sentencias del&nbsp; Tribunal Electoral Federal los partidos pol\u00edticos \u201creclutaron, hasta debajo de las piedras, a hombres y mujeres ind\u00edgenas, muchos de ellos no tienen preparaci\u00f3n acad\u00e9mica ni pol\u00edtica\u201d. A contratiempo, lograron registrar sus listas de candidaturas a hombres y mujeres ind\u00edgenas y \u201ccumplieron con los requisitos\u201d sin tener claridad de lo que esperaban tras las elecciones.&nbsp;<\/p>\n\n\n\n<p class=\"wp-block-paragraph\">Informaci\u00f3n oficial obtenida a trav\u00e9s de mecanismos de transparencia indica que en el proceso electoral 2020-2021 se registraron 551 mujeres ind\u00edgenas como candidatas al cargo de regidoras, pero solo 22 recibieron su constancia de asignaci\u00f3n por la acci\u00f3n afirmativa, es decir, s\u00f3lo el 4 por ciento &nbsp;de las mujeres ind\u00edgenas registradas para una regidur\u00eda obtuvieron el cargo.<\/p>\n\n\n\n<h2 class=\"wp-block-heading\"><strong><em>Las dejaron solas<\/em><\/strong><\/h2>\n\n\n\n<p class=\"wp-block-paragraph\">El pasado 6 de octubre de 2023 al \u201cForo comparte tu experiencia como mujer integrante de los primeros cabildos conformadas con perspectiva de g\u00e9nero e intercultural\u201d acudieron s\u00edndicas y regidoras de distintos municipios de la entidad, la mayor\u00eda acompa\u00f1adas de sus asesores y asesoras. Tomaron asiento de manera ordenada en las sillas que se colocaron en filas una tras otra. Entonces, una de las facilitadoras pidi\u00f3 formar una media luna y solicit\u00f3 a toda persona que no fuera s\u00edndica o regidora que se pasar\u00e1 a la parte de atr\u00e1s para poder trabajar con el grupo de inter\u00e9s. Algunas permanecieron t\u00edmidas, otras se pusieron tensas, pero al final todas se acomodaron.<\/p>\n\n\n\n<p class=\"wp-block-paragraph\">En cuanto se les empez\u00f3 a explicar qu\u00e9 acciones se consideran violencia pol\u00edtica por raz\u00f3n de g\u00e9nero, algunas se animaron a compartir su experiencia. Hubo unas que se acercaron de forma personal a las facilitadoras para confirmar si lo que hab\u00edan vivido era violencia. Lo primero en lo que coincidieron fue en la falta de capacitaci\u00f3n brindada tanto por el Impepac como los partidos pol\u00edticos sobre las responsabilidades de su cargo y el funcionamiento del Cabildo.<\/p>\n\n\n\n<figure class=\"wp-block-gallery has-nested-images columns-default is-cropped wp-block-gallery-1 is-layout-flex wp-block-gallery-is-layout-flex\">\n<figure class=\"wp-block-image size-large\"><a href=\"https:\/\/redsemlac.com\/semmexico\/wp-content\/uploads\/2024\/01\/Imagen7-6.jpg\"><img loading=\"lazy\" decoding=\"async\" width=\"542\" height=\"305\" data-id=\"76263\" src=\"https:\/\/redsemlac.com\/semmexico\/wp-content\/uploads\/2024\/01\/Imagen7-6.jpg\" alt=\"\" class=\"wp-image-76263\"\/><\/a><\/figure>\n\n\n\n<figure class=\"wp-block-image size-large\"><a href=\"https:\/\/redsemlac.com\/semmexico\/wp-content\/uploads\/2024\/01\/Imagen8-5.jpg\"><img loading=\"lazy\" decoding=\"async\" width=\"526\" height=\"296\" data-id=\"76264\" src=\"https:\/\/redsemlac.com\/semmexico\/wp-content\/uploads\/2024\/01\/Imagen8-5.jpg\" alt=\"\" class=\"wp-image-76264\"\/><\/a><\/figure>\n\n\n\n<figure class=\"wp-block-image size-large\"><a href=\"https:\/\/redsemlac.com\/semmexico\/wp-content\/uploads\/2024\/01\/Imagen9-6.jpg\"><img loading=\"lazy\" decoding=\"async\" width=\"594\" height=\"334\" data-id=\"76262\" src=\"https:\/\/redsemlac.com\/semmexico\/wp-content\/uploads\/2024\/01\/Imagen9-6.jpg\" alt=\"\" class=\"wp-image-76262\"\/><\/a><\/figure>\n<figcaption class=\"blocks-gallery-caption wp-element-caption\">\u201cForo comparte tu experiencia como mujer integrante de los primeros cabildos conformadas con perspectiva de g\u00e9nero e intercultural<\/figcaption><\/figure>\n\n\n\n<p class=\"wp-block-paragraph\">A trav\u00e9s de solicitudes de informaci\u00f3n se pregunt\u00f3 a 10&nbsp; institutos pol\u00edticos, que actualmente tienen registro en Morelos y a un partido que solo tiene presencia nacional, si dieron capacitaci\u00f3n, asesoramiento y seguimiento a las mujeres ind\u00edgenas que en su momento fueron&nbsp; candidatas y ahora ostentan el cargo de regidoras, 4 respondieron que destinaron el 3 por ciento de su presupuesto a capacitaciones de mujeres en general y 3 de estos partidos dijeron que s\u00ed dieron alguna capacitaci\u00f3n a mujeres ind\u00edgenas, pero sin presentar evidencia.&nbsp;<\/p>\n\n\n\n<p class=\"wp-block-paragraph\">Ni los partidos pol\u00edticos, ni el IMPEPAC, ni el Instituto de Desarrollo y Fortalecimiento Municipal del Estado de Morelos (<strong>IDEFOMM<\/strong>), ni el Observatorio de Participaci\u00f3n Pol\u00edtica de las Mujeres en el estado, encabezado por la presidenta del Instituto de la Mujer para el Estado de Morelos (IMM), contemplaron alg\u00fan m\u00e9todo de seguimiento o acompa\u00f1amiento para las mujeres ind\u00edgenas que accedieron a un espacio de poder.&nbsp;<\/p>\n\n\n\n<p class=\"wp-block-paragraph\">Otras de las pr\u00e1cticas que las asistentes al foro narraron tienen que ver con que no las convocan a las sesiones de Cabildo, no les entregan documentaci\u00f3n, les imponen a personal de confianza, les limitan sus gastos de representaci\u00f3n en el cargo o les condicionan el pago de prerrogativas. En algunos casos las han amenazado a ellas o sus familiares y en algunos casos graves, las han denunciado por delitos que no cometieron.<\/p>\n\n\n\n<p class=\"wp-block-paragraph\">Para Georgina C\u00e1rdenas Acosta, docente de la&nbsp; FES Arag\u00f3n y especialista en violencia pol\u00edtica por raz\u00f3n de g\u00e9nero, las distintas modalidades de violencia pol\u00edtica&nbsp; y pol\u00edtica por raz\u00f3n de g\u00e9nero, que se perpet\u00faan de diferentes formas entre ellas y la m\u00e1s recurrente la violencia digital, tienen efectos directos en la salud de las mujeres que la enfrentan.<\/p>\n\n\n\n<p class=\"wp-block-paragraph\">\u201cLa violencia pol\u00edtica en contra de&nbsp; las mujeres que en el ejercicio de sus derechos electorales ostentan alg\u00fan espacio de poder tiene los efectos directos desmoralizadores, de&nbsp; impacto psicol\u00f3gico y en la&nbsp; salud en las mujeres que la est\u00e1n enfrentado, no solo tiene impacto en su imagen, tiene efecto en ellas mismas y en su autocuidado\u201d, destac\u00f3.<\/p>\n\n\n\n<p class=\"wp-block-paragraph\">La violencia pol\u00edtica tambi\u00e9n tiene impactos en la participaci\u00f3n pol\u00edtica. De las 26 mujeres que participaron en el foro, 8 manifiestan no tener deseos de volver a ser funcionaria p\u00fablica por temor a que les pase algo a ellas o sus familias y por no estar dispuestas a continuar sufriendo violencias y 2 m\u00e1s dijeron que s\u00ed les gustar\u00eda volver a ser funcionarias pero con otro presidente. La mayor\u00eda desear\u00eda poder ejercer su cargo libre de violencias.<\/p>\n\n\n\n<h2 class=\"wp-block-heading\"><strong><em>Se desestiman denuncias<\/em><\/strong><\/h2>\n\n\n\n<p class=\"wp-block-paragraph\">El Impepac inform\u00f3, a trav\u00e9s de una solicitud de transparencia, que en 2021 solo recibi\u00f3 una denuncia por violencia pol\u00edtica contra las mujeres en raz\u00f3n de g\u00e9nero realizada por una regidora ind\u00edgena del municipio de Jiutepec. De los a\u00f1os 2022 y 2023 no present\u00f3 informaci\u00f3n.<\/p>\n\n\n\n<p class=\"wp-block-paragraph\">Mireya Gally Jord\u00e1, consejera presidenta del Impepac, sostuvo que tiene conocimiento que al interior de los cabildos y fuera de ellos hay violencias en contra de las mujeres que ostentan alg\u00fan cargo municipal, pero no se reflejan en las denuncias que reciben. Pese a ello el \u00f3rgano electoral no consider\u00f3 implementar alg\u00fan mecanismo de seguimiento a las mujeres ind\u00edgenas en el ejercicio de su cargo.<\/p>\n\n\n\n<p class=\"wp-block-paragraph\">Aunque Elpidia Torres Ram\u00edrez inici\u00f3 un juicio por la violencia pol\u00edtica ejercida por el alcalde \u00c1ngel Estrada Rubio, en cuatro minutos las magistradas del TEEM declararon parcialmente fundados los agravios denunciados. \u00danicamente reconocieron que hubo una irregularidad en el pago de las quincenas de la regidora durante 18 meses, que la llev\u00f3 a percibir 75 mil 505.76 pesos menos que al resto de los regidores.&nbsp;<\/p>\n\n\n\n<p class=\"wp-block-paragraph\">Entonces el edil opt\u00f3 por pagar casi la totalidad del adeudo de manera extempor\u00e1nea para que no constituyera una violencia sancionable. Las magistradas se limitaron a recomendar al presidente municipal pagar de inmediato los 505.76 pesos restantes, omitiendo las expresiones denigrantes y la discriminaci\u00f3n en contra de Elpidia como regidora ind\u00edgena.<\/p>\n\n\n\n<p class=\"wp-block-paragraph\">Al momento de escribir este reportaje est\u00e1 pendiente un juicio en defensa de Elpidia ante el IMPEPAC y TEEM. Sin embarg\u00f3, \u00c1ngel Estrada dio por cerrado el caso y, desde su punto de vista, nunca existi\u00f3 alg\u00fan tipo violencia.<\/p>\n\n\n\n<p class=\"wp-block-paragraph\">&#8211; Soy ajeno a este tipo de cosas, cosas (&#8230;) desafortunadamente ha habido gente que quiere perjudicarme-, dijo&nbsp; el edil.&nbsp;<\/p>\n\n\n\n<figure class=\"wp-block-image size-full\"><a href=\"https:\/\/redsemlac.com\/semmexico\/wp-content\/uploads\/2024\/01\/Imagen10-5.jpg\"><img loading=\"lazy\" decoding=\"async\" width=\"754\" height=\"450\" src=\"https:\/\/redsemlac.com\/semmexico\/wp-content\/uploads\/2024\/01\/Imagen10-5.jpg\" alt=\"\" class=\"wp-image-76261\"\/><\/a><figcaption class=\"wp-element-caption\">\u00a0\u00c1ngel Estrada, alcalde de Tlalnepantla, sostuvo que nunca existi\u00f3 ning\u00fan tipo de violencia contra la regidora ind\u00edgena Elpidia Torres Ram\u00edrez.<\/figcaption><\/figure>\n\n\n\n<p class=\"wp-block-paragraph\">Respecto al pago diferenciado, lo adjudic\u00f3 a \u201cuna situaci\u00f3n de mala comunicaci\u00f3n con la regidora, pero en su momento que ella hizo la petici\u00f3n, creo que por una parte hubo un error pero, en cuanto lo solicit\u00f3 (v\u00eda juicio ciudadano) se le pag\u00f3 de inmediato\u201d.&nbsp;<\/p>\n\n\n\n<p class=\"wp-block-paragraph\">El presidente municipal sostuvo que nunca existi\u00f3 violencia verbal \u201cyo nac\u00ed de una mujer, mi mam\u00e1 es una mujer y tambi\u00e9n vendi\u00f3 comida\u201d. Sin embargo, admiti\u00f3 que a la fecha no se han cumplido con otras peticiones, como una computadora, oficina y lo necesario para que funcione la comisi\u00f3n a su cargo.<\/p>\n\n\n\n<p class=\"wp-block-paragraph\">&#8211; Somos un municipio pobre\u2026 yo uso mi propia camioneta, coment\u00f3 Estrada.&nbsp;<\/p>\n\n\n\n<p class=\"wp-block-paragraph\">En ese sentido, Adriana Leonel de Cervantes, abogada feminista y presidenta de la Red de Nacional de Defensoras de Derechos Pol\u00edticos Electorales, sostuvo que la tendencia en los Tribunales Electorales Locales y los Organismo P\u00fablicos Locales (OPLE) es de matizar o minimiza la violencia pol\u00edtica y violencia pol\u00edtica de g\u00e9nero.<\/p>\n\n\n\n<p class=\"wp-block-paragraph\">\u201cOcurre que en las entidades federativas algunos (poderes o actores pol\u00edticos) logran influir en las resoluciones y las sentencias que emiten en materia y tenemos que acudir a la Sala Regional del TEPJF, donde ya se espera que exista mayor imparcialidad e independencia\u201d, dijo la especialista.&nbsp;<\/p>\n\n\n\n<p class=\"wp-block-paragraph\">Para Adriana Leonel hace falta capacitaci\u00f3n tanto en los Tribunales y OPLE para la aplicaci\u00f3n de justicia con perspectiva de g\u00e9nero y etnia, porque violentar a una mujer indigena agrava la sanci\u00f3n.<\/p>\n\n\n\n<p class=\"wp-block-paragraph\">Las sanciones que se podr\u00edan imponer a quienes ejerzan violencia pol\u00edtica de g\u00e9nero van desde amonestaci\u00f3n, p\u00e9rdida de registro o cancelaci\u00f3n de este de candidatura o del partido pol\u00edtico, multa, restringir el registro como agrupaci\u00f3n pol\u00edtica, interrupci\u00f3n o suspensi\u00f3n inmediata de la propaganda pol\u00edtica o electoral, reducci\u00f3n de hasta el 50% de las ministraciones del financiamiento p\u00fablico y cancelaci\u00f3n del registro como partido pol\u00edtico, entre otras.<\/p>\n\n\n\n<p class=\"wp-block-paragraph\">Otra cuesti\u00f3n que afecta el acceso a la justicia en materia de violencia pol\u00edtica de g\u00e9nero en Morelos es la falta de un reglamento de denuncias y quejas.<\/p>\n\n\n\n<p class=\"wp-block-paragraph\">El 16 de agosto de 2023, los magistrados Reyes Rodr\u00edguez Mondrag\u00f3n, Indalfer Infante Gonz\u00e1lez y Jos\u00e9 Luis Vargas Valdez del TEPJF rechazaron la solicitud de varias mujeres morelenses para expedir un reglamento de denuncias y quejas sobre violencia pol\u00edtica de g\u00e9nero, al considerar que fue una solicitud excesiva para el Organismo P\u00fablico Electoral (OPLE).&nbsp;<\/p>\n\n\n\n<p class=\"wp-block-paragraph\">Fue entonces que mujeres organizadas protestaron en centro de Cuernavaca con&nbsp; una lona morada, en la cual se pod\u00eda leer: \u201cEstos son los magistrados de la Sala Superior del Tribunal Electoral del Poder Judicial de la Federaci\u00f3n (TEPJF) a quienes les parece un exceso que las mujeres morelenses tengamos un reglamento especializado para defendernos de la violencia pol\u00edtica\u201d. El malestar se debe a que en el estado ocurrieron dos asesinatos vinculados a la violencia pol\u00edtica por raz\u00f3n de g\u00e9nero, el de la presidenta municipal de Temixco, Gisela Mota Ocampo, en 2016 y el de la diputada local Gabriela Mar\u00edn, en octubre de 2022.<\/p>\n\n\n\n<h2 class=\"wp-block-heading\"><strong><em>Un poco de esperanza<\/em><\/strong><\/h2>\n\n\n\n<p class=\"wp-block-paragraph\">A pesar de todas las violencias y omisiones vividas, el \u201cForo comparte tu experiencia como mujer integrante de los primeros cabildos conformadas con perspectiva de g\u00e9nero e intercultural\u201d se convirti\u00f3 en una especie de asamblea de mujeres. Una y una pidieron tomar la palabra para dar ideas de c\u00f3mo podr\u00edan articularse para hacer frente a las violencias que enfrentan y para impulsar acciones en conjunto.&nbsp;<\/p>\n\n\n\n<p class=\"wp-block-paragraph\">Con el proceso electoral 2023-2024 a la vuelta de la esquina, en ese evento se propuso la necesidad de hacer una reuni\u00f3n presencial para dar continuidad a los acuerdos y mantener la comunicaci\u00f3n. A todas se les notaba contentas y sonrientes. Con aplausos despidieron la sesi\u00f3n grupal y se tomaron una fotograf\u00eda para recordar que no est\u00e1n solas y se podr\u00e1n acompa\u00f1ar.<\/p>\n\n\n<div class=\"wp-block-image\">\n<figure class=\"aligncenter size-full\"><a href=\"https:\/\/redsemlac.com\/semmexico\/wp-content\/uploads\/2024\/01\/Imagen11-1.jpg\"><img loading=\"lazy\" decoding=\"async\" width=\"803\" height=\"602\" src=\"https:\/\/redsemlac.com\/semmexico\/wp-content\/uploads\/2024\/01\/Imagen11-1.jpg\" alt=\"\" class=\"wp-image-76260\"\/><\/a><figcaption class=\"wp-element-caption\">\u00a0Mujeres organizadas protestaron para exhibir magistrados que ponderaron el pacto patriarcal<\/figcaption><\/figure>\n<\/div>\n\n\n<figure class=\"wp-block-embed is-type-video is-provider-youtube wp-block-embed-youtube wp-embed-aspect-16-9 wp-has-aspect-ratio\"><div class=\"wp-block-embed__wrapper\">\n<iframe loading=\"lazy\" title=\"Panorama de la violencia poli\u0301tica por razo\u0301n de ge\u0301nero en Morelos\" width=\"696\" height=\"392\" src=\"https:\/\/www.youtube.com\/embed\/Z_gw7c7NA7M?feature=oembed\" frameborder=\"0\" allow=\"accelerometer; autoplay; clipboard-write; encrypted-media; gyroscope; picture-in-picture; web-share\" referrerpolicy=\"strict-origin-when-cross-origin\" allowfullscreen><\/iframe>\n<\/div><figcaption class=\"wp-element-caption\"><em><strong>Panorama de la violencia pol\u00edtica por raz\u00f3n de g\u00e9nero en Morelos\u00a0<\/strong><\/em><\/figcaption><\/figure>\n","protected":false},"excerpt":{"rendered":"<p>Una acci\u00f3n afirmativa decretada por el Tribunal Electoral del Poder Judicial de la Federaci\u00f3n se desvirtu\u00f3 por parte de las autoridades y los partidos locales<\/p>\n","protected":false},"author":3,"featured_media":76271,"comment_status":"open","ping_status":"open","sticky":false,"template":"","format":"standard","meta":{"_monsterinsights_skip_tracking":false,"footnotes":""},"categories":[694,63],"tags":[],"class_list":["post-76259","post","type-post","status-publish","format-standard","has-post-thumbnail","category-destacadas","category-reportajes"],"_links":{"self":[{"href":"https:\/\/redsemlac.com\/semmexico\/wp-json\/wp\/v2\/posts\/76259","targetHints":{"allow":["GET"]}}],"collection":[{"href":"https:\/\/redsemlac.com\/semmexico\/wp-json\/wp\/v2\/posts"}],"about":[{"href":"https:\/\/redsemlac.com\/semmexico\/wp-json\/wp\/v2\/types\/post"}],"author":[{"embeddable":true,"href":"https:\/\/redsemlac.com\/semmexico\/wp-json\/wp\/v2\/users\/3"}],"replies":[{"embeddable":true,"href":"https:\/\/redsemlac.com\/semmexico\/wp-json\/wp\/v2\/comments?post=76259"}],"version-history":[{"count":0,"href":"https:\/\/redsemlac.com\/semmexico\/wp-json\/wp\/v2\/posts\/76259\/revisions"}],"wp:featuredmedia":[{"embeddable":true,"href":"https:\/\/redsemlac.com\/semmexico\/wp-json\/wp\/v2\/media\/76271"}],"wp:attachment":[{"href":"https:\/\/redsemlac.com\/semmexico\/wp-json\/wp\/v2\/media?parent=76259"}],"wp:term":[{"taxonomy":"category","embeddable":true,"href":"https:\/\/redsemlac.com\/semmexico\/wp-json\/wp\/v2\/categories?post=76259"},{"taxonomy":"post_tag","embeddable":true,"href":"https:\/\/redsemlac.com\/semmexico\/wp-json\/wp\/v2\/tags?post=76259"}],"curies":[{"name":"wp","href":"https:\/\/api.w.org\/{rel}","templated":true}]}}