{"id":76254,"date":"2024-01-18T16:24:16","date_gmt":"2024-01-18T22:24:16","guid":{"rendered":"https:\/\/redsemlac.com\/semmexico\/?p=76254"},"modified":"2024-01-18T16:24:16","modified_gmt":"2024-01-18T22:24:16","slug":"se-preparan-mujeres-para-las-elecciones-2024-con-derechos-y-paridad","status":"publish","type":"post","link":"https:\/\/redsemlac.com\/semmexico\/se-preparan-mujeres-para-las-elecciones-2024-con-derechos-y-paridad\/","title":{"rendered":"Se preparan mujeres para las elecciones 2024, con derechos y paridad"},"content":{"rendered":"\n<p class=\"wp-block-paragraph\">Mujeres Agentes de Cambio, re\u00fane a m\u00e1s de 100 integrantes en Colima<\/p>\n\n\n\n<p class=\"wp-block-paragraph\">Junto al Instituto Electoral del Estado, capacitaci\u00f3n&nbsp; para enfrentar el proceso, lograr candidaturas y ganar<\/p>\n\n\n\n<p class=\"wp-block-paragraph\">Teresa&nbsp; Vald\u00e9s Betancourt<\/p>\n\n\n\n<p class=\"wp-block-paragraph\">SemM\u00e9xico, Colima, Colima, 18 de enero, 2024.- A fin retornar una buena experiencia de sororidad, las representantes del&nbsp; Instituto Electoral del Estado de Colima, IEE y la Asociaci\u00f3n&nbsp; Mujeres Agentes de Cambio A.C. MACC&nbsp; convocan al&nbsp; 2do Taller multidisciplinario <em>Mujeres y Pol\u00edtica<\/em>, para mujeres del estado que declaren su inter\u00e9s de participar en candidaturas de todos los partidos&nbsp; pol\u00edticos o de manera independiente, durante&nbsp; el proceso electoral del 2024.<\/p>\n\n\n\n<p class=\"wp-block-paragraph\">En conferencia de prensa, &nbsp;Adriana Vizfocri Consejera Presidenta&nbsp; IEE, &nbsp;dio a conocer el objetivo de esta capacitaci\u00f3n pol\u00edtica para&nbsp; dotar de mayores conocimientos pol\u00edticos, t\u00e9cnicos, estrat\u00e9gicos e institucionales&nbsp; a fin de que las futuras candidatas cuenten con herramientas que les permitan competir con mejores posibilidades, desde una perspectiva de g\u00e9nero y puedan prevenir manifestaciones de &nbsp;violencia pol\u00edtica de g\u00e9nero y discriminaci\u00f3n.<\/p>\n\n\n\n<p class=\"wp-block-paragraph\"><em>Larga lucha<\/em><\/p>\n\n\n\n<p class=\"wp-block-paragraph\">Vale recordar esta larga lucha feminista &nbsp;desde las sufragistas del siglo XX y como&nbsp; seg\u00fan&nbsp; <em>ONU Mujer<\/em>,&nbsp; hasta ahora solo en 37 pa\u00edses del mundo alcanzan un m\u00ednimo del 30 por ciento &nbsp;de la participaci\u00f3n femenina en los parlamentos.<\/p>\n\n\n\n<p class=\"wp-block-paragraph\">M\u00e9xico se incorpor\u00f3&nbsp; desde 1996&nbsp; a estas acciones afirmativas en un&nbsp; amplio proceso que logr\u00f3, &nbsp;en 2014, la aprobaci\u00f3n de la paridad para la conformaci\u00f3n de candidaturas con igualdad de condiciones y plenos derechos electorales.<\/p>\n\n\n\n<figure class=\"wp-block-image size-large\"><a href=\"https:\/\/redsemlac.com\/semmexico\/wp-content\/uploads\/2024\/01\/mujeres-eleciones-2024-02.jpg\"><img decoding=\"async\" src=\"https:\/\/redsemlac.com\/semmexico\/wp-content\/uploads\/2024\/01\/mujeres-eleciones-2024-02-1024x678.jpg\" alt=\"\" class=\"wp-image-76256\"\/><\/a><\/figure>\n\n\n\n<p class=\"wp-block-paragraph\">La maestra Pastora Ferr\u00e1ez presidenta de la organizaci\u00f3n civil Mujeres Agentes de&nbsp; Cambio MACC, que incluye a m\u00e1s de 100 mujeres de la entidad, &nbsp;argument\u00f3 el objetivo de esta capacitaci\u00f3n porque urge garantizar la presencia y seguridad de las mujeres&nbsp; en su aporte a la democracia electoral,&nbsp; como prev\u00e9 el programa actividades que sobresalen por su importancia,&nbsp; encaminadas al empoderamiento pol\u00edtico de las aspirantes a trav\u00e9s de la sensibilizaci\u00f3n, capacitaci\u00f3n y formaci\u00f3n pol\u00edtica que les permitir\u00e1 desarrollar mayores habilidades, junto con mejores&nbsp; competencias profesionales para ejercer el oficio pol\u00edtico institucional, con&nbsp; eficacia y perspectiva de g\u00e9nero.<\/p>\n\n\n\n<p class=\"wp-block-paragraph\">Detallada fue la programaci\u00f3n de&nbsp; los temas por Martha Iza,&nbsp; Consejera IEE, quien tiene previsto cinco sesiones semanales, los d\u00edas 6, 15, 22, 29 de febrero y&nbsp; 6 de marzo de 2024, en modalidad Hibrida, presencial y virtual, con tres horas de duraci\u00f3n&nbsp; de 17:00 a 20:00 horas.<\/p>\n\n\n\n<p class=\"wp-block-paragraph\">Temas tan interesantes que ser\u00e1n presentados por reconocidas ponentes&nbsp; como,&nbsp; Conferencia Sistema Pol\u00edtico Mexicano a cargo de Adriana Vizfocri Presidenta IEE y&nbsp; Retos de la participaci\u00f3n pol\u00edtica de las mujeres a cargo de Mar\u00eda Elena Abaroa, de MACC; Derechos de las Mujeres a Vivir una Vida Libre de Violencia a cargo de Licda&nbsp; Ma.&nbsp; Luz Fajardo Andrade de MACC. Se debatir\u00e1n detalles de una sentencia de violencia pol\u00edtica a raz\u00f3n de g\u00e9nero de la campa\u00f1a pasada.<\/p>\n\n\n\n<p class=\"wp-block-paragraph\">En otras de las sesiones se anuncian temas como &nbsp;Derechos Pol\u00edticos de las Mujeres y Violencia Pol\u00edtica contra las Mujeres a cargo por &nbsp;Nirvana Fabiola Rosales Ochoa y Construyendo Sororidad a cargo de Teresa Vald\u00e9s Betancourt, ambas de MACC; se incluye un amplio&nbsp; an\u00e1lisis del proceso electoral en Colima por la consejera IEE, Martha Iza &nbsp;y el tema de Inteligencia Emocional y Relaciones Interpersonales entre mujeres, a cargo de &nbsp;la doctora &nbsp;Rub\u00ed Graciano de Psicolog\u00eda.<\/p>\n\n\n\n<figure class=\"wp-block-image size-full\"><a href=\"https:\/\/redsemlac.com\/semmexico\/wp-content\/uploads\/2024\/01\/mujeres-eleciones-2024-03.jpg\"><img loading=\"lazy\" decoding=\"async\" width=\"564\" height=\"1024\" src=\"https:\/\/redsemlac.com\/semmexico\/wp-content\/uploads\/2024\/01\/mujeres-eleciones-2024-03.jpg\" alt=\"\" class=\"wp-image-76255\"\/><\/a><\/figure>\n\n\n\n<p class=\"wp-block-paragraph\">Dos conferencias magistrales, Partidos Pol\u00edticos y estrategias de campa\u00f1a a&nbsp; cargo de Amalia Garc\u00eda Diputada Federal &nbsp;y La funci\u00f3n p\u00fablica en los tiempos de paridad a cargo de Sara Lovera L\u00f3pez periodista y directora SEMMEXICO.<\/p>\n\n\n\n<p class=\"wp-block-paragraph\">Qued\u00f3 abierta la inscripci\u00f3n al Segundo taller de mujeres y pol\u00edtica,&nbsp;<\/p>\n\n\n\n<p class=\"wp-block-paragraph\">para quienes aspiren&nbsp; a integrar candidaturas de sus partidos o de manera independiente a competir en el proceso electoral 2024.<\/p>\n\n\n\n<p class=\"wp-block-paragraph\">M\u00e9xico gan\u00f3 jur\u00eddicamente la&nbsp; paridad&nbsp; y las aspirantes se preparar\u00e1n&nbsp; para cumplir con mejor calidad la funci\u00f3n p\u00fablica&nbsp; que&nbsp; reclama&nbsp; el voto de la ciudadan\u00eda.<\/p>\n\n\n\n<p class=\"wp-block-paragraph\">@Letra Clara&nbsp;&nbsp;<\/p>\n","protected":false},"excerpt":{"rendered":"<p>A fin retornar una buena experiencia de sororidad, las representantes del\u00a0 Instituto Electoral del Estado de Colima, IEE y la Asociaci\u00f3n\u00a0 Mujeres Agentes de Cambio A.C. MACC\u00a0 convocan al\u00a0 2do Taller multidisciplinario Mujeres y Pol\u00edtica<\/p>\n","protected":false},"author":3,"featured_media":76257,"comment_status":"open","ping_status":"open","sticky":false,"template":"","format":"standard","meta":{"_monsterinsights_skip_tracking":false,"footnotes":""},"categories":[27,141],"tags":[],"class_list":["post-76254","post","type-post","status-publish","format-standard","has-post-thumbnail","category-cobertura-especial","category-elecciones-2020-2021"],"_links":{"self":[{"href":"https:\/\/redsemlac.com\/semmexico\/wp-json\/wp\/v2\/posts\/76254","targetHints":{"allow":["GET"]}}],"collection":[{"href":"https:\/\/redsemlac.com\/semmexico\/wp-json\/wp\/v2\/posts"}],"about":[{"href":"https:\/\/redsemlac.com\/semmexico\/wp-json\/wp\/v2\/types\/post"}],"author":[{"embeddable":true,"href":"https:\/\/redsemlac.com\/semmexico\/wp-json\/wp\/v2\/users\/3"}],"replies":[{"embeddable":true,"href":"https:\/\/redsemlac.com\/semmexico\/wp-json\/wp\/v2\/comments?post=76254"}],"version-history":[{"count":0,"href":"https:\/\/redsemlac.com\/semmexico\/wp-json\/wp\/v2\/posts\/76254\/revisions"}],"wp:featuredmedia":[{"embeddable":true,"href":"https:\/\/redsemlac.com\/semmexico\/wp-json\/wp\/v2\/media\/76257"}],"wp:attachment":[{"href":"https:\/\/redsemlac.com\/semmexico\/wp-json\/wp\/v2\/media?parent=76254"}],"wp:term":[{"taxonomy":"category","embeddable":true,"href":"https:\/\/redsemlac.com\/semmexico\/wp-json\/wp\/v2\/categories?post=76254"},{"taxonomy":"post_tag","embeddable":true,"href":"https:\/\/redsemlac.com\/semmexico\/wp-json\/wp\/v2\/tags?post=76254"}],"curies":[{"name":"wp","href":"https:\/\/api.w.org\/{rel}","templated":true}]}}