{"id":76250,"date":"2024-01-18T16:20:51","date_gmt":"2024-01-18T22:20:51","guid":{"rendered":"https:\/\/redsemlac.com\/semmexico\/?p=76250"},"modified":"2024-01-18T16:20:52","modified_gmt":"2024-01-18T22:20:52","slug":"el-antifeminista-javier-milei-el-mas-solicitado-le-piden-60-reuniones-bilaterales-en-davos","status":"publish","type":"post","link":"https:\/\/redsemlac.com\/semmexico\/el-antifeminista-javier-milei-el-mas-solicitado-le-piden-60-reuniones-bilaterales-en-davos\/","title":{"rendered":"El antifeminista\u00a0Javier Milei el m\u00e1s solicitado: le piden 60 reuniones bilaterales en DAVOS"},"content":{"rendered":"\n<p class=\"wp-block-paragraph\">Durante 25 minutos, Milei hizo proselitismo de su ultraliberalismo libertario en el Foro Econ\u00f3mico Mundial<\/p>\n\n\n\n<p class=\"wp-block-paragraph\">El argentino defiende a la IP y al capital; ataca el Estado, la justicia social y la agenda feminista y ambiental<\/p>\n\n\n\n<p class=\"wp-block-paragraph\">Redacci\u00f3n<\/p>\n\n\n\n<p class=\"wp-block-paragraph\">SemM\u00e9xico\/El Sol de M\u00e9xico*,&nbsp; Davos, Suiza, 18 de enero, 2024.- DAVOS. El presidente argentino, Javier Milei, advirti\u00f3 ante la \u00e9lite mundial en el Foro de Davos que \u201cOccidente est\u00e1 en peligro\u201d, en un discurso en el que carg\u00f3 contra la justicia social, el feminismo y el medioambiente. La aparici\u00f3n del ultraliberal fue una de las m\u00e1s esperadas de la agenda hasta el punto de haber recibido 60 peticiones de reuniones bilaterales. Y no defraud\u00f3 a nadie: el Milei m\u00e1s aut\u00e9ntico se exhibi\u00f3 ante el gran auditorio.<\/p>\n\n\n\n<p class=\"wp-block-paragraph\">El presidente argentino, Javier Milei, advirti\u00f3 ante la \u00e9lite mundial en el Foro de Davos que \u201cOccidente est\u00e1 en peligro\u201d, en un discurso en el que carg\u00f3 contra la justicia social, el feminismo y el medioambiente.<\/p>\n\n\n\n<p class=\"wp-block-paragraph\">La aparici\u00f3n en p\u00fablico del ultraliberal era uno de los puntos m\u00e1s esperados de la agenda del Foro de Davos hasta el punto de haber recibido 60 peticiones de reuniones bilaterales para las pocas horas que iba a permanecer en Suiza. Y no defraud\u00f3 a nadie: el Milei m\u00e1s aut\u00e9ntico fue el que se exhibi\u00f3 ante el gran auditorio.<\/p>\n\n\n\n<figure class=\"wp-block-image size-full\"><a href=\"https:\/\/redsemlac.com\/semmexico\/wp-content\/uploads\/2024\/01\/antifeminista-milei-02.jpg\"><img loading=\"lazy\" decoding=\"async\" width=\"768\" height=\"479\" src=\"https:\/\/redsemlac.com\/semmexico\/wp-content\/uploads\/2024\/01\/antifeminista-milei-02.jpg\" alt=\"\" class=\"wp-image-76251\"\/><\/a><\/figure>\n\n\n\n<p class=\"wp-block-paragraph\">JAVIER MILEI PRESIDENTE ARGENTINO \u201cLos principales l\u00edderes del mundo occidental han abandonado las ideas de la libertad por distintas versiones de lo que llamamos colectivismo<\/p>\n\n\n\n<p class=\"wp-block-paragraph\">Como si de una c\u00e1tedra de la Escuela Austr\u00edaca de Econom\u00eda se tratase, el argentino desgran\u00f3 las bondades del capitalismo a ultranza e, incluso, denomin\u00f3 \u201ch\u00e9roes\u201d y \u201cbenefactores sociales\u201d a los empresarios que escuchaban su intervenci\u00f3n, adem\u00e1s de afirmar que el \u201cEstado no es la soluci\u00f3n\u201d, sino \u201cel problema mismo\u201d.<\/p>\n\n\n\n<p class=\"wp-block-paragraph\">\u201cUstedes son los creadores del per\u00edodo de prosperidad m\u00e1s grande que hemos vivido\u201d, les dijo Milei a los empresarios, por lo que les recomend\u00f3 que \u201cno cedan al avance del Estado\u201d.<\/p>\n\n\n\n<p class=\"wp-block-paragraph\">\u201cGracias al capitalismo de libre empresa el mundo est\u00e1 en su mejor momento\u201d, afirm\u00f3 desde el estrado, y remarc\u00f3 que \u201cel socialismo es un fen\u00f3meno empobrecedor (&#8230;) occidente est\u00e9 en peligro\u201d por el socialismo.<\/p>\n\n\n\n<p class=\"wp-block-paragraph\">Como se hab\u00eda filtrado, Milei no fue a Davos a hablar de su plan para desregular la econom\u00eda y desmontar el Estado o de la cr\u00edtica situaci\u00f3n de su pa\u00eds -con la peor inflaci\u00f3n de la regi\u00f3n y de las peores del mundo (211.4 por ciento) y m\u00e1s de un 40 por ciento de pobreza-, sino a hacer proselitismo de su ultraliberalismo libertario.<\/p>\n\n\n\n<p class=\"wp-block-paragraph\">Ante una sorprendida audiencia, Milei afirm\u00f3 que la justicia social \u00abde moda en la \u00faltima d\u00e9cada\u201d es \u201cintr\u00ednsecamente injusta\u201d, porque es violenta: \u201cel Estado se financia a trav\u00e9s de impuestos y los impuestos se cobran de manera coactiva\u201d.<\/p>\n\n\n\n<p class=\"wp-block-paragraph\">\u201cLos colectivistas no proponen libertad, sino m\u00e1s regulaci\u00f3n\u201d, afirm\u00f3, al tiempo que consider\u00f3 variantes colectivistas a los comunistas, fascistas, nazis, socialistas, socialdem\u00f3cratas, dem\u00f3cratas cristianos y globalistas, entre otros.<\/p>\n\n\n\n<p class=\"wp-block-paragraph\">Y rechaz\u00f3 que pueda haber \u201cfallos del mercado\u201d, ya que, en su opini\u00f3n, s\u00f3lo pueden existir si el Estado interviene.<\/p>\n\n\n\n<p class=\"wp-block-paragraph\">Tambi\u00e9n dijo que los socialistas \u201ccambiaron la lucha de clases\u201d por otros \u201csupuestos conflictos tambi\u00e9n nocivos para el sistema econ\u00f3mico\u201d, como las agendas del feminismo y el medioambiente.<\/p>\n\n\n\n<p class=\"wp-block-paragraph\">\u201cLa primera de estas nuevas batallas fue la pelea rid\u00edcula y antinatural entre el hombre y la mujer. El libertarismo ya establece la igualdad entre los sexos\u201d, indic\u00f3 el ultraderechista, quien dijo que \u201cen lo \u00fanico que devino la agenda feminista radical es en mayor intervenci\u00f3n del Estado para entorpecer el proceso econ\u00f3mico\u201d.<\/p>\n\n\n\n<p class=\"wp-block-paragraph\">Asimismo, puso en duda las \u201cideas nocivas\u201d de quienes \u201csostienen que los seres humanos da\u00f1amos el planeta y que debe ser protegido a toda costa, incluso llegando a abogar por el control poblacional o la agenda sangrienta del aborto\u201d.<\/p>\n\n\n\n<p class=\"wp-block-paragraph\"><strong><em>\u201dDISCURSO \u00abBIZARRO\u201d<\/em><\/strong><\/p>\n\n\n\n<p class=\"wp-block-paragraph\">El discurso de Milei dej\u00f3 con la boca abierta a una audiencia que, contra lo esperado, no llen\u00f3 el auditorio del Foro, donde la mitad de las butacas estaban vac\u00edas, afirm\u00f3 el peri\u00f3dico argentino La Naci\u00f3n.<\/p>\n\n\n\n<p class=\"wp-block-paragraph\">\u201c\u00a1Bizarro, con \u00e9l no se salva nadie!\u201d, dijo al diario un empresario brit\u00e1nico. \u201cEs un delirio absoluto\u201d, a\u00f1adi\u00f3 un periodista alem\u00e1n que no cre\u00eda lo que escuchaba.<\/p>\n\n\n\n<p class=\"wp-block-paragraph\">El viaje de Milei para participar en el Foro de Davos ha sido el primero internacional desde que asumi\u00f3 la Presidencia argentina, el pasado 10 de diciembre.<\/p>\n\n\n\n<p class=\"wp-block-paragraph\">Milei tuvo un encuentro con el ministro de Asuntos Exteriores del Reino Unido, David Cameron, con quien no habl\u00f3 de la &#8216;cuesti\u00f3n Malvinas&#8217;, pero s\u00ed acordaron que integre la agenda bilateral de los pr\u00f3ximos tiempos \u201ca nivel diplom\u00e1tico\u201d.<\/p>\n\n\n\n<p class=\"wp-block-paragraph\">La reuni\u00f3n m\u00e1s deseada por Milei era la que tuvo con la directora del Fondo Monetario Internacional (FMI), Kristalina Georgieva, quien, d\u00edas antes, hab\u00eda alabado sus pol\u00edticas de ajuste para frenar la crisis econ\u00f3mica que vive Argentina.<\/p>\n\n\n\n<p class=\"wp-block-paragraph\">Sin embargo, al mismo tiempo que Milei pontificaba contra el Estado, el Foro Econ\u00f3mico Mundial public\u00f3 un estudio que prev\u00e9 que la tasa de crecimiento global en 2030 caer\u00e1 a su tasa m\u00e1s baja en 30 a\u00f1os, debido los desaf\u00edos que plantea la crisis clim\u00e1tica, los conflictos geopol\u00edticos y la ausencia de planificaci\u00f3n econ\u00f3mica inclusiva y sostenible.<\/p>\n\n\n\n<p class=\"wp-block-paragraph\">Papa llama a ver por bien com\u00fan<\/p>\n\n\n\n<p class=\"wp-block-paragraph\">Ciudad del Vaticano: El papa Francisco inst\u00f3 a lidere pol\u00edticos, econ\u00f3micos y empresariales reunidos en Davos a ver m\u00e1s all\u00e1 del beneficio e intentar sanar un mundo, \u201c ves m\u00e1s lacerado\u201d con decisiones morales y \u00e9ticas.<\/p>\n\n\n\n<p class=\"wp-block-paragraph\">En una carta al presidente del Foro, Klaus Schwab, el pont\u00edfice les pidi\u00f3 impulsar la fraternidad en un clima internacional \u201cproblem\u00e1tico\u201d, y hacer frente a las \u201cinjusticias que est\u00e1n en la ra\u00edz de los conflictos\u201d, sobre todo el hambre y la explotaci\u00f3n de los recursos naturales en beneficio de pocos.<\/p>\n\n\n\n<p class=\"wp-block-paragraph\">\u201c\u00bfC\u00f3mo es posible que en el mundo actual la gente siga muriendo de hambre o siendo explotada?\u201d, dijo.<\/p>\n\n\n\n<p class=\"wp-block-paragraph\">Los estados y las empresas deben unirse para promover modelos de globalizaci\u00f3n \u201ccon visi\u00f3n de futuro y \u00e9ticamente s\u00f3lidos\u201d que sit\u00faen el bien com\u00fan por encima de la \u201cb\u00fasqueda del poder y el beneficio individual\u201d dijo.<\/p>\n\n\n\n<p class=\"wp-block-paragraph\">*Con informaci\u00f3n de AFP,EFE y Reuters<\/p>\n\n\n\n<figure class=\"wp-block-embed is-type-video is-provider-youtube wp-block-embed-youtube wp-embed-aspect-16-9 wp-has-aspect-ratio\"><div class=\"wp-block-embed__wrapper\">\n<div class=\"youtube-embed\" data-video_id=\"rfMICwbaBEI\"><iframe loading=\"lazy\" title=\"JAVIER MILEI EN DAVOS: \u201cEL SOCIALISMO ES UN FEN\u00d3MENO EMPOBRECEDOR QUE FRACAS\u00d3\u201d\" width=\"696\" height=\"392\" src=\"https:\/\/www.youtube.com\/embed\/rfMICwbaBEI?feature=oembed&#038;enablejsapi=1\" frameborder=\"0\" allow=\"accelerometer; autoplay; clipboard-write; encrypted-media; gyroscope; picture-in-picture; web-share\" referrerpolicy=\"strict-origin-when-cross-origin\" allowfullscreen><\/iframe><\/div>\n<\/div><\/figure>\n","protected":false},"excerpt":{"rendered":"<p>El presidente argentino, Javier Milei, advirti\u00f3 ante la \u00e9lite mundial en el Foro de Davos que \u201cOccidente est\u00e1 en peligro\u201d, en un discurso en el que carg\u00f3 contra la justicia social, el feminismo y el medioambiente.<\/p>\n","protected":false},"author":3,"featured_media":76252,"comment_status":"open","ping_status":"open","sticky":false,"template":"","format":"standard","meta":{"_monsterinsights_skip_tracking":false,"footnotes":""},"categories":[53],"tags":[],"class_list":["post-76250","post","type-post","status-publish","format-standard","has-post-thumbnail","category-internacional"],"_links":{"self":[{"href":"https:\/\/redsemlac.com\/semmexico\/wp-json\/wp\/v2\/posts\/76250","targetHints":{"allow":["GET"]}}],"collection":[{"href":"https:\/\/redsemlac.com\/semmexico\/wp-json\/wp\/v2\/posts"}],"about":[{"href":"https:\/\/redsemlac.com\/semmexico\/wp-json\/wp\/v2\/types\/post"}],"author":[{"embeddable":true,"href":"https:\/\/redsemlac.com\/semmexico\/wp-json\/wp\/v2\/users\/3"}],"replies":[{"embeddable":true,"href":"https:\/\/redsemlac.com\/semmexico\/wp-json\/wp\/v2\/comments?post=76250"}],"version-history":[{"count":0,"href":"https:\/\/redsemlac.com\/semmexico\/wp-json\/wp\/v2\/posts\/76250\/revisions"}],"wp:featuredmedia":[{"embeddable":true,"href":"https:\/\/redsemlac.com\/semmexico\/wp-json\/wp\/v2\/media\/76252"}],"wp:attachment":[{"href":"https:\/\/redsemlac.com\/semmexico\/wp-json\/wp\/v2\/media?parent=76250"}],"wp:term":[{"taxonomy":"category","embeddable":true,"href":"https:\/\/redsemlac.com\/semmexico\/wp-json\/wp\/v2\/categories?post=76250"},{"taxonomy":"post_tag","embeddable":true,"href":"https:\/\/redsemlac.com\/semmexico\/wp-json\/wp\/v2\/tags?post=76250"}],"curies":[{"name":"wp","href":"https:\/\/api.w.org\/{rel}","templated":true}]}}