{"id":76244,"date":"2024-01-18T14:25:47","date_gmt":"2024-01-18T20:25:47","guid":{"rendered":"https:\/\/redsemlac.com\/semmexico\/?p=76244"},"modified":"2024-01-18T14:25:55","modified_gmt":"2024-01-18T20:25:55","slug":"mujeres-exigen-esclarecer-feminicidio-de-adulta-mayor-mixe-en-quienagati-en-el-istmo","status":"publish","type":"post","link":"https:\/\/redsemlac.com\/semmexico\/mujeres-exigen-esclarecer-feminicidio-de-adulta-mayor-mixe-en-quienagati-en-el-istmo\/","title":{"rendered":"Mujeres exigen esclarecer feminicidio de adulta mayor Mixe, en Quienagati, en el Istmo"},"content":{"rendered":"\n<p class=\"wp-block-paragraph\">Denuncia que la violencia de g\u00e9nero que afecta a las mujeres de cualquier edad y en cualquier territorio de este pa\u00eds<\/p>\n\n\n\n<p class=\"wp-block-paragraph\">Advierten: &nbsp;especialmente la violencia &nbsp;feminicida, \u201cporque acaba con la vida de las mujeres, dejando una herida muy honda en las v\u00edctimas indirectas\u201d<\/p>\n\n\n\n<p class=\"wp-block-paragraph\">Patricia Brise\u00f1o<\/p>\n\n\n\n<p class=\"wp-block-paragraph\">SemM\u00e9xico, Oaxaca de Ju\u00e1rez, &nbsp;Oax., 18 de enero,&nbsp; 2024.- Mujeres mixes, organizadas de &nbsp;Santa Mar\u00eda Guienagati, demandaron el esclarecimiento del reciente feminicidio de una adulta mayor y exigieron medidas de no repetici\u00f3n, para que nunca m\u00e1s se cometa un crimen en su comunidad, asentada en la regi\u00f3n del Istmo de Tehuantepec.<\/p>\n\n\n\n<p class=\"wp-block-paragraph\">A trav\u00e9s de un pronunciamiento, manifestaron su rechazo a la violencia de g\u00e9nero que afecta a las mujeres de cualquier edad y en cualquier territorio de este pa\u00eds, especialmente la feminicida, \u201cporque acaba con la vida de las mujeres, dejando una herida muy honda en las v\u00edctimas indirectas\u201d.<\/p>\n\n\n\n<p class=\"wp-block-paragraph\">En el documento expusieron &nbsp;que el asesinato con violencia de una mujer mixe de la tercera edad, llamada Julia, sucedido el 1 de enero pasado, lastim\u00f3 a todas las mujeres y signific\u00f3 un cambio dr\u00e1stico en sus actividades diarias, en la rutina y en nuestras relaciones con las dem\u00e1s personas.&nbsp;<\/p>\n\n\n\n<p class=\"wp-block-paragraph\">\u201cEl dolor por una p\u00e9rdida que no tiene explicaci\u00f3n, el miedo y la inseguridad se han apoderado de nuestro d\u00eda a d\u00eda, ya que caminar, dormir y hacer cualquier actividad sola, implica un alto grado de riesgo para nuestras vidas\u201d, asentaron.<\/p>\n\n\n\n<p class=\"wp-block-paragraph\">Por lo anterior, &nbsp;exigieron a las autoridades federales, estatales y municipales el esclarecimiento del feminicidio de la mujer mixe, conforme a los protocolos y est\u00e1ndares con enfoque intercultural y perspectiva de g\u00e9nero, la reconstrucci\u00f3n del tejido social de la comunidad y la implementaci\u00f3n de medidas de no repetici\u00f3n, para evitar un nuevo crimen en la comunidad.<\/p>\n\n\n\n<p class=\"wp-block-paragraph\">En el mismo punto reclamaron a la autoridad municipal su participaci\u00f3n oportuna en la presentaci\u00f3n de todas las evidencias, \u201cno obstaculizar la investigaci\u00f3n de las autoridades estatales, el establecimiento de pol\u00edticas p\u00fablicas de prevenci\u00f3n y atenci\u00f3n, as\u00ed como medidas de seguridad y protecci\u00f3n&nbsp; para las mujeres\u201d.<\/p>\n\n\n\n<p class=\"wp-block-paragraph\">Expusieron que el caso de la adulta mayor mixe &nbsp;no es el \u00fanico sucedido en la comunidad, porque anteriormente Marycruz, Faustina e Isidora, tambi\u00e9n fueron v\u00edctimas de la violencia feminicida.<\/p>\n\n\n\n<p class=\"wp-block-paragraph\">Las mujeres organizadas de Santa Mar\u00eda Guienagati mencionaron que \u201cesta poblaci\u00f3n no est\u00e1 incluido dentro de los municipios con alerta de g\u00e9nero y como consecuencia, invisibiliza la gravedad de la realidad\u201d.<\/p>\n\n\n\n<p class=\"wp-block-paragraph\">Ante esta situaci\u00f3n, llamaron a la sociedad civil a mantenerse vigilante de la respuesta de las autoridades y hasta que se logre justicia para Julia y regrese la tranquilidad en la comunidad.<\/p>\n\n\n\n<p class=\"wp-block-paragraph\">Finalmente, exigieron garantizar la paz social, la vida, la libertad, la integridad y la seguridad de las mujeres en la comunidad, as\u00ed como la implementaci\u00f3n de pol\u00edticas p\u00fablicas de igualdad a fin de disminuir condiciones para la violencia de g\u00e9nero.<\/p>\n","protected":false},"excerpt":{"rendered":"<p>Mujeres mixes, organizadas de \u00a0Santa Mar\u00eda Guienagati, demandaron el esclarecimiento del reciente feminicidio de una adulta mayor y exigieron medidas de no repetici\u00f3n, para que nunca m\u00e1s se cometa un crimen en su comunidad, asentada en la regi\u00f3n del Istmo de Tehuantepec.<\/p>\n","protected":false},"author":3,"featured_media":76245,"comment_status":"open","ping_status":"open","sticky":false,"template":"","format":"standard","meta":{"_monsterinsights_skip_tracking":false,"footnotes":""},"categories":[700,54,48],"tags":[],"class_list":["post-76244","post","type-post","status-publish","format-standard","has-post-thumbnail","category-estados","category-mujeres","category-no-mas-impunidad-no-mas-impunidad"],"_links":{"self":[{"href":"https:\/\/redsemlac.com\/semmexico\/wp-json\/wp\/v2\/posts\/76244","targetHints":{"allow":["GET"]}}],"collection":[{"href":"https:\/\/redsemlac.com\/semmexico\/wp-json\/wp\/v2\/posts"}],"about":[{"href":"https:\/\/redsemlac.com\/semmexico\/wp-json\/wp\/v2\/types\/post"}],"author":[{"embeddable":true,"href":"https:\/\/redsemlac.com\/semmexico\/wp-json\/wp\/v2\/users\/3"}],"replies":[{"embeddable":true,"href":"https:\/\/redsemlac.com\/semmexico\/wp-json\/wp\/v2\/comments?post=76244"}],"version-history":[{"count":0,"href":"https:\/\/redsemlac.com\/semmexico\/wp-json\/wp\/v2\/posts\/76244\/revisions"}],"wp:featuredmedia":[{"embeddable":true,"href":"https:\/\/redsemlac.com\/semmexico\/wp-json\/wp\/v2\/media\/76245"}],"wp:attachment":[{"href":"https:\/\/redsemlac.com\/semmexico\/wp-json\/wp\/v2\/media?parent=76244"}],"wp:term":[{"taxonomy":"category","embeddable":true,"href":"https:\/\/redsemlac.com\/semmexico\/wp-json\/wp\/v2\/categories?post=76244"},{"taxonomy":"post_tag","embeddable":true,"href":"https:\/\/redsemlac.com\/semmexico\/wp-json\/wp\/v2\/tags?post=76244"}],"curies":[{"name":"wp","href":"https:\/\/api.w.org\/{rel}","templated":true}]}}