{"id":7620,"date":"2019-01-17T04:42:03","date_gmt":"2019-01-17T04:42:03","guid":{"rendered":"https:\/\/redsemlac.com\/semmexico\/?p=7620"},"modified":"2023-07-21T14:41:24","modified_gmt":"2023-07-21T19:41:24","slug":"ambigu-5","status":"publish","type":"post","link":"https:\/\/redsemlac.com\/semmexico\/ambigu-5\/","title":{"rendered":"Ambig\u00fa"},"content":{"rendered":"\n<p class=\"wp-block-paragraph\">Amlo y su \u201cgarrotazo a lo tonto al avispero\u201d del huachicol<\/p>\n\n\n\n<h5 class=\"wp-block-heading\"> En 17 d\u00edas, afectaci\u00f3n econ\u00f3mica por 4 mil mdp en Michoac\u00e1n: Silvano<\/h5>\n\n\n\n<p class=\"wp-block-paragraph\"><a href=\"https:\/\/semmexico.com\/gallery-post.php?id=6873#\">Martha Elba Torres<\/a><\/p>\n\n\n\n<p class=\"wp-block-paragraph\">SemM\u00e9xico, 17 enero 2019.- M\u00e1s que una respuesta, fue una reflexi\u00f3n la que le ped\u00ed al gobernador Silvano Aureoles, al anunciar ayer en rueda de prensa, las medidas adoptadas ante la contingencia del desabasto de gasolina en Michoac\u00e1n, porque le escuchaba una realidad distinta a la dibujada unas horas antes, por L\u00f3pez Obrador en Palacio Nacional.<\/p>\n\n\n\n<p class=\"wp-block-paragraph\"><strong>\u00bfA qui\u00e9n le creo: \u00bfa ti, y los 4 mil millones de pesos en afectaciones a la econom\u00eda del estado, o al Presidente que sigue con que no hay desabasto ni da\u00f1os y que vamos avanzando?<\/strong><\/p>\n\n\n\n<p class=\"wp-block-paragraph\">-A m\u00ed\u2026<\/p>\n\n\n\n<p class=\"wp-block-paragraph\"><strong>Y esta historia de la guerra contra el huachicoleo, me recuerda a la declarada por Felipe Calder\u00f3n contra el narcotr\u00e1fico, en diciembre de 2006 y estamos peor. \u00bfQu\u00e9 va a pasar?<\/strong><\/p>\n\n\n\n<p class=\"wp-block-paragraph\">\u201cPrimero, ustedes tienen que escribir la realidad. Ayer en la Ciudad de M\u00e9xico, y quisiera que no se perdieran en la confusi\u00f3n, ayer fue el tema central de las medidas que impulsaremos para apoyar al sector econ\u00f3mico del estado. \u00bfQu\u00e9 vimos ayer en la reuni\u00f3n con la secretaria de Gobernaci\u00f3n (Olga S\u00e1nchez Cordero)?<\/p>\n\n\n\n<p class=\"wp-block-paragraph\">\u201cEllos traen otra realidad y se los dijimos. Me preguntaron \u00bfcu\u00e1nto trae Michoac\u00e1n en abasto de gasolina? y les expliqu\u00e9 que tenemos 25 por ciento, mientras ellos traen una cifra del 86 por ciento. Y con esa informaci\u00f3n, sale el Presidente a decir que no hay problema y no se est\u00e1 afectando a la econom\u00eda. \u00a1Claro que se est\u00e1 afectando a la econom\u00eda! Ah\u00ed est\u00e1 el Banco de M\u00e9xico que baj\u00f3 la expectativa de crecimiento del 2.6 al 1.6 %\u201d.<\/p>\n\n\n\n<p class=\"wp-block-paragraph\">\u201cEntonces estamos hablando de cantidades muy distintas. Ustedes tienen sus cifras pero en la realidad pasa otra cosa, porque, una estaci\u00f3n acababa su gasolina en 12 horas y ahora lo hace en 2 horas, lo que esta asociado a las compras de p\u00e1nico por la falta de informaci\u00f3n.<\/p>\n\n\n\n<p class=\"wp-block-paragraph\">\u201cLuego me retaron con otras cifras. En el mismo periodo, en Michoac\u00e1n, los distribuidores de Pemex entregaban de 118 a 120 millones de litros, y ahora Pemex ha facturado 128 millones \u00bfQu\u00e9 significa? Que ha llegado m\u00e1s combustible pero no hay gasolina. Entonces vamos a revisar las condiciones espec\u00edficas, pero si realmente tuvi\u00e9ramos un abasto de 86 por ciento, no tendr\u00edamos mayor dificultad. Entonces ah\u00ed hay un asunto que tiene que analizarse a m\u00e1s profundidad y es que al Presidente le dicen una cosa y en la realidad pasa otra.<\/p>\n\n\n\n<p class=\"wp-block-paragraph\">\u201cLamentablemente se repite la historia. El actual Presidente trajo a \u00b4mecate corto\u00b4 a Felipe Calder\u00f3n por haberle declarado la guerra al narco y \u00bfcu\u00e1les son las palabras que us\u00f3 entonces?: le pegaron al avispero sin saber el tama\u00f1o.<\/p>\n\n\n\n<p class=\"wp-block-paragraph\">(El 20 de septiembre del a\u00f1o pasado, fueron descubiertos dos tr\u00e1ileres forenses del estado de Jalisco con cuerpos sin identificar. Al respecto, las palabras textuales del ya Presidente electo fueron: \u00abLos muertos que ponen en dos tr\u00e1ileres, es producto del fraude electoral del 2006, porque se desat\u00f3 la violencia. No ganaron la elecci\u00f3n en 2006, impusieron al presidente, y \u00e9l, para legitimarse, le declar\u00f3 la guerra al narcotr\u00e1fico y le peg\u00f3 un garrotazo a lo tonto al avispero. Y desde entonces hay mucha violencia en M\u00e9xico. La guerra contra el narcotr\u00e1fico debe de parar\u201d).<\/p>\n\n\n\n<p class=\"wp-block-paragraph\">Mi lectura \u2013prosigui\u00f3 Aureoles Conejo-, es que ahora tampoco sab\u00edan el tama\u00f1o de este, porque si lo habr\u00edan sabido, pues toman las medidas correspondientes. Entonces dos cosas:<\/p>\n\n\n\n<p class=\"wp-block-paragraph\">\u201cLa estrategia no fue bien planeada y la otra, es que ha habido informaci\u00f3n es dispersa, confusa; porque en unos estados, como aqu\u00ed, la informaci\u00f3n la Morena y el superdelegado (Roberto Pantoja) y no hay informaci\u00f3n precisa de Pemex, que es la autoridad y por eso se confunde m\u00e1s a la sociedad.<\/p>\n\n\n\n<p class=\"wp-block-paragraph\">\u201cLa realidad es que con esta medida, no dimensionaron el tama\u00f1o y poder\u00edo del grupo de bandas que tienen ingresos de m\u00e1s de 100 mil millones de pesos al a\u00f1o derivados del robo de hidrocarburo. No lo van a creer, pero abajo de las tuber\u00edas de Pemex, han descubierto grandes almacenes para que en cuesti\u00f3n de horas se ordenen miles de millones de metros c\u00fabicos de barriles; en un d\u00eda chuparon m\u00e1s 135 mil barriles.<\/p>\n\n\n\n<p class=\"wp-block-paragraph\">\u201cPor eso creo que es un problema grande y por eso nosotros nos organizamos y movemos los barriles desde L\u00e1zaro C\u00e1rdenas para abastecer. Acordamos que si hoy tenemos pipas, las movemos, pero tampoco resuelve. Otra, que se abrir\u00eda el ducto de Salamanca (este fin de semana) cuidado por soldados y marinos, pero si se detecta una baja presi\u00f3n, tendr\u00e1n que volver a cerrar. Entonces, hay que esperar a ver qu\u00e9 sucede\u2026\u201d<\/p>\n\n\n\n<p class=\"wp-block-paragraph\">&nbsp;&nbsp;&nbsp;&nbsp;&nbsp;&nbsp;&nbsp;&nbsp;&nbsp;&nbsp;&nbsp;&nbsp;&nbsp;&nbsp;&nbsp;&nbsp;&nbsp;&nbsp;&nbsp;&nbsp;&nbsp;&nbsp;&nbsp;&nbsp;&nbsp;&nbsp;&nbsp;&nbsp;&nbsp;&nbsp;&nbsp;&nbsp;&nbsp;&nbsp;&nbsp;&nbsp;&nbsp;&nbsp;&nbsp;&nbsp;&nbsp;&nbsp;&nbsp;&nbsp;&nbsp;&nbsp;&nbsp;&nbsp;&nbsp;&nbsp;&nbsp;&nbsp;&nbsp;&nbsp;&nbsp;&nbsp;&nbsp;&nbsp; ***<\/p>\n\n\n\n<p class=\"wp-block-paragraph\">\u00bfC\u00f3mo entender esas expresiones del Presidente, en su informe del mi\u00e9rcoles 16, sobre la crisis de la gasolina: \u201cs\u00ed tenemos el control (\u2026) pero debemos resolver r\u00e1pido\u201d?<\/p>\n\n\n\n<p class=\"wp-block-paragraph\">Para Echeverri (2003) la epistemolog\u00eda es ese punto de vista desde el cual se relaciona una o uno, con las cosas, con los fen\u00f3menos, con los hombres y eventualmente con lo trascendente. \u201cEsto, que se produce en el \u00e1mbito personal y cotidiano, tambi\u00e9n ocurre en el \u00e1mbito cient\u00edfico, donde proliferan distintas corrientes y sistemas de pensamiento que resultan ser, en definitiva, formas de ver el mundo\u201d.<\/p>\n\n\n\n<p class=\"wp-block-paragraph\">Conceptualizo: conocimiento que no lleva a indagar, buscar la verdad, as\u00ed sea para confrontar \u2013que es caso de esta columnista- y no usarlo para interpretar esas dos realidades sociales que tienen polarizados a quienes creen en la sobrenaturalidad de L\u00f3pez Obrador y quienes no, vale queso. En todo caso, es eso que dice Echeverri: formas de ver el mundo. Pero entonces me pongo a vender galletas. \u00a1H\u00edjole! Tambi\u00e9n me friego: hasta eso requiere ciencia.<\/p>\n\n\n\n<p class=\"wp-block-paragraph\">Dejo de filosofar y a lo que voy.<\/p>\n\n\n\n<p class=\"wp-block-paragraph\">L\u00f3pez Obrador dijo lo que dijo a 23 d\u00edas de echar a andar su estrategia cucha, incompleta, apresurada con tal de \u201ccumplir\u201d con sus fans, porque ante lo evidente ya no tiene m\u00e1s excusas. El control lo perdi\u00f3 desde que decidi\u00f3 por sus calzoncillos \u2013Roc\u00edo Nahle asegur\u00f3 que ella no fue-, cerrar las v\u00e1lvulas sin un plan de contingencia para el menor da\u00f1o posible a las cadenas productivas que mueven la econom\u00eda.<\/p>\n\n\n\n<p class=\"wp-block-paragraph\">Desde que decidi\u00f3 ser su propio vocero e improvisar \u2013reitero- todos los d\u00edas sobre la marcha y la ca\u00f3tica situaci\u00f3n que seguimos viviendo en los estados m\u00e1s afectados.<\/p>\n\n\n\n<p class=\"wp-block-paragraph\">Sin pesimismos, no tenemos ni la m\u00e1s remota idea de c\u00f3mo va a terminar esto; c\u00f3mo le dar\u00e1 L\u00f3pez Obrador cerrojo a la crisis de la gasolina, o en el peor de los escenarios, que contra los huachicoleros de dentro y fuera de Pemex, le pase lo que a Felipe Calder\u00f3n con la interminable guerra contra el narco.<\/p>\n\n\n\n<p class=\"wp-block-paragraph\">Le escuch\u00e9 al especialista en temas de seguridad, Alejandro Hope, con Ciro G\u00f3mez Leyva: \u201cesta guerra es el Vietnam de L\u00f3pez Obrador\u201d.<\/p>\n\n\n\n<p class=\"wp-block-paragraph\">Con toda sinceridad, esperamos que no\u2026<\/p>\n\n\n\n<p class=\"wp-block-paragraph\">&nbsp;&nbsp;&nbsp;&nbsp;&nbsp;&nbsp;&nbsp;&nbsp;&nbsp;&nbsp;&nbsp;&nbsp;&nbsp;&nbsp;&nbsp;&nbsp;&nbsp;&nbsp;&nbsp;&nbsp;&nbsp;&nbsp;&nbsp;&nbsp;&nbsp;&nbsp;&nbsp;&nbsp;&nbsp;&nbsp;&nbsp;&nbsp;&nbsp;&nbsp;&nbsp;&nbsp;&nbsp;&nbsp;&nbsp;&nbsp;&nbsp;&nbsp;&nbsp;&nbsp;&nbsp;&nbsp;&nbsp;&nbsp;&nbsp;&nbsp;&nbsp;&nbsp;&nbsp;&nbsp;&nbsp;&nbsp;&nbsp;&nbsp; ***<\/p>\n\n\n\n<p class=\"wp-block-paragraph\">*Echeverri, Luis Guillermo (2003) \u201c\u00bfQu\u00e9 es Epistemolog\u00eda?\u201d, revista Cinta de Moebio, n\u00fam. 18, diciembre. Facultad de Ciencias Sociales. Universidad de Chile.<br><\/p>\n","protected":false},"excerpt":{"rendered":"<p>Amlo y su \u201cgarrotazo a lo tonto al avispero\u201d del huachicol En 17 d\u00edas, afectaci\u00f3n econ\u00f3mica por 4 mil mdp en Michoac\u00e1n: Silvano Martha Elba Torres SemM\u00e9xico, 17 enero 2019.- M\u00e1s que una respuesta, fue una reflexi\u00f3n la que le ped\u00ed al gobernador Silvano Aureoles, al anunciar ayer en rueda de prensa, las medidas adoptadas [&hellip;]<\/p>\n","protected":false},"author":3,"featured_media":7562,"comment_status":"open","ping_status":"open","sticky":false,"template":"","format":"standard","meta":{"_monsterinsights_skip_tracking":false,"footnotes":""},"categories":[690,99,90,35],"tags":[],"class_list":["post-7620","post","type-post","status-publish","format-standard","has-post-thumbnail","category-690","category-ambigu","category-martha-elba-torres-martinez","category-opinion"],"_links":{"self":[{"href":"https:\/\/redsemlac.com\/semmexico\/wp-json\/wp\/v2\/posts\/7620","targetHints":{"allow":["GET"]}}],"collection":[{"href":"https:\/\/redsemlac.com\/semmexico\/wp-json\/wp\/v2\/posts"}],"about":[{"href":"https:\/\/redsemlac.com\/semmexico\/wp-json\/wp\/v2\/types\/post"}],"author":[{"embeddable":true,"href":"https:\/\/redsemlac.com\/semmexico\/wp-json\/wp\/v2\/users\/3"}],"replies":[{"embeddable":true,"href":"https:\/\/redsemlac.com\/semmexico\/wp-json\/wp\/v2\/comments?post=7620"}],"version-history":[{"count":0,"href":"https:\/\/redsemlac.com\/semmexico\/wp-json\/wp\/v2\/posts\/7620\/revisions"}],"wp:featuredmedia":[{"embeddable":true,"href":"https:\/\/redsemlac.com\/semmexico\/wp-json\/wp\/v2\/media\/7562"}],"wp:attachment":[{"href":"https:\/\/redsemlac.com\/semmexico\/wp-json\/wp\/v2\/media?parent=7620"}],"wp:term":[{"taxonomy":"category","embeddable":true,"href":"https:\/\/redsemlac.com\/semmexico\/wp-json\/wp\/v2\/categories?post=7620"},{"taxonomy":"post_tag","embeddable":true,"href":"https:\/\/redsemlac.com\/semmexico\/wp-json\/wp\/v2\/tags?post=7620"}],"curies":[{"name":"wp","href":"https:\/\/api.w.org\/{rel}","templated":true}]}}