{"id":76193,"date":"2024-01-17T14:33:36","date_gmt":"2024-01-17T20:33:36","guid":{"rendered":"https:\/\/redsemlac.com\/semmexico\/?p=76193"},"modified":"2024-01-17T14:33:37","modified_gmt":"2024-01-17T20:33:37","slug":"el-nuevo-hallazgo-de-fosas-clandestinas-en-sonora-subraya-una-vez-mas-la-impunidad-criminal-y-la-indolencia-gubernamental-causa-en-comun","status":"publish","type":"post","link":"https:\/\/redsemlac.com\/semmexico\/el-nuevo-hallazgo-de-fosas-clandestinas-en-sonora-subraya-una-vez-mas-la-impunidad-criminal-y-la-indolencia-gubernamental-causa-en-comun\/","title":{"rendered":"El nuevo hallazgo de fosas clandestinas en Sonora subraya, una vez m\u00e1s, la impunidad criminal y la indolencia gubernamental: Causa en Com\u00fan"},"content":{"rendered":"\n<ul class=\"wp-block-list\">\n<li><strong>Analiza incidencia en 9 delitos, m\u00e1s de 2 mil casos de violencia familiar<\/strong><\/li>\n\n\n\n<li><strong>Se solidariza con el descubrimiento de las madres buscadoras de Sonora y pide cambios en el nuevo gobierno<\/strong><\/li>\n<\/ul>\n\n\n\n<p class=\"wp-block-paragraph\"><strong>Redacci\u00f3n<\/strong><\/p>\n\n\n\n<p class=\"wp-block-paragraph\">SemM\u00e9xico, Ciudad de M\u00e9xico, 17 de enero, 2024.- De entrada la organizaci\u00f3n Causa en Com\u00fan, afirma que el cementerio clandestino descubierto en Hermosillo, Sonora, confronta por en\u00e9sima ocasi\u00f3n al Estado mexicano con la tragedia de la desaparici\u00f3n de personas en nuestro pa\u00eds.<\/p>\n\n\n\n<p class=\"wp-block-paragraph\">Por ello expresa su solidaridad con el colectivo de Madres Buscadoras de Sonora y con todas las familias que buscan a sus desaparecidos, y se une al reclamo por la claudicaci\u00f3n del gobierno federal y gobiernos locales ante los criminales que destruyen impunemente familias y comunidades en todo M\u00e9xico.<\/p>\n\n\n\n<h4 class=\"wp-block-heading\"><strong>Posicionamiento:<\/strong><\/h4>\n\n\n\n<p class=\"wp-block-paragraph\">El \u00faltimo hallazgo de al menos 29 fosas con al menos 30 cuerpos, en Hermosillo, Sonora, se suma al listado interminable de terror que se acumula en nuestro pa\u00eds.<\/p>\n\n\n\n<p class=\"wp-block-paragraph\">Tan s\u00f3lo durante el a\u00f1o pasado, Causa en Com\u00fan acumul\u00f3 registros period\u00edsticos de al menos 297 fosas clandestinas, a las cuales se suman al menos 290 en 2022, al menos 556 en 2021, y al menos 1,350 en 2020.<\/p>\n\n\n\n<p class=\"wp-block-paragraph\">En cuanto a inseguridad, el gobierno actual se ha caracterizado por una amable condescendencia hacia los grupos criminales que matan, secuestran y extorsionan sin que nada ni nadie los detenga, por una militarizaci\u00f3n inepta enfocada en los presupuestos y en los negocios, por la reducci\u00f3n de apoyos federales para las polic\u00edas locales, por la politizaci\u00f3n plena de la procuraci\u00f3n de justicia, por el secuestro de la Comisi\u00f3n Nacional de Derechos Humanos, por dejar en la inoperancia la Comisi\u00f3n Ejecutiva de Atenci\u00f3n a V\u00edctimas, y \u00faltimamente por la destrucci\u00f3n del Registro Nacional de Personas Desaparecidas y de la Comisi\u00f3n Nacional de B\u00fasqueda.<\/p>\n\n\n\n<figure class=\"wp-block-image size-large\"><a href=\"https:\/\/redsemlac.com\/semmexico\/wp-content\/uploads\/2024\/01\/Imagen3-8.jpg\"><img decoding=\"async\" src=\"https:\/\/redsemlac.com\/semmexico\/wp-content\/uploads\/2024\/01\/Imagen3-8-819x1024.jpg\" alt=\"\" class=\"wp-image-76195\"\/><\/a><\/figure>\n\n\n\n<p class=\"wp-block-paragraph\">Estos niveles de irresponsabilidad y de indiferencia hacia el dolor de los mexicanos son la contraparte funcional de la impunidad criminal que se expresa en los innumerables cr\u00edmenes que se acumulan sin denuncia, sin investigaci\u00f3n y sin sentencia, muchos de ellos propios de conflictos armados.<\/p>\n\n\n\n<p class=\"wp-block-paragraph\">Hacemos un llamado a las autoridades para iniciar sin dilaci\u00f3n las labores de identificaci\u00f3n de los restos localizados en Hermosillo y en todas las fosas clandestinas del pa\u00eds, y a ofrecer a los colectivos de b\u00fasqueda la protecci\u00f3n que requieren.<\/p>\n\n\n\n<p class=\"wp-block-paragraph\">Hacia el futuro, consideramos que nada es m\u00e1s urgente que un cambio pol\u00edtico que permita revertir la destrucci\u00f3n de las instituciones de seguridad, de procuraci\u00f3n de justicia y de atenci\u00f3n a v\u00edctimas; una destrucci\u00f3n que s\u00f3lo tiene sentido en t\u00e9rminos de la claudicaci\u00f3n frente a los criminales que a su vez destruyen al pa\u00eds.<\/p>\n\n\n\n<p class=\"wp-block-paragraph\"><strong><em>Analiza Causa en Com\u00fan los registros de incidencia de 9 delitos<\/em><\/strong><\/p>\n\n\n\n<p class=\"wp-block-paragraph\"><strong><em>Crece la violencia familiar<\/em><\/strong><\/p>\n","protected":false},"excerpt":{"rendered":"<p>Analiza incidencia en 9 delitos, m\u00e1s de 2 mil casos de violencia familiar<\/p>\n","protected":false},"author":3,"featured_media":76194,"comment_status":"open","ping_status":"open","sticky":false,"template":"","format":"standard","meta":{"_monsterinsights_skip_tracking":false,"footnotes":""},"categories":[48],"tags":[142],"class_list":["post-76193","post","type-post","status-publish","format-standard","has-post-thumbnail","category-no-mas-impunidad-no-mas-impunidad","tag-violencia"],"_links":{"self":[{"href":"https:\/\/redsemlac.com\/semmexico\/wp-json\/wp\/v2\/posts\/76193","targetHints":{"allow":["GET"]}}],"collection":[{"href":"https:\/\/redsemlac.com\/semmexico\/wp-json\/wp\/v2\/posts"}],"about":[{"href":"https:\/\/redsemlac.com\/semmexico\/wp-json\/wp\/v2\/types\/post"}],"author":[{"embeddable":true,"href":"https:\/\/redsemlac.com\/semmexico\/wp-json\/wp\/v2\/users\/3"}],"replies":[{"embeddable":true,"href":"https:\/\/redsemlac.com\/semmexico\/wp-json\/wp\/v2\/comments?post=76193"}],"version-history":[{"count":0,"href":"https:\/\/redsemlac.com\/semmexico\/wp-json\/wp\/v2\/posts\/76193\/revisions"}],"wp:featuredmedia":[{"embeddable":true,"href":"https:\/\/redsemlac.com\/semmexico\/wp-json\/wp\/v2\/media\/76194"}],"wp:attachment":[{"href":"https:\/\/redsemlac.com\/semmexico\/wp-json\/wp\/v2\/media?parent=76193"}],"wp:term":[{"taxonomy":"category","embeddable":true,"href":"https:\/\/redsemlac.com\/semmexico\/wp-json\/wp\/v2\/categories?post=76193"},{"taxonomy":"post_tag","embeddable":true,"href":"https:\/\/redsemlac.com\/semmexico\/wp-json\/wp\/v2\/tags?post=76193"}],"curies":[{"name":"wp","href":"https:\/\/api.w.org\/{rel}","templated":true}]}}