{"id":76167,"date":"2024-01-17T13:00:02","date_gmt":"2024-01-17T19:00:02","guid":{"rendered":"https:\/\/redsemlac.com\/semmexico\/?p=76167"},"modified":"2024-01-17T13:00:02","modified_gmt":"2024-01-17T19:00:02","slug":"adoptar-la-identidad-digital-reutilizable-es-clave-para-construir-sociedades-prosperas-y-economicamente-incluyentes-ricardo-amper","status":"publish","type":"post","link":"https:\/\/redsemlac.com\/semmexico\/adoptar-la-identidad-digital-reutilizable-es-clave-para-construir-sociedades-prosperas-y-economicamente-incluyentes-ricardo-amper\/","title":{"rendered":"Adoptar la identidad digital reutilizable es clave para construir sociedades pr\u00f3speras y econ\u00f3micamente incluyentes: Ricardo Amper"},"content":{"rendered":"\n<ul class=\"wp-block-list\">\n<li><strong>La identidad digital reutilizable reduce costos para hacer negocios.<\/strong><\/li>\n\n\n\n<li><strong>Disminuye grandemente el fraude en interacciones p\u00fablicas y privadas.<\/strong><\/li>\n\n\n\n<li><strong>Es fundamental para reconstruir la confianza entre empresas, gobiernos y ciudadanos<\/strong><\/li>\n<\/ul>\n\n\n\n<p class=\"wp-block-paragraph\"><strong>Redacci\u00f3n<\/strong><\/p>\n\n\n\n<p class=\"wp-block-paragraph\">SemM\u00e9xico, Davos, Suiza, 17 de enero, 2024.- Una forma de hacer frente a la necesidad de construir sociedades m\u00e1s seguras, pr\u00f3speras y econ\u00f3micamente incluyentes, es con identidades digitales reutilizables que reconstruyen la confianza entre empresas, gobiernos y ciudadanos, declar\u00f3 Ricardo Amper, fundador y CEO de Incode Technologies, empresa global l\u00edder en verificaci\u00f3n de identidad, en conversaciones con asistentes al Foro Econ\u00f3mico Mundial de Davos.<\/p>\n\n\n\n<p class=\"wp-block-paragraph\">\u201cLa identidad digital reutilizable promueve la participaci\u00f3n social plena en la econom\u00eda, mejora el acceso a trabajos y reduce grandemente el fraude en interacciones p\u00fablicas y privadas, lo que da como resultado menores costos para hacer negocios y mayor confianza entre empresas, gobiernos y personas\u201d, se\u00f1al\u00f3 Amper.<\/p>\n\n\n\n<p class=\"wp-block-paragraph\">Las expectativas y preocupaciones sobre nuevas tecnolog\u00edas como la Inteligencia Artificial Generativa (IAG), es una de las prioridades tem\u00e1ticas en la agenda del Foro Econ\u00f3mico Mundial de Davos. Dentro de la agenda del FEM se realizaron diferentes foros y debates sobre IA con la participaci\u00f3n de l\u00edderes globales, empresarios y expertos, para analizar las regulaciones y el uso responsable de la tecnolog\u00eda, la seguridad digital, sus aplicaciones en educaci\u00f3n, salud, inclusi\u00f3n, el rol protag\u00f3nico que est\u00e1 teniendo en el sistema financiero global, as\u00ed como su importancia en la nueva transformaci\u00f3n industrial y hasta el desarrollo sostenible.<\/p>\n\n\n\n<p class=\"wp-block-paragraph\"><strong><em>Acerca de Incode<\/em><\/strong><\/p>\n\n\n\n<p class=\"wp-block-paragraph\">Incode es la plataforma de pr\u00f3xima generaci\u00f3n para la verificaci\u00f3n y autenticaci\u00f3n de identidad, que est\u00e1 reinventando la forma en que los seres humanos verifican su identidad e interact\u00faan con las empresas m\u00e1s grandes del mundo, con una experiencia basada en Inteligencia Artificial (IA) sumamente segura y agradable. La plataforma de Incode totalmente automatizada de extremo a extremo, permite un acceso perfecto a trav\u00e9s de m\u00faltiples canales con productos enfocados en la incorporaci\u00f3n, autenticaci\u00f3n y verificaci\u00f3n de pagos que aumentan la conversi\u00f3n y reducen el fraude. Con su misi\u00f3n de generar confianza y democratizar accesos, Incode trabaja con una serie de bancos, fintech, hoteles, gobiernos y mercados m\u00e1s grandes del mundo. Incode tiene su sede en San Francisco y oficinas en Europa y Am\u00e9rica Latina. Para conocer m\u00e1s sobre Incode, visite www.incode.com<\/p>\n","protected":false},"excerpt":{"rendered":"<p>La identidad digital reutilizable reduce costos para hacer negocios.<\/p>\n","protected":false},"author":3,"featured_media":76168,"comment_status":"open","ping_status":"open","sticky":false,"template":"","format":"standard","meta":{"_monsterinsights_skip_tracking":false,"footnotes":""},"categories":[702],"tags":[],"class_list":["post-76167","post","type-post","status-publish","format-standard","has-post-thumbnail","category-economia"],"_links":{"self":[{"href":"https:\/\/redsemlac.com\/semmexico\/wp-json\/wp\/v2\/posts\/76167","targetHints":{"allow":["GET"]}}],"collection":[{"href":"https:\/\/redsemlac.com\/semmexico\/wp-json\/wp\/v2\/posts"}],"about":[{"href":"https:\/\/redsemlac.com\/semmexico\/wp-json\/wp\/v2\/types\/post"}],"author":[{"embeddable":true,"href":"https:\/\/redsemlac.com\/semmexico\/wp-json\/wp\/v2\/users\/3"}],"replies":[{"embeddable":true,"href":"https:\/\/redsemlac.com\/semmexico\/wp-json\/wp\/v2\/comments?post=76167"}],"version-history":[{"count":0,"href":"https:\/\/redsemlac.com\/semmexico\/wp-json\/wp\/v2\/posts\/76167\/revisions"}],"wp:featuredmedia":[{"embeddable":true,"href":"https:\/\/redsemlac.com\/semmexico\/wp-json\/wp\/v2\/media\/76168"}],"wp:attachment":[{"href":"https:\/\/redsemlac.com\/semmexico\/wp-json\/wp\/v2\/media?parent=76167"}],"wp:term":[{"taxonomy":"category","embeddable":true,"href":"https:\/\/redsemlac.com\/semmexico\/wp-json\/wp\/v2\/categories?post=76167"},{"taxonomy":"post_tag","embeddable":true,"href":"https:\/\/redsemlac.com\/semmexico\/wp-json\/wp\/v2\/tags?post=76167"}],"curies":[{"name":"wp","href":"https:\/\/api.w.org\/{rel}","templated":true}]}}