{"id":76067,"date":"2024-01-15T11:20:15","date_gmt":"2024-01-15T17:20:15","guid":{"rendered":"https:\/\/redsemlac.com\/semmexico\/?p=76067"},"modified":"2024-01-15T11:20:16","modified_gmt":"2024-01-15T17:20:16","slug":"el-ine-busca-garantizar-derechos-de-las-mujeres-en-politica-traduce-informacion-sobre-violencia-politica-contra-las-mujeres-en-razon-de-genero-en-cinco-lenguas","status":"publish","type":"post","link":"https:\/\/redsemlac.com\/semmexico\/el-ine-busca-garantizar-derechos-de-las-mujeres-en-politica-traduce-informacion-sobre-violencia-politica-contra-las-mujeres-en-razon-de-genero-en-cinco-lenguas\/","title":{"rendered":"El INE busca garantizar derechos de las mujeres en pol\u00edtica, traduce Informaci\u00f3n sobre Violencia Pol\u00edtica contra las Mujeres en Raz\u00f3n de G\u00e9nero, en cinco lenguas"},"content":{"rendered":"\n<ul class=\"wp-block-list\">\n<li><strong><em>El documento se tradujo&nbsp;a maya, mixteco, n\u00e1huatl,&nbsp;tseltal&nbsp;y zapoteco, para que las ind\u00edgenas conozcan como la atiende esa instituci\u00f3n<\/em><\/strong><\/li>\n<\/ul>\n\n\n\n<ul class=\"wp-block-list\">\n<li><strong><em>Se trata del protocolo elaborado en 2022, efectivo para las elecciones de este a\u00f1o<\/em><\/strong><\/li>\n<\/ul>\n\n\n\n<p class=\"wp-block-paragraph\"><strong>Libertad L\u00f3pez<\/strong><\/p>\n\n\n\n<p class=\"wp-block-paragraph\">SemM\u00e9xico, Ciudad de M\u00e9xico, 15 de enero, 2024.- El Instituto Nacional Electoral (INE) traduce material con contenido del&nbsp;<em>Protocolo para la atenci\u00f3n a v\u00edctimas y la elaboraci\u00f3n del an\u00e1lisis de riesgo en los casos d<\/em><em>e V<\/em><em>iolencia Pol\u00edtica contra las Mujeres en Raz\u00f3n de G\u00e9nero&nbsp;<\/em><em>(VPMRG)&nbsp;<\/em>a&nbsp;maya, mixteco, n\u00e1huatl, tseltal y zapoteco para garantizar el derecho de las mujeres hablantes de lenguas ind\u00edgenas a conocer las v\u00edas de atenci\u00f3n que ofrece este mecanismo.<\/p>\n\n\n\n<p class=\"wp-block-paragraph\">En un reportaje de Estrella Pedroza, donde&nbsp; habl\u00f3 con 8 de las 22 regidoras ind\u00edgenas electas en el estado de Morelos encontr\u00f3&nbsp; que&nbsp; todas las consultadas hab\u00edan sido objeto de violencia pol\u00edtica, es decir, al menos el 36% de estas funcionarias fueron objeto de burlas, minimizaci\u00f3n de sus acciones, no ser convocadas a reuniones o un control excesivo por parte de las y los alcaldes, entre otras violencias.<\/p>\n\n\n\n<p class=\"wp-block-paragraph\">En septiembre de 2023 la consejera Carla Humphrey Jord\u00e1n, dijo que el Registro Nacional de Personas Sancionadas en Materia de Violencia Pol\u00edtica contra las Mujeres en Raz\u00f3n de G\u00e9nero (VPMRG), da cuenta de 350 personas sancionadas, de las cuales 109 son de Oaxaca y 58 son mujeres, lo que muestra que \u201ctambi\u00e9n violentan mujeres\u201d y otro tema relevante es que el 70 por ciento de los casos se presenta en pueblos y comunidades ind\u00edgenas, en el \u00e1mbito municipal. En 2018, Oaxaca fue una de las entidades donde las pol\u00edticas ind\u00edgenas sufrieron actos de violencia, al desempe\u00f1arse en puestos municipales o haber ganado elecciones.<\/p>\n\n\n\n<p class=\"wp-block-paragraph\"><strong>El dato en esta acci\u00f3n<\/strong><\/p>\n\n\n\n<p class=\"wp-block-paragraph\">La encuesta en hogares de INEGI &nbsp;de 2021 registr\u00f3 que el 38.7% de las mujeres de 15 a\u00f1os y m\u00e1s han sufrido violencia comunitaria a lo largo de su vida, principalmente en la calle, parques y transporte p\u00fablico. El 66.8% de las agresiones son de tipo sexual, 23.3% emocional y 9.9% f\u00edsica.<\/p>\n\n\n\n<p class=\"wp-block-paragraph\">En el \u00e1mbito comunitario, cabe destacar que las mujeres ind\u00edgenas presentan menores \u00edndices de violencia tanto a lo largo de su vida como en los \u00faltimos 12 meses con 26.6% y 15.6% respectivamente, mientras que las mujeres no ind\u00edgenas presentan mayor porcentaje de violencia 39.9% y 24.1%, con una diferencia de m\u00e1s de 10 puntos porcentuales en ambos casos.<\/p>\n\n\n\n<p class=\"wp-block-paragraph\"><a><\/a>El 25 de febrero de 2022, el Consejo General aprob\u00f3 el Protocolo de actuaci\u00f3n, con la finalidad de establecer los ejes rectores de la atenci\u00f3n de primer contacto y de la elaboraci\u00f3n del an\u00e1lisis de riesgo que permitan determinar la necesidad de dictar las medidas de protecci\u00f3n y\/o plan de seguridad a las mujeres que presenten una queja o denuncia por VPMRG ante el INE, as\u00ed como su seguimiento.<\/p>\n\n\n\n<p class=\"wp-block-paragraph\">Con el objetivo de asegurar el derecho de las mujeres hablantes de lenguas ind\u00edgenas a conocer los mecanismos de atenci\u00f3n en caso de ser v\u00edctimas de esta modalidad de violencia, se realizaron diversas gestiones para la traducci\u00f3n de elementos relevantes del protocolo a lenguas ind\u00edgenas.<\/p>\n\n\n\n<p class=\"wp-block-paragraph\">Entre las acciones que se llevaron a cabo para cumplir con este fin, se recibi\u00f3 orientaci\u00f3n de personas expertas en la materia para abordar aspectos que deben considerarse en la traducci\u00f3n, criterios para la definici\u00f3n de lenguas, poblaci\u00f3n objetivo y dem\u00e1s elementos que resulten relevantes en el tema.<\/p>\n\n\n\n<p class=\"wp-block-paragraph\">Para mayor compresi\u00f3n, tanto del protocolo como de los derechos pol\u00edticos de las mujeres, se difundir\u00e1 informaci\u00f3n que explique de manera clara y sencilla la finalidad del documento y sus ejes rectores.<\/p>\n\n\n\n<p class=\"wp-block-paragraph\">A la par, se dar\u00e1n a conocer algunas medidas que son facultad del INE y que se podr\u00e1n implementar en el supuesto de que una mujer sea v\u00edctima de Violencia Pol\u00edtica contra las Mujeres en Raz\u00f3n de G\u00e9nero.<\/p>\n","protected":false},"excerpt":{"rendered":"<p>El documento se tradujo\u00a0a maya, mixteco, n\u00e1huatl,\u00a0tseltal\u00a0y zapoteco, para que las ind\u00edgenas conozcan como la atiende esa instituci\u00f3n<\/p>\n","protected":false},"author":3,"featured_media":76068,"comment_status":"open","ping_status":"open","sticky":false,"template":"","format":"standard","meta":{"_monsterinsights_skip_tracking":false,"footnotes":""},"categories":[141],"tags":[228,149],"class_list":["post-76067","post","type-post","status-publish","format-standard","has-post-thumbnail","category-elecciones-2020-2021","tag-elecciones","tag-mujeres"],"_links":{"self":[{"href":"https:\/\/redsemlac.com\/semmexico\/wp-json\/wp\/v2\/posts\/76067","targetHints":{"allow":["GET"]}}],"collection":[{"href":"https:\/\/redsemlac.com\/semmexico\/wp-json\/wp\/v2\/posts"}],"about":[{"href":"https:\/\/redsemlac.com\/semmexico\/wp-json\/wp\/v2\/types\/post"}],"author":[{"embeddable":true,"href":"https:\/\/redsemlac.com\/semmexico\/wp-json\/wp\/v2\/users\/3"}],"replies":[{"embeddable":true,"href":"https:\/\/redsemlac.com\/semmexico\/wp-json\/wp\/v2\/comments?post=76067"}],"version-history":[{"count":0,"href":"https:\/\/redsemlac.com\/semmexico\/wp-json\/wp\/v2\/posts\/76067\/revisions"}],"wp:featuredmedia":[{"embeddable":true,"href":"https:\/\/redsemlac.com\/semmexico\/wp-json\/wp\/v2\/media\/76068"}],"wp:attachment":[{"href":"https:\/\/redsemlac.com\/semmexico\/wp-json\/wp\/v2\/media?parent=76067"}],"wp:term":[{"taxonomy":"category","embeddable":true,"href":"https:\/\/redsemlac.com\/semmexico\/wp-json\/wp\/v2\/categories?post=76067"},{"taxonomy":"post_tag","embeddable":true,"href":"https:\/\/redsemlac.com\/semmexico\/wp-json\/wp\/v2\/tags?post=76067"}],"curies":[{"name":"wp","href":"https:\/\/api.w.org\/{rel}","templated":true}]}}