{"id":75854,"date":"2024-01-08T18:45:36","date_gmt":"2024-01-09T00:45:36","guid":{"rendered":"https:\/\/redsemlac.com\/semmexico\/?p=75854"},"modified":"2024-01-08T18:49:47","modified_gmt":"2024-01-09T00:49:47","slug":"opinion-por-el-bien-de-la-republica","status":"publish","type":"post","link":"https:\/\/redsemlac.com\/semmexico\/opinion-por-el-bien-de-la-republica\/","title":{"rendered":"Opini\u00f3n| Por el bien de la Rep\u00fablica"},"content":{"rendered":"\n<p class=\"wp-block-paragraph\"><strong>Florencio Salazar<\/strong><\/p>\n\n\n\n<p class=\"has-text-align-right wp-block-paragraph\"><strong><em>El valor de gobernar est\u00e1 primariamente en funci\u00f3n de los futuros deseados.<\/em><\/strong><\/p>\n\n\n\n<p class=\"has-text-align-right wp-block-paragraph\"><strong><em>Daniel Innerarity.<\/em><\/strong><\/p>\n\n\n\n<p class=\"wp-block-paragraph\">SemM\u00e9xico, Chilpancingo, Guerrero, 08 de enero 2024.- Don Jes\u00fas Reyes Heroles (1921-85) fue leg\u00edtimo heredero de los liberales del siglo XIX. Sus ideas est\u00e1n enraizadas en los principios republicanos sustentados en la democracia, los derechos pol\u00edticos y la sujeci\u00f3n a la Constituci\u00f3n; pensador profundo, servidor p\u00fablico impecable y pol\u00edtico con visi\u00f3n de Estado. Sus discursos pol\u00edticos pronunciados como presidente nacional del PRI (1972-75), con el t\u00edtulo Avancemos con la sonda en la mano, son vigentes. Como secretario de Gobernaci\u00f3n (1976-79), impuls\u00f3 la Reforma pol\u00edtica que reconoci\u00f3 la pluralidad y creando condiciones para que pudieran acceder al poder, por la v\u00eda democr\u00e1tica, corrientes y organizaciones de izquierda, incluyendo al Partido Comunista Mexicano. Don Jes\u00fas Reyes Heroles llev\u00f3 la pol\u00edtica a momentos cenitales en nuestro pa\u00eds. A trav\u00e9s del di\u00e1logo orient\u00f3 al pa\u00eds hacia su plenitud democr\u00e1tica. Por su recia personalidad, los analistas pol\u00edticos la llamaban Jes\u00fas del gran poder.<\/p>\n\n\n\n<p class=\"wp-block-paragraph\">Para Reyes Heroles las instituciones son promotoras del cambio, ya que nuestra Constituci\u00f3n establece los mecanismos para sus reformas. Los cambios, sin embargo, exigen \u201cla convivencia pac\u00edfica\u201d, bajo el principio cardinal de que \u201cel poder lo ejerzan aquellos que por decisi\u00f3n del pueblo lo representan\u201d. Es decir, de aquellos que llegan al poder con legitimidad y lo ejercen de igual manera. Como se\u00f1ala Yuval Noah Harari: \u201cGobiernos en apariencia democr\u00e1ticos socavan la independencia del poder judicial, restringen la libertad de prensa y califican de traici\u00f3n cualquier tipo de oposici\u00f3n\u201d. Por eso es fundamental la independencia de la Suprema Corte de Justicia de la Naci\u00f3n, pues en la recurrencia de abusos del Ejecutivo, corresponde a la Corte poner las cosas en su lugar. Esa es la sabidur\u00eda del constituyente mexicano; establece el equilibrio entre los poderes para evitar que uno solo pretenda concentrarlo. Si el Legislativo se subordina al Ejecutivo, es facultad del Judicial la delicada tarea de mantener vigentes los principios constitucionales y sostener nuestro r\u00e9gimen democr\u00e1tico y republicano. De ah\u00ed la categ\u00f3rica afirmaci\u00f3n de don Jes\u00fas Reyes Heroles: \u201cCon las instituciones todo, incluso su cambio; contra ellas nada\u201d.<\/p>\n\n\n\n<p class=\"wp-block-paragraph\">Reyes Heroles advierte del riesgo de \u201ccaer en la vaciedad de quienes creen en los bruscos cortes, en las rupturas hist\u00f3ricas, que la historia misma desmiente\u201d. De ah\u00ed la importancia de que el pol\u00edtico sea un sujeto con comprensi\u00f3n de la historia, a fin de que pueda alejarse de arrebatos y mesianismos. Somos plurales en lo pol\u00edtico, pero tambi\u00e9n en lo \u00e9tnico, econ\u00f3mico y social. Nos hemos dado una Rep\u00fablica soberana y democr\u00e1tica; de instituciones consecuencia de nuestros grandes episodios nacionales. No debemos diluir la idea de lo que somos como comunidad nacional. M\u00e9xico es una fina maquinaria de relojer\u00eda, cuyo desajuste implicar\u00eda altos riesgos.<\/p>\n\n\n\n<p class=\"wp-block-paragraph\">\u201cColoquio constante con todo \u2013dice Reyes Heroles\u2013 piensen como piensen; confianza en nuestras ideas; ver con ojo escudri\u00f1ador lo que nos rodea; leer con avidez, escribir y hablar, ganar la c\u00e1tedra, conquistar todos los triunfos ideol\u00f3gicos, ir a las plazas, ser, si esto sirve, hasta predicadores dominicales; dialogar con los campesinos, con los obreros, con la amplia y ramificada clase media, para ser orientados y poder orientar. Llevar la pol\u00edtica a todas partes, hasta a las academias, si es necesario; aprovechar al m\u00e1ximo la fuerza de la pol\u00edtica, que es, en el fondo, nuestra mayor fuerza\u201d. Para Reyes Heroles la acci\u00f3n pol\u00edtica hace la diferencia entre el siervo y el ciudadano; el pol\u00edtico y el politiquero; las convicciones y el oportunismo. Contundente se\u00f1ala: \u201cTenemos que elevar la contienda interna, ocuparnos de las ideas, alzar la mira: que todos los militantes que aspiren a las candidaturas luchen ante la base, convenzan a sus compa\u00f1eros de partido, obtengan adhesiones por su conducta y su modo de pensar y se olviden de las antesalas y de los corredores de las oficinas de funcionarios o dirigentes. Soluciones en la base y con ella, no arreglos desde la c\u00fapula\u201d.<\/p>\n\n\n\n<p class=\"wp-block-paragraph\">El ciudadano se mueve hacia la pol\u00edtica por tres motivos principales: inter\u00e9s por la obtenci\u00f3n de objetivos generales, incorporaci\u00f3n a su actividad profesional y la influencia de sus alcances en el ejercicio del poder. Reyes Heroles ve\u00eda \u2013y actuaba\u2013 en su amplitud sin mojigater\u00eda, desde los principios hasta las leg\u00edtimas aspiraciones. Expres\u00f3 sin ambages: \u201cNo creo en los que dicen no tener ambiciones. La ambici\u00f3n leg\u00edtima de hacer y de ser son m\u00f3viles muy eficaces, y ojal\u00e1 estemos llenos de ambiciosos que quieran ser y hacer\u201d. Pero advert\u00eda: \u201cLa ambici\u00f3n de parecer, de simular, es una ambici\u00f3n de quinta categor\u00eda\u201d, se\u00f1alando que los que exponen, dicen l que piensan y son vehementes hasta en el reconocimiento del error, \u201cpueden llegar muy lejos en el servicio al pa\u00eds\u201d.<\/p>\n\n\n\n<p class=\"wp-block-paragraph\">Quienes creemos en la pol\u00edtica como la constante acci\u00f3n p\u00fablica para mantener intocadas las libertades ciudadanas y las instituciones de la Rep\u00fablica, tenemos en do Jes\u00fas Reyes Heroles un faro en estas horas de leg\u00edtima preocupaci\u00f3n por el futuro del pa\u00eds; de nuestro futuro. \u201cLa pol\u00edtica demanda pasi\u00f3n, pero, a la par, mesura, sosiego interno, dominio de s\u00ed mismo, para no intentar dominar a otro u otros; aspirar a dominar las cosas y no a los hombres. Estamos al servicio de la libertad de todos: queremos hombres libres (\u2026), hombres libres en los partidos, hombres libres en la sociedad\u201d.<\/p>\n\n\n\n<p class=\"wp-block-paragraph\">La voz de don Jes\u00fas Reyes Heroles es resonante \u201cpara descubrir las asechanzas que, en momentos como los actuales, pueden presentarse, y a enfrentarnos a ellas dentro de (la) pol\u00edtica al aire libre, ejerciendo al m\u00e1ximo las actividades que nos corresponden para que impere la fuerza de la pol\u00edtica y no medre la pol\u00edtica de la fuerza; para que tengamos un M\u00e9xico saludable\u201d. Para ello, uno es el compromiso y una la tarea: \u201cHagamos pol\u00edtica en todas partes\u201d.<\/p>\n","protected":false},"excerpt":{"rendered":"<p>Para Reyes Heroles las instituciones son promotoras del cambio, ya que nuestra Constituci\u00f3n establece los mecanismos para sus reformas. <\/p>\n","protected":false},"author":3,"featured_media":30273,"comment_status":"open","ping_status":"open","sticky":false,"template":"","format":"standard","meta":{"_monsterinsights_skip_tracking":false,"footnotes":""},"categories":[199,35],"tags":[459],"class_list":["post-75854","post","type-post","status-publish","format-standard","has-post-thumbnail","category-florencio-salazar-adame","category-opinion","tag-opinion"],"_links":{"self":[{"href":"https:\/\/redsemlac.com\/semmexico\/wp-json\/wp\/v2\/posts\/75854","targetHints":{"allow":["GET"]}}],"collection":[{"href":"https:\/\/redsemlac.com\/semmexico\/wp-json\/wp\/v2\/posts"}],"about":[{"href":"https:\/\/redsemlac.com\/semmexico\/wp-json\/wp\/v2\/types\/post"}],"author":[{"embeddable":true,"href":"https:\/\/redsemlac.com\/semmexico\/wp-json\/wp\/v2\/users\/3"}],"replies":[{"embeddable":true,"href":"https:\/\/redsemlac.com\/semmexico\/wp-json\/wp\/v2\/comments?post=75854"}],"version-history":[{"count":0,"href":"https:\/\/redsemlac.com\/semmexico\/wp-json\/wp\/v2\/posts\/75854\/revisions"}],"wp:featuredmedia":[{"embeddable":true,"href":"https:\/\/redsemlac.com\/semmexico\/wp-json\/wp\/v2\/media\/30273"}],"wp:attachment":[{"href":"https:\/\/redsemlac.com\/semmexico\/wp-json\/wp\/v2\/media?parent=75854"}],"wp:term":[{"taxonomy":"category","embeddable":true,"href":"https:\/\/redsemlac.com\/semmexico\/wp-json\/wp\/v2\/categories?post=75854"},{"taxonomy":"post_tag","embeddable":true,"href":"https:\/\/redsemlac.com\/semmexico\/wp-json\/wp\/v2\/tags?post=75854"}],"curies":[{"name":"wp","href":"https:\/\/api.w.org\/{rel}","templated":true}]}}