{"id":75846,"date":"2024-01-08T18:20:12","date_gmt":"2024-01-09T00:20:12","guid":{"rendered":"https:\/\/redsemlac.com\/semmexico\/?p=75846"},"modified":"2024-01-08T18:20:12","modified_gmt":"2024-01-09T00:20:12","slug":"protesta-en-morelos-por-el-feminicidio-de-artista-plastica-anuncian-movilizaciones-para-demandar-justicia-para-mafer-vida-para-todas","status":"publish","type":"post","link":"https:\/\/redsemlac.com\/semmexico\/protesta-en-morelos-por-el-feminicidio-de-artista-plastica-anuncian-movilizaciones-para-demandar-justicia-para-mafer-vida-para-todas\/","title":{"rendered":"Protesta en Morelos por el feminicidio de artista pl\u00e1stica; anuncian movilizaciones para demandar\u00a0 \u201cJusticia para Mafer, Vida para Todas\u201d"},"content":{"rendered":"\n<p class=\"wp-block-paragraph\"><strong>Estrella Pedroza<\/strong><\/p>\n\n\n\n<p class=\"wp-block-paragraph\">SemM\u00e9xico, Cuernavaca, Morelos, 8 de enero, 2024.- En Morelos \u201cnos matan porque pueden y porque saben que su violencia quedar\u00e1 impune\u201d, denunciaron feministas y amigas de Mafer-activista y artista desaparecida y asesinada en diciembre del 2023-, durante la primera protesta de este 2024 para exigir justicia y un alto a la violencia feminicida.<\/p>\n\n\n\n<p class=\"wp-block-paragraph\">Adem\u00e1s, convocaron a una caminata pac\u00edfica \u201cJusticia para Mafer, Vida para Todas\u201d.<\/p>\n\n\n\n<p class=\"wp-block-paragraph\">Con fotograf\u00edas de Mar\u00eda Fernanda Rej\u00f3n Molina artista pl\u00e1stica y&nbsp; m\u00fasica ,&nbsp; con flores y una manta transparente con letras moradas en las que se pod\u00eda leer:\u201d Justicia para Mafer\u201d, mujeres vestidas de blanco se manifestaron en el centro hist\u00f3rico de Cuernavaca, frente al Museo Cuauhn\u00e1huac, justo en las letras gigantes que dicen \u201cMorelos\u201d.<\/p>\n\n\n\n<p class=\"wp-block-paragraph\">Xochiquetzal Salazar, feminista y acad\u00e9mica, dio lectura a un pronunciamiento, firmado por m\u00e1s 850 personas, que se sumaron a la voz de repudio por el feminicidio de Mafer.<\/p>\n\n\n\n<p class=\"wp-block-paragraph\">\u201cNos matan porque pueden y porque saben que su violencia quedar\u00e1 impune, porque nuestras vidas se han convertido en una estad\u00edstica en los estantes de las fiscal\u00edas donde nos etiquetan con apellido \u201cN\u201d, deshumaniz\u00e1ndonos\u201d, destac\u00f3.<\/p>\n\n\n\n<p class=\"wp-block-paragraph\">Record\u00f3 que a pesar de que&nbsp; en todo el pa\u00eds la Ley General de Acceso de las Mujeres a una Vida Libre de Violencia, en M\u00e9xico son asesinadas 10 mujeres y ni\u00f1as todos los d\u00edas, sin mencionar a las mujeres desaparecidas que crece de manera alarmante.<\/p>\n\n\n\n<p class=\"wp-block-paragraph\">\u201cNo vamos a permitir que la rabia e indignaci\u00f3n que nos causa el feminicidio de una hermana, amiga, compa\u00f1era, madre o hija se convierta en desesperanza\u201d.<\/p>\n\n\n\n<p class=\"wp-block-paragraph\">Agreg\u00f3 \u201cEl asesinato de la artista pl\u00e1stica, m\u00fasica y activista Mar\u00eda Fernanda Rej\u00f3n Molina nos conmociona profundamente, no s\u00f3lo porque no debi\u00f3 morir, sino porque ella en vida sembr\u00f3 desde muchos espacios el anhelo de un lugar seguro para las mujeres, brind\u00f3 acompa\u00f1amiento y voz, mensajes de paz y esperanza para que otras realidades fueran posibles\u201d.<\/p>\n\n\n<div class=\"wp-block-image\">\n<figure class=\"aligncenter size-full\"><a href=\"https:\/\/redsemlac.com\/semmexico\/wp-content\/uploads\/2024\/01\/Imagen12-1.jpg\"><img loading=\"lazy\" decoding=\"async\" width=\"635\" height=\"476\" src=\"https:\/\/redsemlac.com\/semmexico\/wp-content\/uploads\/2024\/01\/Imagen12-1.jpg\" alt=\"\" class=\"wp-image-75848\"\/><\/a><\/figure>\n<\/div>\n\n\n<p class=\"wp-block-paragraph\">Morelos cuentan con Alerta de Violencia de G\u00e9nero (AVG) desde agosto del 2015, sin embargo la violencia feminicida va en aumento, tan solo de enero a noviembre del a\u00f1o pasado ocurrieron 41 feminicidios,&nbsp; de acuerdo a informes del Secretariado Ejecutivo del Sistema Nacional de Seguridad P\u00fablica (SESNSP), lo que coloca a Morelos en el segundo lugar en este delito por cada 100 mil mujeres y en el sexto lugar m\u00e1s peligroso a nivel nacional para las ni\u00f1as y mujeres.<\/p>\n\n\n\n<p class=\"wp-block-paragraph\">Los municipios que presentan mayor n\u00famero de incidencia de feminicidios son: Cuernavaca, Cuautla, Emiliano Zapata,&nbsp; Jiutepec, Yautepec y Huitzilac.<\/p>\n\n\n\n<p class=\"wp-block-paragraph\">Sin embargo, estos datos contrastan con los registros de las colectivas feministas, pues hemos contabilizado 91 muertes violentas de mujeres durante el a\u00f1o pasado, muchas de las cuales no las clasifican como feminicidios.<\/p>\n\n\n\n<p class=\"wp-block-paragraph\">Salazar, continu\u00f3 \u201cno cederemos terreno a la naturalizaci\u00f3n de un territorio forense donde los feminicidios se convierten en algo cotidiano\u201d.<\/p>\n\n\n<div class=\"wp-block-image\">\n<figure class=\"alignleft size-full is-resized\"><a href=\"https:\/\/redsemlac.com\/semmexico\/wp-content\/uploads\/2024\/01\/Imagen13.jpg\"><img loading=\"lazy\" decoding=\"async\" width=\"445\" height=\"593\" src=\"https:\/\/redsemlac.com\/semmexico\/wp-content\/uploads\/2024\/01\/Imagen13.jpg\" alt=\"\" class=\"wp-image-75847\" style=\"width:341px;height:auto\"\/><\/a><\/figure>\n<\/div>\n\n\n<p class=\"wp-block-paragraph\">Para las feministas ya migas de Mafer, \u201ces momento de hacer un alto y mirar que las estrategias de seguridad y paz no han funcionado, que todos los niveles de gobierno han fracasado en las pol\u00edticas p\u00fablicas de prevenci\u00f3n y atenci\u00f3n de la violencia contra las mujeres y sobre todo que la impunidad que prevalece en nuestro estado da un mensaje claro para los criminales: la expectativa de justicia es muy baja\u201d.<\/p>\n\n\n\n<p class=\"wp-block-paragraph\">Adem\u00e1s lanzaron algunas exigencias a la Fiscal\u00eda General del Estado (FGE), entre ellas no revictimizar a Mafer, evitar que informaci\u00f3n sea filtrada a los medios de comunicaci\u00f3n.<\/p>\n\n\n\n<p class=\"wp-block-paragraph\">Adem\u00e1s, aplicar del Protocolo de Investigaci\u00f3n del Delito de Feminicidio para la Fiscal\u00eda General del Estado de Morelos en el proceso de investigaci\u00f3n. Informar de manera puntual y oportuna a la familia de Mafer&nbsp;&nbsp; para garantizar su acceso a la justicia.&nbsp;<\/p>\n\n\n\n<p class=\"wp-block-paragraph\">Adem\u00e1s, solicitaron reuniones peri\u00f3dicas con la familia de Marifer&nbsp;&nbsp; y de otras familias v\u00edctimas que se encuentren interesadas en saber el estatus de las carpetas de investigaci\u00f3n de sus procesos.<\/p>\n\n\n\n<p class=\"wp-block-paragraph\">Mientras que a la Comisi\u00f3n de Seguridad P\u00fablica (CES) exigieron que de manera inmediata, cumpla todas y cada una de las responsabilidades que tiene atribuidas en la Ley de Acceso de las Mujeres a una Vida Libre de Violencia para el Estado de Morelos.<\/p>\n\n\n\n<p class=\"wp-block-paragraph\">Finalmente convocaron a las personas que conoc\u00edan, admiraban, coincid\u00edan y apreciaban a&nbsp; Mafer a sumarse&nbsp; a la caminata pac\u00edfica \u201cJusticia para Mafer, Vida para Todas\u201d que realizaremos el mi\u00e9rcoles 17 de enero de 2024 a las 2 de la tarde que saldr\u00e1 de la calle Jos\u00e9 C\u00e1sares.<\/p>\n","protected":false},"excerpt":{"rendered":"<p>Con fotograf\u00edas de Mar\u00eda Fernanda Rej\u00f3n Molina artista pl\u00e1stica y\u00a0 m\u00fasica ,\u00a0 con flores y una manta transparente con letras moradas en las que se pod\u00eda leer:\u201d Justicia para Mafer\u201d.<\/p>\n","protected":false},"author":3,"featured_media":75849,"comment_status":"open","ping_status":"open","sticky":false,"template":"","format":"standard","meta":{"_monsterinsights_skip_tracking":false,"footnotes":""},"categories":[694,48],"tags":[149,142],"class_list":["post-75846","post","type-post","status-publish","format-standard","has-post-thumbnail","category-destacadas","category-no-mas-impunidad-no-mas-impunidad","tag-mujeres","tag-violencia"],"_links":{"self":[{"href":"https:\/\/redsemlac.com\/semmexico\/wp-json\/wp\/v2\/posts\/75846","targetHints":{"allow":["GET"]}}],"collection":[{"href":"https:\/\/redsemlac.com\/semmexico\/wp-json\/wp\/v2\/posts"}],"about":[{"href":"https:\/\/redsemlac.com\/semmexico\/wp-json\/wp\/v2\/types\/post"}],"author":[{"embeddable":true,"href":"https:\/\/redsemlac.com\/semmexico\/wp-json\/wp\/v2\/users\/3"}],"replies":[{"embeddable":true,"href":"https:\/\/redsemlac.com\/semmexico\/wp-json\/wp\/v2\/comments?post=75846"}],"version-history":[{"count":0,"href":"https:\/\/redsemlac.com\/semmexico\/wp-json\/wp\/v2\/posts\/75846\/revisions"}],"wp:featuredmedia":[{"embeddable":true,"href":"https:\/\/redsemlac.com\/semmexico\/wp-json\/wp\/v2\/media\/75849"}],"wp:attachment":[{"href":"https:\/\/redsemlac.com\/semmexico\/wp-json\/wp\/v2\/media?parent=75846"}],"wp:term":[{"taxonomy":"category","embeddable":true,"href":"https:\/\/redsemlac.com\/semmexico\/wp-json\/wp\/v2\/categories?post=75846"},{"taxonomy":"post_tag","embeddable":true,"href":"https:\/\/redsemlac.com\/semmexico\/wp-json\/wp\/v2\/tags?post=75846"}],"curies":[{"name":"wp","href":"https:\/\/api.w.org\/{rel}","templated":true}]}}