{"id":75831,"date":"2024-01-08T11:37:41","date_gmt":"2024-01-08T17:37:41","guid":{"rendered":"https:\/\/redsemlac.com\/semmexico\/?p=75831"},"modified":"2024-01-08T11:37:42","modified_gmt":"2024-01-08T17:37:42","slug":"mujeres-rusas-reclaman-ante-el-kremlin-que-sus-esposos-vuelvan-del-frente","status":"publish","type":"post","link":"https:\/\/redsemlac.com\/semmexico\/mujeres-rusas-reclaman-ante-el-kremlin-que-sus-esposos-vuelvan-del-frente\/","title":{"rendered":"Mujeres rusas reclaman ante el Kremlin que sus esposos vuelvan del frente"},"content":{"rendered":"\n<ul class=\"wp-block-list\">\n<li><strong>La ira crece desde hace meses entre los familiares de los reservistas movilizados por orden de Vladimir Putin en septiembre de 2022<\/strong><\/li>\n<\/ul>\n\n\n\n<p class=\"wp-block-paragraph\"><strong>Redacci\u00f3n<\/strong><\/p>\n\n\n\n<p class=\"wp-block-paragraph\">SemM\u00e9xico\/El Sol de M\u00e9xico*, Ciudad de M\u00e9xico, 8 de enero, 2024.- Las esposas de los rusos movilizados para luchar en&nbsp;Ucrania&nbsp;depositaron flores de forma simb\u00f3lica el s\u00e1bado sobre la llama del soldado desconocido, bajo los muros del&nbsp;Kremlin, en se\u00f1al de protesta, para exigir el regreso de sus maridos del frente.<\/p>\n\n\n\n<p class=\"wp-block-paragraph\">La ira crece desde hace meses entre los familiares de los reservistas movilizados por orden de&nbsp;Vladimir Putin&nbsp;en septiembre de 2022, un asunto delicado para las autoridades, que se muestra como una rebeli\u00f3n incipiente, pero que hasta ahora no ha sido reprimido.<\/p>\n\n\n\n<p class=\"wp-block-paragraph\">El s\u00e1bado, a pesar del fr\u00edo, unas quince mujeres depositaron flores rojas en este importante s\u00edmbolo del coraz\u00f3n de&nbsp;Mosc\u00fa.<\/p>\n\n\n\n<p class=\"wp-block-paragraph\">\u00abQueremos llamar la atenci\u00f3n de las autoridades y de la opini\u00f3n p\u00fablica sobre nuestro llamamiento. Probamos varios medios. Lanzamos un llamado por escrito a los diputados, responsables y administraciones, pero no fuimos escuchadas\u00bb, explic\u00f3 a la AFP Mar\u00eda, de 47 a\u00f1os, exdirectora de ventas.<\/p>\n\n\n\n<p class=\"wp-block-paragraph\">Su marido fue movilizado en noviembre de 2022, hace m\u00e1s de un a\u00f1o. \u00abNo es justo. Son civiles, no soldados\u00bb, insiste antes de a\u00f1adir: \u00abNuestros hombres no pueden permanecer all\u00ed tanto tiempo\u00bb.<\/p>\n\n\n\n<p class=\"wp-block-paragraph\">Mar\u00eda Semionova, asesora jur\u00eddica, pide a las autoridades \u00abnegociar la paz\u00bb en Ucrania, tras dos a\u00f1os de conflicto.<\/p>\n\n\n\n<p class=\"wp-block-paragraph\">La polic\u00eda no consider\u00f3 oportuno interferir en la acci\u00f3n del s\u00e1bado de estas mujeres, aunque cualquier inicio de protesta suele ser duramente reprimido en&nbsp;Rusia, se\u00f1al de que el tema es delicado para el Kremlin.<a href=\"https:\/\/www.whatsapp.com\/channel\/0029Va7IpF5Id7nJvkxFt02Q\" target=\"_blank\" rel=\"noreferrer noopener\"><\/a><\/p>\n\n\n\n<p class=\"wp-block-paragraph\">Paulina, madre de un ni\u00f1o de un a\u00f1o, destaca que su manifestaci\u00f3n es \u00abla \u00fanica acci\u00f3n pac\u00edfica que a\u00fan no ha sido prohibida por la ley\u00bb.<\/p>\n\n\n\n<p class=\"wp-block-paragraph\">\u00abTengo la impresi\u00f3n de que los estamos molestando. Pero nadie callar\u00e1. Saldremos todos los d\u00edas, todos los s\u00e1bados, depositaremos flores\u00bb para llamar la atenci\u00f3n sobre su situaci\u00f3n, contin\u00faa.<\/p>\n\n\n\n<p class=\"wp-block-paragraph\">\u00abLlegar\u00e1 un momento en el que ser\u00e1 imposible ignorarnos\u00bb, dice una mujer que quiere \u00abvolver a ver a su marido, al padre de su hijo\u00bb.<\/p>\n\n\n\n<p class=\"wp-block-paragraph\">El activismo de estas mujeres ha sido ignorado por los medios estatales rusos, mientras que el Kremlin desea mostrar una imagen de unidad en torno a&nbsp;Putin&nbsp;antes de su inevitable reelecci\u00f3n en las elecciones presidenciales de marzo de 2024.<\/p>\n\n\n\n<p class=\"wp-block-paragraph\">Seg\u00fan&nbsp;Vladimir Putin, 244.000 soldados combaten actualmente en Ucrania, de un total de 617.000 efectivos.<\/p>\n","protected":false},"excerpt":{"rendered":"<p>La ira crece desde hace meses entre los familiares de los reservistas movilizados por orden de Vladimir Putin en septiembre de 2022<\/p>\n","protected":false},"author":3,"featured_media":75832,"comment_status":"open","ping_status":"open","sticky":false,"template":"","format":"standard","meta":{"_monsterinsights_skip_tracking":false,"footnotes":""},"categories":[53],"tags":[],"class_list":["post-75831","post","type-post","status-publish","format-standard","has-post-thumbnail","category-internacional"],"_links":{"self":[{"href":"https:\/\/redsemlac.com\/semmexico\/wp-json\/wp\/v2\/posts\/75831","targetHints":{"allow":["GET"]}}],"collection":[{"href":"https:\/\/redsemlac.com\/semmexico\/wp-json\/wp\/v2\/posts"}],"about":[{"href":"https:\/\/redsemlac.com\/semmexico\/wp-json\/wp\/v2\/types\/post"}],"author":[{"embeddable":true,"href":"https:\/\/redsemlac.com\/semmexico\/wp-json\/wp\/v2\/users\/3"}],"replies":[{"embeddable":true,"href":"https:\/\/redsemlac.com\/semmexico\/wp-json\/wp\/v2\/comments?post=75831"}],"version-history":[{"count":0,"href":"https:\/\/redsemlac.com\/semmexico\/wp-json\/wp\/v2\/posts\/75831\/revisions"}],"wp:featuredmedia":[{"embeddable":true,"href":"https:\/\/redsemlac.com\/semmexico\/wp-json\/wp\/v2\/media\/75832"}],"wp:attachment":[{"href":"https:\/\/redsemlac.com\/semmexico\/wp-json\/wp\/v2\/media?parent=75831"}],"wp:term":[{"taxonomy":"category","embeddable":true,"href":"https:\/\/redsemlac.com\/semmexico\/wp-json\/wp\/v2\/categories?post=75831"},{"taxonomy":"post_tag","embeddable":true,"href":"https:\/\/redsemlac.com\/semmexico\/wp-json\/wp\/v2\/tags?post=75831"}],"curies":[{"name":"wp","href":"https:\/\/api.w.org\/{rel}","templated":true}]}}