{"id":75785,"date":"2024-01-07T12:24:48","date_gmt":"2024-01-07T18:24:48","guid":{"rendered":"https:\/\/redsemlac.com\/semmexico\/?p=75785"},"modified":"2024-01-07T12:25:07","modified_gmt":"2024-01-07T18:25:07","slug":"el-alto-comisionado-insta-a-guatemala-a-liberar-a-la-exfiscal-anticorrupcion-virginia-laparra","status":"publish","type":"post","link":"https:\/\/redsemlac.com\/semmexico\/el-alto-comisionado-insta-a-guatemala-a-liberar-a-la-exfiscal-anticorrupcion-virginia-laparra\/","title":{"rendered":"El Alto Comisionado insta a Guatemala a liberar a la exfiscal anticorrupci\u00f3n Virginia Laparra"},"content":{"rendered":"\n<p class=\"wp-block-paragraph\">Un agente de la Polic\u00eda Nacional de Guatemala (foto de archivo).<\/p>\n\n\n\n<p class=\"wp-block-paragraph\">El responsable de velar por los derechos humanos expresa su preocupaci\u00f3n por la falta de garant\u00edas del debido proceso<\/p>\n\n\n\n<p class=\"wp-block-paragraph\">Relatora Especial pide liberaci\u00f3n total de la funcionaria, en arresto domiciliario tras haber sido liberada de la c\u00e1rcel esta semana<\/p>\n\n\n\n<p class=\"wp-block-paragraph\">Jes\u00fas Alfonso*<\/p>\n\n\n\n<p class=\"wp-block-paragraph\">SemM\u00e9xico, Ciudad de Guatemala, 7 de enero, 2024.- El Alto Comisionado de la ONU para los Derechos Humanos expres\u00f3\u00a0 este fin de semana \u00a0\u00a0su preocupaci\u00f3n por que el proceso penal en contra de la exfiscal anticorrupci\u00f3n del Ministerio P\u00fablico de Guatemala, Virginia Laparra, no haya cumplido con las garant\u00edas del debido proceso y que, en consecuencia, su detenci\u00f3n durante cerca de dos a\u00f1os haya sido arbitraria.\u00a0<\/p>\n\n\n\n<p class=\"wp-block-paragraph\">\u201cDeber\u00eda ser liberada incondicionalmente\u201d, afirm\u00f3 Volker T\u00fcrk en una declaraci\u00f3n a la prensa.&nbsp;<\/p>\n\n\n\n<p class=\"wp-block-paragraph\">Laparra fue liberada esta semana de la c\u00e1rcel, pero contin\u00faa en arresto domiciliario.&nbsp;<\/p>\n\n\n\n<p class=\"wp-block-paragraph\"><strong>Persecuci\u00f3n de funcionarios judiciales<\/strong><\/p>\n\n\n\n<p class=\"wp-block-paragraph\">El m\u00e1ximo responsable para los derechos fundamentales tambi\u00e9n manifest\u00f3 &nbsp;preocupaci\u00f3n&nbsp;debido al&nbsp;<strong>incremento de la criminalizaci\u00f3n en contra de personas operadoras de justicia<\/strong>&nbsp;durante los \u00faltimos doce meses en Guatemala, alertando de que socava la independencia del poder judicial y el Estado de derecho en el pa\u00eds.<\/p>\n\n\n\n<p class=\"wp-block-paragraph\">T\u00fcrk asever\u00f3 que debe cesar la intimidaci\u00f3n, el hostigamiento, el procesamiento y la persecuci\u00f3n de quienes luchan por la rendici\u00f3n de cuentas en los casos de violaciones de derechos humanos y de los que investigan casos de corrupci\u00f3n. Todas esas formas de acoso son reprensibles y deben terminar, apunt\u00f3.<\/p>\n\n\n\n<p class=\"wp-block-paragraph\">En este contexto,&nbsp;<strong>reiter\u00f3 su llamado a las autoridades guatemaltecas para que refuercen y garanticen la independencia del sistema judicial<\/strong>, y para que brinden la protecci\u00f3n necesaria a las personas operadoras de justicia.<\/p>\n\n\n\n<p class=\"wp-block-paragraph\"><strong>Uso excesivo de la prisi\u00f3n preventiva<\/strong><\/p>\n\n\n\n<p class=\"wp-block-paragraph\">Virginia Laparra Rivas fue puesta en prisi\u00f3n preventiva por los procesos penales que emprendi\u00f3 en su labor como fiscal de Quetzaltenango.&nbsp;<\/p>\n\n\n\n<p class=\"wp-block-paragraph\"><a href=\"https:\/\/www.ohchr.org\/es\/press-releases\/2022\/11\/guatemala-un-expert-condemns-targeting-prosecutor-and-judge\" target=\"_blank\" rel=\"noreferrer noopener\">Seg\u00fan la relatora especial<\/a>&nbsp;de la ONU sobre la&nbsp;<a href=\"https:\/\/www.ohchr.org\/es\/special-procedures\/sr-independence-of-judges-and-lawyers\" target=\"_blank\" rel=\"noreferrer noopener\">independencia de los magistrados y abogados<\/a>,&nbsp;Margaret Satterthwaite&nbsp;<strong>los procesos contra Laparra se han caracterizado por violaciones al debido proceso<\/strong>, incluyendo retrasos indebidos y uso excesivo de la prisi\u00f3n preventiva, todo ello en condiciones que pueden poner en riesgo su salud y seguridad.&nbsp;<\/p>\n\n\n\n<p class=\"wp-block-paragraph\">Cuando Laparra fue encarcelada, Satterthwaite enfatiz\u00f3 que se estaba \u201cabusando del derecho penal para atacar a los servidores p\u00fablicos\u201d, y record\u00f3 \u201cque un principio fundamental de la independencia judicial es que los jueces no deben ser objeto de acciones penales o disciplinarias basadas en el contenido de sus decisiones legales y que los fiscales no deben ser criminalizados por cumplir sus funciones en la lucha contra la corrupci\u00f3n\u201d.<\/p>\n\n\n\n<p class=\"wp-block-paragraph\">*Escrito desde Banco Mundial y publicitado por Naciones Unidas<\/p>\n","protected":false},"excerpt":{"rendered":"<p>El Alto Comisionado de la ONU para los Derechos Humanos expres\u00f3\u00a0 este fin de semana \u00a0\u00a0su preocupaci\u00f3n por que el proceso penal en contra de la exfiscal anticorrupci\u00f3n del Ministerio P\u00fablico de Guatemala, Virginia Laparra<\/p>\n","protected":false},"author":3,"featured_media":75786,"comment_status":"open","ping_status":"open","sticky":false,"template":"","format":"standard","meta":{"_monsterinsights_skip_tracking":false,"footnotes":""},"categories":[694,48],"tags":[],"class_list":["post-75785","post","type-post","status-publish","format-standard","has-post-thumbnail","category-destacadas","category-no-mas-impunidad-no-mas-impunidad"],"_links":{"self":[{"href":"https:\/\/redsemlac.com\/semmexico\/wp-json\/wp\/v2\/posts\/75785","targetHints":{"allow":["GET"]}}],"collection":[{"href":"https:\/\/redsemlac.com\/semmexico\/wp-json\/wp\/v2\/posts"}],"about":[{"href":"https:\/\/redsemlac.com\/semmexico\/wp-json\/wp\/v2\/types\/post"}],"author":[{"embeddable":true,"href":"https:\/\/redsemlac.com\/semmexico\/wp-json\/wp\/v2\/users\/3"}],"replies":[{"embeddable":true,"href":"https:\/\/redsemlac.com\/semmexico\/wp-json\/wp\/v2\/comments?post=75785"}],"version-history":[{"count":0,"href":"https:\/\/redsemlac.com\/semmexico\/wp-json\/wp\/v2\/posts\/75785\/revisions"}],"wp:featuredmedia":[{"embeddable":true,"href":"https:\/\/redsemlac.com\/semmexico\/wp-json\/wp\/v2\/media\/75786"}],"wp:attachment":[{"href":"https:\/\/redsemlac.com\/semmexico\/wp-json\/wp\/v2\/media?parent=75785"}],"wp:term":[{"taxonomy":"category","embeddable":true,"href":"https:\/\/redsemlac.com\/semmexico\/wp-json\/wp\/v2\/categories?post=75785"},{"taxonomy":"post_tag","embeddable":true,"href":"https:\/\/redsemlac.com\/semmexico\/wp-json\/wp\/v2\/tags?post=75785"}],"curies":[{"name":"wp","href":"https:\/\/api.w.org\/{rel}","templated":true}]}}