{"id":75781,"date":"2024-01-07T12:21:56","date_gmt":"2024-01-07T18:21:56","guid":{"rendered":"https:\/\/redsemlac.com\/semmexico\/?p=75781"},"modified":"2024-01-07T12:21:57","modified_gmt":"2024-01-07T18:21:57","slug":"las-infecciones-de-covid-19-aumentan-un-52-en-un-mes-y-se-espera-que-la-tendencia-continue","status":"publish","type":"post","link":"https:\/\/redsemlac.com\/semmexico\/las-infecciones-de-covid-19-aumentan-un-52-en-un-mes-y-se-espera-que-la-tendencia-continue\/","title":{"rendered":"Las infecciones de COVID-19 aumentan un 52% en un mes y se espera que la tendencia contin\u00fae"},"content":{"rendered":"\n<p class=\"wp-block-paragraph\">Una trabajadora de salud hace la prueba del COVID-19 una mujer en Shenzhen, China. (Archivo)<\/p>\n\n\n\n<p class=\"wp-block-paragraph\">Altamente probable que el aumento sea mucho mayor, afirm\u00f3 el portavoz de la OMS en declaraciones a la prensa en Ginebra<\/p>\n\n\n\n<p class=\"wp-block-paragraph\">Redacci\u00f3n<\/p>\n\n\n\n<p class=\"wp-block-paragraph\">SemM\u00e9xico\/Onu Noticias, Ciudad de M\u00e9xico,&nbsp; 7 de enero,&nbsp; 2024.- La agencia sanitaria mundial documenta 850 mil casos en cuatro semanas a nivel global, la mayor\u00eda causados por una nueva cepa del coronavirus. La cifra real de infectados podr\u00eda ser mucho mayor en vista de que la vigilancia y los registros han disminuido en todos los pa\u00edses. Las previsiones apuntan a que la tendencia se mantenga en los pr\u00f3ximos meses de invierno boreal.<\/p>\n\n\n\n<p class=\"wp-block-paragraph\">El n\u00famero de infecciones de COVID-19 va en ascenso en todo el mundo, con un aumento del 52% en un mes, y se espera que la tendencia contin\u00fae en los pr\u00f3ximos meses de invierno boreal, advirti\u00f3 este viernes la Organizaci\u00f3n Mundial de la Salud (OMS).Los datos m\u00e1s recientes de la agencia sanitaria -que cubren las cuatro semanas del 20 de noviembre al 17 de diciembre de 2023-, mostraron el pronunciado&nbsp;<strong>incremento de 850 mil &nbsp;nuevos casos de COVID-19 notificados, un 52 por ciento,<\/strong>&nbsp;con respecto a los 28 d\u00edas anteriores.<\/p>\n\n\n\n<p class=\"wp-block-paragraph\"><strong><em>El aumento ser\u00eda superior al notificado<\/em><\/strong><\/p>\n\n\n\n<p class=\"wp-block-paragraph\">Pero por grande que parezca, es&nbsp;<strong>altamente probable que el aumento sea mucho mayor<\/strong>, afirm\u00f3 el portavoz de la OMS en declaraciones a la prensa en Ginebra.<\/p>\n\n\n\n<p class=\"wp-block-paragraph\">\u201cSabemos que en todo el mundo, y lo hemos visto en muchos de nuestros propios pa\u00edses,&nbsp;<strong>los informes han disminuido, los centros de vigilancia han disminuido, los centros de vacunaci\u00f3n han disminuido<\/strong>, han sido desmantelados o cerrados&#8230; esto conduce a una imagen incompleta y lamentablemente deber\u00edamos esperar m\u00e1s casos de los que hemos informado oficialmente\u201d, apunt\u00f3 Christian Lindmeier.<\/p>\n\n\n\n<p class=\"wp-block-paragraph\"><strong><em>M\u00e1s de 118 mil hospitalizaciones<\/em><\/strong><\/p>\n\n\n\n<p class=\"wp-block-paragraph\">La agencia de salud especific\u00f3 que entre el 13 de noviembre y el 10 de diciembre pasados se registraron m\u00e1s de 118.000 nuevas hospitalizaciones por COVID-19 y&nbsp;<strong>m\u00e1s de 1600 nuevos ingresos en unidades de cuidados intensivo,<\/strong>&nbsp;con un aumento general del 23% y el 51% respectivamente en los pa\u00edses que presentan informes sistem\u00e1ticos a la OMS.<\/p>\n\n\n\n<p class=\"wp-block-paragraph\">Entre el 20 de noviembre y el 17 de diciembre de 2023, 105 pa\u00edses documentaron casos de COVID19 y 50 pa\u00edses reportaron muertes por COVID-19.&nbsp;<\/p>\n\n\n\n<p class=\"wp-block-paragraph\"><strong>Nueva variante<\/strong><\/p>\n\n\n\n<p class=\"wp-block-paragraph\">La mayor\u00eda de las infecciones han sido causadas por una nueva cepa del coronavirus llamada&nbsp;<strong>JN.1, que la OMS observa actualmente con especial atenci\u00f3n y que declar\u00f3 \u201cvariante de inter\u00e9s<\/strong>\u201d el 18 de diciembre debido a su r\u00e1pido aumento en la prevalencia de las \u00faltimas semanas.<\/p>\n\n\n\n<p class=\"wp-block-paragraph\">Seg\u00fan los informes disponibles, la variante JN.1 se detect\u00f3 por primera vez en Estados Unidos y luego se extendi\u00f3 a decenas de pa\u00edses. La cepa&nbsp;<strong>evolucion\u00f3 a partir de la variante \u00d3micron<\/strong>, que se relacion\u00f3 con un pico de infecciones de COVID en 2022.<\/p>\n\n\n\n<p class=\"wp-block-paragraph\">Hasta el 17 de diciembre de 2023, se hab\u00edan documentado m\u00e1s de&nbsp;<strong>772 millones de casos confirmados y casi siete millones de muertes<\/strong>&nbsp;en el mundo desde el primer caso de coronavirus en noviembre 2019.<\/p>\n","protected":false},"excerpt":{"rendered":"<p>La agencia sanitaria mundial documenta 850 mil casos en cuatro semanas a nivel global, la mayor\u00eda causados por una nueva cepa del coronavirus. <\/p>\n","protected":false},"author":3,"featured_media":75783,"comment_status":"open","ping_status":"open","sticky":false,"template":"","format":"standard","meta":{"_monsterinsights_skip_tracking":false,"footnotes":""},"categories":[53],"tags":[],"class_list":["post-75781","post","type-post","status-publish","format-standard","has-post-thumbnail","category-internacional"],"_links":{"self":[{"href":"https:\/\/redsemlac.com\/semmexico\/wp-json\/wp\/v2\/posts\/75781","targetHints":{"allow":["GET"]}}],"collection":[{"href":"https:\/\/redsemlac.com\/semmexico\/wp-json\/wp\/v2\/posts"}],"about":[{"href":"https:\/\/redsemlac.com\/semmexico\/wp-json\/wp\/v2\/types\/post"}],"author":[{"embeddable":true,"href":"https:\/\/redsemlac.com\/semmexico\/wp-json\/wp\/v2\/users\/3"}],"replies":[{"embeddable":true,"href":"https:\/\/redsemlac.com\/semmexico\/wp-json\/wp\/v2\/comments?post=75781"}],"version-history":[{"count":0,"href":"https:\/\/redsemlac.com\/semmexico\/wp-json\/wp\/v2\/posts\/75781\/revisions"}],"wp:featuredmedia":[{"embeddable":true,"href":"https:\/\/redsemlac.com\/semmexico\/wp-json\/wp\/v2\/media\/75783"}],"wp:attachment":[{"href":"https:\/\/redsemlac.com\/semmexico\/wp-json\/wp\/v2\/media?parent=75781"}],"wp:term":[{"taxonomy":"category","embeddable":true,"href":"https:\/\/redsemlac.com\/semmexico\/wp-json\/wp\/v2\/categories?post=75781"},{"taxonomy":"post_tag","embeddable":true,"href":"https:\/\/redsemlac.com\/semmexico\/wp-json\/wp\/v2\/tags?post=75781"}],"curies":[{"name":"wp","href":"https:\/\/api.w.org\/{rel}","templated":true}]}}