{"id":75778,"date":"2024-01-07T12:18:31","date_gmt":"2024-01-07T18:18:31","guid":{"rendered":"https:\/\/redsemlac.com\/semmexico\/?p=75778"},"modified":"2024-01-07T12:18:32","modified_gmt":"2024-01-07T18:18:32","slug":"en-riesgo-salarios-y-aguinaldo-de-afanadoras-en-la-secretaria-de-educacion-publica","status":"publish","type":"post","link":"https:\/\/redsemlac.com\/semmexico\/en-riesgo-salarios-y-aguinaldo-de-afanadoras-en-la-secretaria-de-educacion-publica\/","title":{"rendered":"En riesgo salarios y aguinaldo \u00a0de afanadoras en la Secretar\u00eda de Educaci\u00f3n P\u00fablica"},"content":{"rendered":"\n<p class=\"wp-block-paragraph\">Ten\u00edan en diciembre &nbsp;cuatro meses sin recibir salarios y tampoco aguinaldo<\/p>\n\n\n\n<p class=\"wp-block-paragraph\">Enviaron una petici\u00f3n a finanzas de esa dependencia y advirtieron que podr\u00edan ir a paro<\/p>\n\n\n\n<p class=\"wp-block-paragraph\">Redacci\u00f3n<\/p>\n\n\n\n<p class=\"wp-block-paragraph\">SemM\u00e9xico, Ciudad de M\u00e9xico, 7 de enero, 2024.- Ante la falta de los pagos correspondientes al aseo de instalaciones de la Secretar\u00eda de Educaci\u00f3n P\u00fablica,&nbsp; Semalyn S.A. de C.V. se dirigi\u00f3 a la Unidad de Administraci\u00f3n y Finanzas para solicitar los pagos &nbsp;para cubrir los salarios y los aguinaldo &nbsp;de los y las &nbsp;afanadoras.<\/p>\n\n\n\n<p class=\"wp-block-paragraph\">La petici\u00f3n por atrasos en pagos, que todo el 2023 sufrieron, se hizo &nbsp;el pasado 19 de diciembre, cuando llamaron a &nbsp;para cubrir las facturas correspondientes a agosto, septiembre, octubre y noviembre.<\/p>\n\n\n\n<p class=\"wp-block-paragraph\">Se\u00f1ala la petici\u00f3n, que hasta ahora no se ha resuelto, que &nbsp;adem\u00e1s que ya hab\u00eda vencido el plazo marcado contractualmente, para la compa\u00f1\u00eda hab\u00eda comenzado a complicarse el flujo de sueldos.<\/p>\n\n\n\n<p class=\"wp-block-paragraph\">\u201cEsperamos pueda comprender que son ya cuatro meses sin que la SEP le cubra a nuestra representada los servicios que ya recibi\u00f3 en tiempo y forma.<\/p>\n\n\n\n<p class=\"wp-block-paragraph\">\u201dPues al d\u00eda de hoy nos adeudan los meses de agosto, septiembre, octubre y noviembre, el cual seguimos a este momento sin poder conciliar debido a que nuestro representante no ha sido citado para tales efectos\u201d.<\/p>\n\n\n\n<p class=\"wp-block-paragraph\">En otra de las misivas, enviadas a la Unidad de Administraci\u00f3n y Finanzas, se detall\u00f3 que el respectivo contrato expir\u00f3 hace varias semanas, lo que pon\u00eda en riesgo los sueldos.<\/p>\n\n\n\n<p class=\"wp-block-paragraph\">Pero tambi\u00e9n prestaciones como el aguinaldo, por lo que se solicit\u00f3 su intervenci\u00f3n.<\/p>\n\n\n\n<p class=\"wp-block-paragraph\">Tal como refirieron trabajadoras y &nbsp;trabajadores, no es la primera vez que los recursos se retrasan, y por tanto, ellos padecen las consecuencias.<\/p>\n\n\n\n<p class=\"wp-block-paragraph\">\u201cPor ah\u00ed de mayo tambi\u00e9n hab\u00edan tardado en pagarnos, y pues tambi\u00e9n entend\u00edamos y<\/p>\n\n\n\n<p class=\"wp-block-paragraph\">\u201cPero tambi\u00e9n tienen que entendernos a nosotros, ya hicimos nuestra tarea y nuestras familias tienen necesidades, la mayor\u00eda somos madres solteras o personas de la tercera edad\u201d.<\/p>\n\n\n\n<p class=\"wp-block-paragraph\">Seis meses atr\u00e1s, la falta de pago llev\u00f3 a que la Uni\u00f3n Nacional Independiente de Trabajadores y Empleados de Limpieza exigiera cumplir con la entrega del dinero.<\/p>\n\n\n\n<p class=\"wp-block-paragraph\">De lo contrario, se recurrir\u00eda al paro de labores, debido a otros cuatro meses sin recibir lo pactado.<\/p>\n","protected":false},"excerpt":{"rendered":"<p>Ante la falta de los pagos correspondientes al aseo de instalaciones de la Secretar\u00eda de Educaci\u00f3n P\u00fablica,\u00a0 Semalyn S.A. de C.V. se dirigi\u00f3 a la Unidad de Administraci\u00f3n y Finanzas para solicitar los pagos \u00a0para cubrir los salarios y los aguinaldo \u00a0de los y las \u00a0afanadoras.<\/p>\n","protected":false},"author":3,"featured_media":75779,"comment_status":"open","ping_status":"open","sticky":false,"template":"","format":"standard","meta":{"_monsterinsights_skip_tracking":false,"footnotes":""},"categories":[702],"tags":[],"class_list":["post-75778","post","type-post","status-publish","format-standard","has-post-thumbnail","category-economia"],"_links":{"self":[{"href":"https:\/\/redsemlac.com\/semmexico\/wp-json\/wp\/v2\/posts\/75778","targetHints":{"allow":["GET"]}}],"collection":[{"href":"https:\/\/redsemlac.com\/semmexico\/wp-json\/wp\/v2\/posts"}],"about":[{"href":"https:\/\/redsemlac.com\/semmexico\/wp-json\/wp\/v2\/types\/post"}],"author":[{"embeddable":true,"href":"https:\/\/redsemlac.com\/semmexico\/wp-json\/wp\/v2\/users\/3"}],"replies":[{"embeddable":true,"href":"https:\/\/redsemlac.com\/semmexico\/wp-json\/wp\/v2\/comments?post=75778"}],"version-history":[{"count":0,"href":"https:\/\/redsemlac.com\/semmexico\/wp-json\/wp\/v2\/posts\/75778\/revisions"}],"wp:featuredmedia":[{"embeddable":true,"href":"https:\/\/redsemlac.com\/semmexico\/wp-json\/wp\/v2\/media\/75779"}],"wp:attachment":[{"href":"https:\/\/redsemlac.com\/semmexico\/wp-json\/wp\/v2\/media?parent=75778"}],"wp:term":[{"taxonomy":"category","embeddable":true,"href":"https:\/\/redsemlac.com\/semmexico\/wp-json\/wp\/v2\/categories?post=75778"},{"taxonomy":"post_tag","embeddable":true,"href":"https:\/\/redsemlac.com\/semmexico\/wp-json\/wp\/v2\/tags?post=75778"}],"curies":[{"name":"wp","href":"https:\/\/api.w.org\/{rel}","templated":true}]}}