{"id":7576,"date":"2019-04-22T04:02:16","date_gmt":"2019-04-22T04:02:16","guid":{"rendered":"https:\/\/redsemlac.com\/semmexico\/?p=7576"},"modified":"2023-07-21T14:48:08","modified_gmt":"2023-07-21T19:48:08","slug":"el-memo-que-abre-portales-al-estado-sin-ley","status":"publish","type":"post","link":"https:\/\/redsemlac.com\/semmexico\/el-memo-que-abre-portales-al-estado-sin-ley\/","title":{"rendered":"El \u201cmemo\u201d que abre portales al Estado sin ley"},"content":{"rendered":"\n<p class=\"wp-block-paragraph\">Bono a la \u201cchiquillada\u201d medi\u00e1tica<\/p>\n\n\n\n<h5 class=\"wp-block-heading\"> Ni justicia ni ley para la polic\u00eda que enfrent\u00f3 criminales sin arma<\/h5>\n\n\n\n<p class=\"wp-block-paragraph\"><a href=\"https:\/\/semmexico.com\/gallery-post.php?id=7924#\">Martha Elba Torres<\/a><\/p>\n\n\n\n<p class=\"wp-block-paragraph\">SemM\u00e9xico.&nbsp; 22 de Abril 2019.- Justicia y ley. Dos palabras claves con las que el presidente L\u00f3pez Obrador vuelve a sacudir el pensamiento cr\u00edtico que exige claridad, precisi\u00f3n, equidad y evidencias, para evitar esas &nbsp;impresiones distorsionadas a partir de las filias y fobias tan explosivas en estos momentos.<\/p>\n\n\n\n<p class=\"wp-block-paragraph\">Conceptualizo a Friedrich Nietzsche (1844-1900): No hay reglas, no hay normas, no hay leyes; no hay otra gu\u00eda que un poderoso instinto de probidad, de honestidad, de bondad, de honradez, para interpretar el razonamiento presidencial.<\/p>\n\n\n\n<p class=\"wp-block-paragraph\">La mediocridad dice el fil\u00f3sofo alem\u00e1n- es la m\u00e1s feliz de las m\u00e1scaras que puede usar un esp\u00edritu superior, porque el gran n\u00famero, los mediocres, no sospechan que en ello haya enga\u00f1o y, sin embargo, por esto es por lo que se sirve de esta arma el esp\u00edritu superior: para no irritar, y en casos no raros, por compasi\u00f3n y bondad.<\/p>\n\n\n\n<p class=\"wp-block-paragraph\">Entonces, cuando se\u00f1ala que la verdad es cuesti\u00f3n de fuerza, quien tiene el poder establece lo que es verdadero, lo que es justo, lo que es conveniente.<\/p>\n\n\n\n<p class=\"wp-block-paragraph\">Deduzco as\u00ed, como argument\u00f3 L\u00f3pez Obrador que si tiene que optar entre justicia y ley, se decide por la justicia, pero en su muy subjetiva interpretaci\u00f3n.<\/p>\n\n\n\n<p class=\"wp-block-paragraph\">Entiendo, lo que el lunes 16 en su ma\u00f1anera, dijo sobre \u201cla ley es para las mujeres y los hombres\u201d, pero sigo sin cuadrar \u201cno las mujeres y los hombres para la ley\u201d. Alguien que me ayude.<\/p>\n\n\n\n<p class=\"wp-block-paragraph\">El caso que para Amlo, la supremac\u00eda de la justicia a los \u201cmuy da\u00f1ados\u201d maestros de la CNTE, est\u00e1 sobre la Carta Magna y cualquier otro inter\u00e9s nacional y social. Por eso impone un asunto pol\u00edtico, a la ley.<\/p>\n\n\n\n<p class=\"wp-block-paragraph\">Por eso queda claro que al Presidente no le interesa la \u201creconciliaci\u00f3n\u201d nacional, sino con la CNTE. Porque es el \u00fanico grupo de presi\u00f3n pol\u00edtica, f\u00e1ctico, que hay que reconocerlo, tiene el poder de desafiarlo y doblarlo \u2013como ya lo hizo-. No en las ruedas de prensa con preguntas inc\u00f3modas ni en las encerronas con empresarios. A la Coordinadora, el propio Amlo lo cubri\u00f3 con el manto de la impunidad total. As\u00ed provoquen muertes, el desplome econ\u00f3mico, nada con ellos.<\/p>\n\n\n\n<p class=\"wp-block-paragraph\">Les tiene miedo.<\/p>\n\n\n\n<p class=\"wp-block-paragraph\">Acabamos de ver ayer la respuesta de la Secci\u00f3n 22 de la CNTE, en Oaxaca: \u201chasta no ver, no creer\u201d. Se burlan de la palabra del Presidente: \u201cqueremos que los legisladores hagan su trabajo y echen abajo la reforma (educativa) como se comprometieron en campa\u00f1a\u00bb. Qu\u00e9 pena.<\/p>\n\n\n\n<p class=\"wp-block-paragraph\">Pero eso s\u00ed, est\u00e1n desde el lunes 15 en vagaciones, y regresar\u00e1n a las calles y a San L\u00e1zaro, en mayo.<\/p>\n\n\n\n<p class=\"wp-block-paragraph\">No entrar\u00e9 al debate de la anticonstitucionalidad del \u201cmemo\u201d o que si es \u201casunto pol\u00edtico\u201d m\u00e1s que legal, ni menos al viejo debate entre legalidad y legitimidad, que trat\u00f3 de revivir in\u00fatilmente Ricardo Monreal ante la falta de una argumentaci\u00f3n s\u00f3lida para defender a su amo y se\u00f1or. Lo que me preocupa: que por el portal que abri\u00f3 a la CNTE, de justicia por encima de la ley, se cuelen m\u00e1s demonios.<\/p>\n\n\n\n<p class=\"wp-block-paragraph\">De acuerdo al informe 2018 que la CNDH present\u00f3 a la C\u00e1mara Baja, en enero de este a\u00f1o, un total de 246 linchamientos ocurrieron a nivel nacional; 80 por ciento se registraron en los estados de Puebla, de M\u00e9xico, Tabasco e Hidalgo.<\/p>\n\n\n\n<p class=\"wp-block-paragraph\">Pero hablamos de linchamientos consumados, es decir, que se consum\u00f3 la muerta, pero la tentativa no ha ameritado la atenci\u00f3n de las autoridades ni de los ddhh, aunque para el caso sea lo mismo, porque es el reflejo claro del hartazgo a tanta corrupci\u00f3n, impunidad e inseguridad. Un ejemplo: tan solo en Puebla, se dieron 305 intentos de linchamientos, pero solo en 42 terminaron en homicidio.<\/p>\n\n\n\n<p class=\"wp-block-paragraph\">La justicia por mano propia. \u00bfY qu\u00e9 les va a decir el Presidente? \u00bfQu\u00e9 para aplicar la justicia est\u00e1 la ley?<\/p>\n\n\n\n<p class=\"wp-block-paragraph\">De enero a noviembre de 2018, se registraron 760 feminicidios en el pa\u00eds, sin consideraron los casos que no fueron denunciados o tipificados como tal, o las mujeres que est\u00e1n en calidad de desaparecidas, por lo que L\u00f3pez Obrador no tiene ni puta idea \u2013perd\u00f3n por la expresi\u00f3n- de que tan grave es el fen\u00f3meno.<\/p>\n\n\n\n<p class=\"wp-block-paragraph\">Pero \u00a1no le importa! Lo \u00fanico que quiere es reconciliarse con la CNTE.<\/p>\n\n\n\n<p class=\"wp-block-paragraph\">Si a eso nos vamos, toda persona estar\u00e1 en su derecho de defensa propia, por lo que para protegerse de un eventual asalto, para \u00bfqu\u00e9 permiso de portaci\u00f3n de armas? Una nota de Proceso de junio de 2015, report\u00f3 entonces \u2013de acuerdo a una investigaci\u00f3n de The Daily Post, que en M\u00e9xico circulaban 25 millones de armas de fuego ilegales.<\/p>\n\n\n\n<p class=\"wp-block-paragraph\">Si los malosos est\u00e1n armados, que los buenos tambi\u00e9n. Eso ser\u00eda un acto de justicia y de equidad. Con todo esto, \u00bfesta es la paz quiere L\u00f3pez Obrador?&#8230;<\/p>\n\n\n\n<p class=\"wp-block-paragraph\">&nbsp;&nbsp;&nbsp;&nbsp;&nbsp;&nbsp;&nbsp;&nbsp;&nbsp;&nbsp;&nbsp;&nbsp;&nbsp;&nbsp;&nbsp;&nbsp;&nbsp;&nbsp;&nbsp;&nbsp;&nbsp;&nbsp;&nbsp;&nbsp;&nbsp;&nbsp;&nbsp;&nbsp;&nbsp;&nbsp;&nbsp;&nbsp;&nbsp;&nbsp;&nbsp;&nbsp;&nbsp;&nbsp;&nbsp;&nbsp;&nbsp;&nbsp;&nbsp;&nbsp;&nbsp;&nbsp;&nbsp;&nbsp;&nbsp;&nbsp;&nbsp;&nbsp;&nbsp;&nbsp;&nbsp;&nbsp;&nbsp;&nbsp;&nbsp;&nbsp;&nbsp;&nbsp;&nbsp;&nbsp;&nbsp;&nbsp;&nbsp;&nbsp;&nbsp;&nbsp;&nbsp;&nbsp;&nbsp;&nbsp;&nbsp;&nbsp;&nbsp;&nbsp;&nbsp;&nbsp;&nbsp;&nbsp;&nbsp;&nbsp;&nbsp;&nbsp;&nbsp;&nbsp;&nbsp;&nbsp;&nbsp;&nbsp;&nbsp; ***&nbsp;&nbsp;&nbsp;&nbsp;&nbsp;&nbsp;&nbsp;&nbsp;&nbsp;&nbsp;&nbsp;&nbsp;&nbsp;&nbsp;&nbsp;&nbsp;&nbsp;&nbsp;&nbsp;&nbsp;&nbsp;&nbsp;&nbsp;&nbsp;&nbsp;&nbsp;&nbsp;&nbsp;&nbsp;&nbsp;&nbsp;&nbsp;&nbsp;&nbsp;&nbsp;&nbsp;&nbsp;&nbsp;&nbsp;&nbsp;&nbsp;&nbsp;&nbsp;&nbsp;&nbsp;&nbsp;&nbsp;&nbsp;&nbsp;&nbsp;&nbsp;&nbsp;&nbsp;&nbsp;&nbsp;&nbsp;&nbsp;&nbsp;&nbsp;&nbsp;&nbsp;&nbsp;&nbsp;&nbsp;&nbsp;&nbsp;&nbsp;&nbsp;&nbsp;<\/p>\n\n\n\n<p class=\"wp-block-paragraph\">Le\u00eda los nuevos lineamientos de la Pol\u00edtica de Comunicaci\u00f3n Social de la Presidencia, que este a\u00f1o ejercer\u00e1 como m\u00e1ximo, 5 mil 800 millones de pesos. Y eso que reafirma \u201cel compromiso de mantener la austeridad en el gasto de publicidad, sin utilizar recursos p\u00fablicos para premiar o castigar a los medios de comunicaci\u00f3n\u201d.<\/p>\n\n\n\n<p class=\"wp-block-paragraph\">Entre los objetivos de la Pol\u00edtica de Comunicaci\u00f3n Social de L\u00f3pez Obrador, est\u00e1 \u201cgarantizar el pleno ejercicio de la libertad de expresi\u00f3n, transparentar la acci\u00f3n gubernamental, empoderar a la ciudadan\u00eda y propiciar la democratizaci\u00f3n del ecosistema medi\u00e1tico mexicano, as\u00ed como documentar el impacto de las pol\u00edticas p\u00fablicas en la transformaci\u00f3n de la realidad nacional\u201d.<\/p>\n\n\n\n<p class=\"wp-block-paragraph\">\u201cQueda prohibido hacer uso de propaganda gubernamental para presionar, castigar, premiar, privilegiar o coaccionar a comunicadores o medios de comunicaci\u00f3n\u201d. Muy bien.<\/p>\n\n\n\n<p class=\"wp-block-paragraph\">Pero \u00bfpor qu\u00e9, en esto de \u201cpropiciar la democratizaci\u00f3n del ecosistema medi\u00e1tico mexicano\u201d, de buscar mayor equidad entre los medios y hacer justicia a los pobres y \u201cmuy da\u00f1ados\u201d, no crea tambi\u00e9n el bono para la inmensa chiquillada medi\u00e1tica?<\/p>\n\n\n\n<p class=\"wp-block-paragraph\">Puede verse de esta manera: ya no habr\u00eda necesidad de andar buscando convenios publicitarios por todos lados, si el Presidente es bien justiciero y no condiciona la cr\u00edtica, porque respeta la libertad de expresi\u00f3n.<\/p>\n\n\n\n<p class=\"wp-block-paragraph\">\u00bfSi o no, ser\u00eda un acto de justicia y bien legal\u2026<\/p>\n\n\n\n<p class=\"wp-block-paragraph\">Interesante el dato sobre los medios que han solicitado su registro al Padr\u00f3n Nacional en materia: m\u00e1s de 6 mil; aceptados, 2 mil 052 radiodifusoras, 865 canales de televisi\u00f3n y mil 590 impresos. \u00bfY los portales? \u00bfPues qu\u00e9 tanto piden? Porque bien a bien, no nos puede presumir el Presidente que busca puras lumbreras. Nada m\u00e1s hay que ver su in\u00fatil gabinete\u2026<\/p>\n\n\n\n<p class=\"wp-block-paragraph\">&nbsp;&nbsp;&nbsp;&nbsp;&nbsp;&nbsp;&nbsp;&nbsp;&nbsp;&nbsp;&nbsp;&nbsp;&nbsp;&nbsp;&nbsp;&nbsp;&nbsp;&nbsp;&nbsp;&nbsp;&nbsp;&nbsp;&nbsp;&nbsp;&nbsp;&nbsp;&nbsp;&nbsp;&nbsp;&nbsp;&nbsp;&nbsp;&nbsp;&nbsp;&nbsp;&nbsp;&nbsp;&nbsp;&nbsp;&nbsp;&nbsp;&nbsp;&nbsp;&nbsp;&nbsp;&nbsp;&nbsp;&nbsp;&nbsp;&nbsp;&nbsp;&nbsp;&nbsp;&nbsp;&nbsp;&nbsp;&nbsp;&nbsp;&nbsp;&nbsp;&nbsp;&nbsp;&nbsp;&nbsp;&nbsp;&nbsp;&nbsp;&nbsp;&nbsp;&nbsp;&nbsp;&nbsp;&nbsp;&nbsp;&nbsp;&nbsp;&nbsp;&nbsp;&nbsp;&nbsp;&nbsp;&nbsp;&nbsp;&nbsp;&nbsp;&nbsp;&nbsp;&nbsp;&nbsp;&nbsp;&nbsp;&nbsp;&nbsp; ***<\/p>\n\n\n\n<p class=\"wp-block-paragraph\">El pasado lunes 15, en el conurbado municipio de Tar\u00edmbaro, se registr\u00f3 un hecho sangriento e indignante, por la apat\u00eda y desinter\u00e9s de las autoridades. En in intento a un veh\u00edculo de Bansefi, que trasladaba el dinero en efectivo que entrega L\u00f3pez Obrador, para tener m\u00e1s control de los beneficiarios, murieron dos polic\u00edas municipales (un hombre y una mujer), una oficial m\u00e1s result\u00f3 gravemente lesionada, mientras que un empleado del banco federal falleci\u00f3 y dos trabajadoras m\u00e1s quedaron heridas. Total: 3 muertos y 3 lesionadas, de acuerdo a la agencia Red 113.<\/p>\n\n\n\n<p class=\"wp-block-paragraph\">Pero lo inaceptable, es que la polic\u00eda a la que le dispararon, una joven de 26 a\u00f1os y con hijos, estaba desarmada. Es decir, la mandaron de custodia a un veh\u00edculo con dinero, sin con qu\u00e9 defenderse y cuando apenas cinco d\u00edas antes, en Zit\u00e1cuaro, hubo un asalto a otra unidad de Bansefi y se llevaron un mill\u00f3n de pesos.<\/p>\n\n\n\n<p class=\"wp-block-paragraph\">Aqu\u00ed la responsabilidad de este drama, es de todas las autoridades, comenzando por el presidente municipal, Baltazar Gaona; de su director de polic\u00eda, del propio banco que no pide protecci\u00f3n federal, de la propia Secretar\u00eda de Seguridad P\u00fablica estatal que se desentiende del hecho.<\/p>\n\n\n\n<p class=\"wp-block-paragraph\">\u00bfY saben qu\u00e9? Ni una palabra del gobernador, del viejo don Balta, menos de su hijo, el diputado Baltazar Gaona Garc\u00eda. Nadie. A todos les vali\u00f3. Porque la vida de una pobre mujer polic\u00eda no les importa. Es m\u00e1s valioso irse de vacaciones y olvidar todo, mientras el cuerpo de Sandra Guadalupe era velado en su humilde vivienda.<\/p>\n\n\n\n<p class=\"wp-block-paragraph\">Pinche justicia y pinches leyes. Sirven para lo mismo\u2026<\/p>\n\n\n\n<p class=\"wp-block-paragraph\">Bibliograf\u00eda<\/p>\n\n\n\n<p class=\"wp-block-paragraph\">Riba, Gisela (2012) \u201cLa cr\u00edtica de la verdad en Nietzsche\u201d. Facultat d\u2019Humanitats. Universitat Pompeu Fabra. Recuperado en: &nbsp;<a href=\"https:\/\/repositori.upf.edu\/bitstream\/handle\/10230\/20466\/Riba_2012.pdf?sequence=1&amp;isAllowed=y\">https:\/\/repositori.upf.edu\/bitstream\/handle\/10230\/20466\/Riba_2012.pdf?sequence=1&amp;isAllowed=y<\/a><\/p>\n","protected":false},"excerpt":{"rendered":"<p>Bono a la \u201cchiquillada\u201d medi\u00e1tica Ni justicia ni ley para la polic\u00eda que enfrent\u00f3 criminales sin arma Martha Elba Torres SemM\u00e9xico.&nbsp; 22 de Abril 2019.- Justicia y ley. Dos palabras claves con las que el presidente L\u00f3pez Obrador vuelve a sacudir el pensamiento cr\u00edtico que exige claridad, precisi\u00f3n, equidad y evidencias, para evitar esas &nbsp;impresiones [&hellip;]<\/p>\n","protected":false},"author":3,"featured_media":7562,"comment_status":"open","ping_status":"open","sticky":false,"template":"","format":"standard","meta":{"_monsterinsights_skip_tracking":false,"footnotes":""},"categories":[690,99,90,35],"tags":[],"class_list":["post-7576","post","type-post","status-publish","format-standard","has-post-thumbnail","category-690","category-ambigu","category-martha-elba-torres-martinez","category-opinion"],"_links":{"self":[{"href":"https:\/\/redsemlac.com\/semmexico\/wp-json\/wp\/v2\/posts\/7576","targetHints":{"allow":["GET"]}}],"collection":[{"href":"https:\/\/redsemlac.com\/semmexico\/wp-json\/wp\/v2\/posts"}],"about":[{"href":"https:\/\/redsemlac.com\/semmexico\/wp-json\/wp\/v2\/types\/post"}],"author":[{"embeddable":true,"href":"https:\/\/redsemlac.com\/semmexico\/wp-json\/wp\/v2\/users\/3"}],"replies":[{"embeddable":true,"href":"https:\/\/redsemlac.com\/semmexico\/wp-json\/wp\/v2\/comments?post=7576"}],"version-history":[{"count":0,"href":"https:\/\/redsemlac.com\/semmexico\/wp-json\/wp\/v2\/posts\/7576\/revisions"}],"wp:featuredmedia":[{"embeddable":true,"href":"https:\/\/redsemlac.com\/semmexico\/wp-json\/wp\/v2\/media\/7562"}],"wp:attachment":[{"href":"https:\/\/redsemlac.com\/semmexico\/wp-json\/wp\/v2\/media?parent=7576"}],"wp:term":[{"taxonomy":"category","embeddable":true,"href":"https:\/\/redsemlac.com\/semmexico\/wp-json\/wp\/v2\/categories?post=7576"},{"taxonomy":"post_tag","embeddable":true,"href":"https:\/\/redsemlac.com\/semmexico\/wp-json\/wp\/v2\/tags?post=7576"}],"curies":[{"name":"wp","href":"https:\/\/api.w.org\/{rel}","templated":true}]}}